{"id":130016,"date":"2026-04-29T07:43:30","date_gmt":"2026-04-29T07:43:30","guid":{"rendered":"https:\/\/pressactu.com\/?p=130016"},"modified":"2026-04-29T07:43:30","modified_gmt":"2026-04-29T07:43:30","slug":"le-fcvl-en-deuil-manu-novais-ex-gardien-et-president-emblematique-du-club-seteint-a-61-ans-apres-une-vie-dediee-au-football","status":"publish","type":"post","link":"https:\/\/pressactu.com\/?p=130016","title":{"rendered":"Le FCVL en deuil\u00a0: Manu Novais, ex-gardien et pr\u00e9sident embl\u00e9matique du club, s\u2019\u00e9teint \u00e0 61 ans apr\u00e8s une vie d\u00e9di\u00e9e au football"},"content":{"rendered":"<p>\n                                                                    <span class=\"article-full__chapo-label hide-on-small-only\">l&#8217;essentiel<\/span><br \/>\n                                                                Le FCVL rend hommage \u00e0 Manu Novais, ancien gardien et pr\u00e9sident disparu \u00e0 61 ans. Figure du football local, il laisse derri\u00e8re lui un club marqu\u00e9 par son engagement et sa passion.\n                            <\/p>\n<div rel=\"js-article-content\" data-state=\"fixed-height\" data-selection=\"disabled\">\n                                                                                                                            <!-- Pub DFP Position [outstream] --><\/p>\n<p>Le FCVL pleure Manu Novais, figure embl\u00e9matique du club. En 1987 il fut gardien de but de l\u2019\u00e9quipe fanion jusqu\u2019en 2002. Passionn\u00e9 de ballon rond, c\u2019est tout naturellement qu\u2019il fut b\u00e9n\u00e9vole, dirigeant mais aussi \u00e9ducateur avant de prendre la pr\u00e9sidence du club en 2017. En 2019, suite \u00e0 un accident vasculaire c\u00e9r\u00e9bral, son \u00e9pouse Viviane prendra le relais et sera \u00e0 la t\u00eate du FCVL jusqu\u2019\u00e0 l\u2019\u00e9t\u00e9 2024.<\/p>\n<p><!-- Pub DFP Position [article] --><\/p>\n<p>Manu qui \u00e9tait aussi garagiste dans le quartier de Mar\u00e8s puis \u00e0 Eysses s\u2019est \u00e9teint \u00e0 l\u2019\u00e2ge de 61 ans. La D\u00e9p\u00eache pr\u00e9sente \u00e0 sa famille ses plus sinc\u00e8res condol\u00e9ances et apporte tout son soutien \u00e0 sa femme Viviane et \u00e0 son fils Alexis dans ce moment si douloureux. La s\u00e9pulture aura lieu ce jeudi 30\u00a0avril \u00e0 16\u00a0heures au cr\u00e9matorium d\u2019Allez et Cazeneuve.<\/p>\n<\/p><\/div>\n<p><a href=\"https:\/\/www.ladepeche.fr\/2026\/04\/29\/le-fcvl-en-deuil-manu-novais-ex-gardien-et-president-emblematique-du-club-seteint-a-61-ans-apres-une-vie-dediee-au-football-13348666.php\">source<\/a><\/p>\n","protected":false},"excerpt":{"rendered":"<p>l&#8217;essentiel Le FCVL rend hommage \u00e0 Manu Novais, ancien gardien et pr\u00e9sident disparu \u00e0 61 ans. Figure du football local, il laisse derri\u00e8re lui un club marqu\u00e9 par son engagement et sa passion. Le FCVL pleure Manu Novais, figure embl\u00e9matique du club. En 1987 il fut gardien de but de l\u2019\u00e9quipe fanion jusqu\u2019en 2002. Passionn\u00e9 [&hellip;]<\/p>\n","protected":false},"author":1,"featured_media":130017,"comment_status":"open","ping_status":"open","sticky":false,"template":"","format":"standard","meta":{"_monsterinsights_skip_tracking":false,"_monsterinsights_sitenote_active":false,"_monsterinsights_sitenote_note":"","_monsterinsights_sitenote_category":0,"footnotes":""},"categories":[71],"tags":[],"coauthors":[77],"class_list":["post-130016","post","type-post","status-publish","format-standard","has-post-thumbnail","hentry","category-sport"],"aioseo_notices":[],"_links":{"self":[{"href":"https:\/\/pressactu.com\/index.php?rest_route=\/wp\/v2\/posts\/130016","targetHints":{"allow":["GET"]}}],"collection":[{"href":"https:\/\/pressactu.com\/index.php?rest_route=\/wp\/v2\/posts"}],"about":[{"href":"https:\/\/pressactu.com\/index.php?rest_route=\/wp\/v2\/types\/post"}],"author":[{"embeddable":true,"href":"https:\/\/pressactu.com\/index.php?rest_route=\/wp\/v2\/users\/1"}],"replies":[{"embeddable":true,"href":"https:\/\/pressactu.com\/index.php?rest_route=%2Fwp%2Fv2%2Fcomments&post=130016"}],"version-history":[{"count":0,"href":"https:\/\/pressactu.com\/index.php?rest_route=\/wp\/v2\/posts\/130016\/revisions"}],"wp:featuredmedia":[{"embeddable":true,"href":"https:\/\/pressactu.com\/index.php?rest_route=\/wp\/v2\/media\/130017"}],"wp:attachment":[{"href":"https:\/\/pressactu.com\/index.php?rest_route=%2Fwp%2Fv2%2Fmedia&parent=130016"}],"wp:term":[{"taxonomy":"category","embeddable":true,"href":"https:\/\/pressactu.com\/index.php?rest_route=%2Fwp%2Fv2%2Fcategories&post=130016"},{"taxonomy":"post_tag","embeddable":true,"href":"https:\/\/pressactu.com\/index.php?rest_route=%2Fwp%2Fv2%2Ftags&post=130016"},{"taxonomy":"author","embeddable":true,"href":"https:\/\/pressactu.com\/index.php?rest_route=%2Fwp%2Fv2%2Fcoauthors&post=130016"}],"curies":[{"name":"wp","href":"https:\/\/api.w.org\/{rel}","templated":true}]}}