{"id":130008,"date":"2026-04-29T06:03:27","date_gmt":"2026-04-29T06:03:27","guid":{"rendered":"https:\/\/pressactu.com\/?p=130008"},"modified":"2026-04-29T06:03:27","modified_gmt":"2026-04-29T06:03:27","slug":"antoine-dupont-des-quil-est-moins-bon-on-le-dit-mediocre-le-joueur-du-stade-toulousain-est-il-moins-fort-depuis-son-retour-de-blessure","status":"publish","type":"post","link":"https:\/\/pressactu.com\/?p=130008","title":{"rendered":"Antoine Dupont\u00a0: &quot;D\u00e8s qu\u2019il est moins bon, on le dit m\u00e9diocre\u2026&quot; Le joueur du Stade Toulousain est-il &quot;moins fort&quot; depuis son retour de blessure\u00a0?"},"content":{"rendered":"<p>\n                                                                    <span class=\"article-full__chapo-label hide-on-small-only\">l&#8217;essentiel<\/span><br \/>\n                                                                Le demi de m\u00eal\u00e9e du Stade Toulousain revenu de blessure \u00e0 la fin de l\u2019automne, conna\u00eet actuellement une baisse de r\u00e9gime, au m\u00eame titre que son club, r\u00e9cemment \u00e9limin\u00e9 d\u00e8s les quarts de finale de la Champions Cup. Mais faut-il s\u2019inqui\u00e9ter des r\u00e9centes performances d\u2019Antoine Dupont\u00a0? Pas vraiment. Explications.\n                            <\/p>\n<div rel=\"js-article-content\" data-state=\"fixed-height\" data-selection=\"disabled\">\n                                                                                                                            <!-- Pub DFP Position [outstream] --><\/p>\n<p>Son statut fait forc\u00e9ment de lui l\u2019un des joueurs\u00a0les plus scrut\u00e9s dans le monde du ballon ovale. Il est d\u2019ailleurs le joueur dont les performances sont le plus comment\u00e9es.\u00a0Et quand le Stade Toulousain d\u00e9\u00e7oit sur le terrain, comme \u00e7a a \u00e9t\u00e9 le cas lors de l\u2019\u00e9limination en quart de finale de Champions Cup (face \u00e0 l\u2019UBB le 4\u00a0avril, 30-15) ou plus r\u00e9cemment au Stadium contre Clermont (26\u00a0avril, 27-24), le d\u00e9bat a tendance \u00e0 se recentrer sur la copie rendue par Antoine Dupont. De retour de blessure \u00e0 la fin de l\u2019automne dernier (29\u00a0novembre face au Racing), et alors qu\u2019il avait encha\u00een\u00e9 des performances \u00e9poustouflantes depuis sa reprise, le joueur de 29 ans traverse aujourd\u2019hui une p\u00e9riode plus d\u00e9licate.<\/p>\n<p><!-- Pub DFP Position [article] --><\/p>\n<p class=\"std-elt__inline\">\n        <strong>\u00c0 lire aussi :<\/strong><br \/>\n        <a href=\"\/2026\/04\/27\/stade-toulousain-on-va-laver-ce-quon-a-a-laver-entre-nous-quelle-est-cette-faute-que-les-joueurs-ont-commise-trois-fois-cette-saison-13345943.php\">Stade Toulousain\u00a0: &#8220;On va laver ce qu\u2019on a \u00e0 laver entre nous\u00a0!&#8221; Quelle est cette faute que les joueurs ont commise trois fois cette saison\u00a0?<\/a>\n    <\/p>\n<p>&#8220;C\u2019est toujours pareil, on fait toujours ressortir les performances individuelles quand le collectif va moins bien, peste l\u2019ancien ailier toulousain Vincent Clerc.\u00a0Aujourd\u2019hui il y a eu quelques contre-performances du Stade et du coup on va stigmatiser des joueurs.&#8221;\u00a0Moins tranchant dans ses choix, moins fantasque dans ses initiatives, moins surprenant pour ses adversaires\u2026 Force est de constater que le num\u00e9ro\u00a09 du Stade Toulousain est moins d\u00e9cisif sur le terrain depuis la fin de l\u2019hiver. Au point de s\u2019attirer les critiques d\u2019une partie du public sur les r\u00e9seaux sociaux. &#8220;Tout le monde est tr\u00e8s dur avec lui, ce que je peux comprendre, c\u2019est li\u00e9 \u00e0 son statut et il l\u2019assume compl\u00e8tement&#8221;, compl\u00e8te Poitrenaud. &#8220;Les gens sont un peu excessifs, abonde Vincent Clerc.\u00a0De toute fa\u00e7on, il n\u2019a de compte \u00e0 rendre \u00e0 personne \u00e0 part \u00e0 lui-m\u00eame, \u00e0 son staff et \u00e0 ses co\u00e9quipiers. Le reste ce sont des discussions de comptoir.&#8221;<\/p>\n<div class=\"center-align\" rel=\"js-article-inline-img\" data-protec-aida=\"image\">\n<figure class=\"std-img\" data-src=\"https:\/\/images.ladepeche.fr\/api\/v1\/images\/view\/69ef8a37204d733d2601ed63\/original\/image.jpg?v=1\">\n        <img decoding=\"async\" class=\"std-img__img responsive-img\" src=\"http:\/\/pressactu.com\/wp-content\/uploads\/2026\/04\/1777442607_655_image.jpg?v=1\" alt=\"Antoine Dupont n\u2019a pas trouv\u00e9 la solution face \u00e0 Clermont.\"\/><figcaption class=\"article-full__media-infos\">\n                <span class=\"article-full__media-legend\">Antoine Dupont n\u2019a pas trouv\u00e9 la solution face \u00e0 Clermont.<\/span><br \/>\n                                    <span class=\"article-full__media-author\">DDM &#8211; MARC SALVET<\/span><br \/>\n                            <\/figcaption><\/figure>\n<\/div>\n<h2 class=\"txt-int\">Il est reparti de z\u00e9ro<\/h2>\n<p>Parce qu\u2019il ne faut pas oublier que le gamin de Castelnau-Magnoac a fait face \u00e0 une tr\u00e8s grave blessure dont la r\u00e9\u00e9ducation prend beaucoup d\u2019\u00e9nergie. Pour rappel, il avait subi une rupture du ligament crois\u00e9 du genou droit le 8\u00a0mars 2025 avec l\u2019\u00e9quipe de France face \u00e0 l\u2019Irlande (c\u2019est la deuxi\u00e8me fois qu\u2019il fait face \u00e0 cette lourde blessure apr\u00e8s 2018). &#8220;Une telle blessure \u00e7a veut dire qu\u2019on repart de z\u00e9ro, il faut tout retravailler dans son corps, la musculature, l\u2019explosivit\u00e9, trouver ses rep\u00e8res sur le terrain, il y a aussi un facteur de stress, parce que quand au bout de 8 mois, 9 mois\u00a0on reprend sans avoir la certitude de retrouver son niveau, se rem\u00e9more Vincent Clerc qui a lui aussi fait face \u00e0 cette blessure dans sa carri\u00e8re.\u00a0Tout \u00e7a\u00a0prend beaucoup d\u2019\u00e9nergie et on le subit \u00e0 un moment donn\u00e9, c\u2019est pour \u00e7a qu\u2019il y a des matchs o\u00f9 il y a un peu de fatigue.&#8221;<\/p>\n<p class=\"std-elt__inline\">\n        <strong>\u00c0 lire aussi :<\/strong><br \/>\n        <a href=\"\/2026\/04\/18\/antoine-dupont-moins-bien-jaimerais-bien-avoir-son-niveau-samuse-baptiste-delaporte-capitaine-du-castres-olympique-a-propos-de-la-forme-actuelle-du-13331237.php\">Antoine Dupont moins bien\u00a0? &#8220;J\u2019aimerais bien avoir son niveau&#8221; s\u2019amuse Baptiste Delaporte, capitaine du Castres olympique, \u00e0 propos de la forme actuelle du joueur star du Stade Toulousain<\/a>\n    <\/p>\n<p>S\u2019il avait \u00e9t\u00e9 brillant d\u00e8s son retour et qu\u2019il avait grandement particip\u00e9 au sacre des Bleus lors du dernier Tournoi des VI Nations, il traverse depuis quelques semaines, un passage \u00e0 vide, qui n\u2019a \u00e9chapp\u00e9 \u00e0 personne. &#8220;Quand on revient d\u2019une blessure longue, on peut avoir un trou d\u2019air \u00e0 un moment donn\u00e9&#8221;, avait d\u2019ailleurs pr\u00e9venu le meilleur joueur du monde 2022 en conf\u00e9rence de presse le 4\u00a0avril dernier. Le probl\u00e8me, c\u2019est que quand on s\u2019appelle Antoine Dupont, le public s\u2019attend \u00e0 des envol\u00e9es d\u00e8s qu\u2019il touche le ballon. <a href=\"https:\/\/www.ladepeche.fr\/2026\/04\/17\/stade-toulousain-quand-on-repete-plusieurs-fois-les-memes-erreurs-ca-veut-dire-quil-y-a-quelque-chose-qui-ne-fonctionne-pas-lache-clement-poitrenaud-13328874.php\" target=\"_blank\">Et cela avait \u00e9t\u00e9 bien r\u00e9sum\u00e9 par l\u2019un de ses entra\u00eeneurs, Cl\u00e9ment Poitrenaud, le 17\u00a0avril dernier<\/a>. &#8220;C\u2019est le syndrome Michalak, s\u2019amusait l\u2019ancien arri\u00e8re des Bleus et du Stade Toulousain. Il\u00a0a\u00a0montr\u00e9 tellement de\u00a0choses incroyables que d\u00e8s qu\u2019il\u00a0est un peu moins bon, on le dit m\u00e9diocre.&#8221;<\/p>\n<h2 class=\"txt-int\">Ce que disent les chiffres<\/h2>\n<p>Mais que disent les chiffres de ses performances sur le terrain\u00a0? Nous avons compar\u00e9 ses statistiques avant sa blessure (entre 2024 et mars\u00a02025, 22 matchs) et depuis son retour (29\u00a0novembre 2025, 14 matchs)\u2026 Et elles sont assez surprenantes.<\/p>\n<p>Car l\u2019activit\u00e9 de &#8220;Toto&#8221; sur le pr\u00e9 n\u2019a pas diminu\u00e9.\u00a0Loin de l\u00e0. En se basant sur les rencontres disput\u00e9es avec Toulouse (Top 14 et Champions Cup) et avec les Bleus, il semble m\u00eame plus efficace depuis son retour. S\u2019il marque moins (0,65 essai marqu\u00e9 par match avant sa blessure contre 0,55) et qu\u2019il parcourt un peu moins de distance sur le terrain ballon en main 46m contre 48 avant son op\u00e9ration, il est en revanche plus pr\u00e9sent en d\u00e9fense\u00a0: 92\u00a0% de plaquages r\u00e9ussis contre 88\u00a0% avant mars\u00a02025.\u00a0De m\u00eame au niveau du nombre de d\u00e9fenseurs battus (4,5 par match contre 3,8), des passes apr\u00e8s contact (1,9 contre 1,4) sans parler des passes d\u00e9cisives o\u00f9 l\u00e0 aussi il a un meilleur\u00a0rendement qu\u2019avant sa blessure (1,2 contre 0,8 par rencontre).<\/p>\n<p class=\"std-elt__inline\">\n        <strong>\u00c0 lire aussi :<\/strong><br \/>\n        <a href=\"\/2026\/04\/17\/lavenir-du-stade-toulousain-ce-nest-pas-la-re-signature-dantoine-dupont-lavis-tranche-de-didier-lacroix-le-president-du-club-rouge-et-noir-13330869.php\">&#8220;L\u2019avenir du Stade Toulousain, ce n\u2019est pas la re-signature d\u2019Antoine Dupont&#8221;\u00a0: l\u2019avis tranch\u00e9 de Didier Lacroix, le pr\u00e9sident du club &#8220;rouge et noir&#8221;<\/a>\n    <\/p>\n<p>De quoi temp\u00e9rer les inqui\u00e9tudes de ses suiveurs. Antoine Dupont n\u2019a rien perdu de son niveau. Il fait juste face \u00e0 un petit trou d\u2019air\u00a0qui rappelle et \u00e7a ne fait pas de mal, qu\u2019il reste un \u00eatre humain.<\/p>\n<\/p><\/div>\n<p><a href=\"https:\/\/www.ladepeche.fr\/2026\/04\/28\/antoine-dupont-des-quil-est-moins-bon-on-le-dit-mediocre-le-joueur-du-stade-toulousain-est-il-moins-fort-depuis-son-retour-de-blessure-13346124.php\">source<\/a><\/p>\n","protected":false},"excerpt":{"rendered":"<p>l&#8217;essentiel Le demi de m\u00eal\u00e9e du Stade Toulousain revenu de blessure \u00e0 la fin de l\u2019automne, conna\u00eet actuellement une baisse de r\u00e9gime, au m\u00eame titre que son club, r\u00e9cemment \u00e9limin\u00e9 d\u00e8s les quarts de finale de la Champions Cup. Mais faut-il s\u2019inqui\u00e9ter des r\u00e9centes performances d\u2019Antoine Dupont\u00a0? Pas vraiment. Explications. Son statut fait forc\u00e9ment de [&hellip;]<\/p>\n","protected":false},"author":1,"featured_media":130009,"comment_status":"open","ping_status":"open","sticky":false,"template":"","format":"standard","meta":{"_monsterinsights_skip_tracking":false,"_monsterinsights_sitenote_active":false,"_monsterinsights_sitenote_note":"","_monsterinsights_sitenote_category":0,"footnotes":""},"categories":[71],"tags":[],"coauthors":[77],"class_list":["post-130008","post","type-post","status-publish","format-standard","has-post-thumbnail","hentry","category-sport"],"aioseo_notices":[],"_links":{"self":[{"href":"https:\/\/pressactu.com\/index.php?rest_route=\/wp\/v2\/posts\/130008","targetHints":{"allow":["GET"]}}],"collection":[{"href":"https:\/\/pressactu.com\/index.php?rest_route=\/wp\/v2\/posts"}],"about":[{"href":"https:\/\/pressactu.com\/index.php?rest_route=\/wp\/v2\/types\/post"}],"author":[{"embeddable":true,"href":"https:\/\/pressactu.com\/index.php?rest_route=\/wp\/v2\/users\/1"}],"replies":[{"embeddable":true,"href":"https:\/\/pressactu.com\/index.php?rest_route=%2Fwp%2Fv2%2Fcomments&post=130008"}],"version-history":[{"count":0,"href":"https:\/\/pressactu.com\/index.php?rest_route=\/wp\/v2\/posts\/130008\/revisions"}],"wp:featuredmedia":[{"embeddable":true,"href":"https:\/\/pressactu.com\/index.php?rest_route=\/wp\/v2\/media\/130009"}],"wp:attachment":[{"href":"https:\/\/pressactu.com\/index.php?rest_route=%2Fwp%2Fv2%2Fmedia&parent=130008"}],"wp:term":[{"taxonomy":"category","embeddable":true,"href":"https:\/\/pressactu.com\/index.php?rest_route=%2Fwp%2Fv2%2Fcategories&post=130008"},{"taxonomy":"post_tag","embeddable":true,"href":"https:\/\/pressactu.com\/index.php?rest_route=%2Fwp%2Fv2%2Ftags&post=130008"},{"taxonomy":"author","embeddable":true,"href":"https:\/\/pressactu.com\/index.php?rest_route=%2Fwp%2Fv2%2Fcoauthors&post=130008"}],"curies":[{"name":"wp","href":"https:\/\/api.w.org\/{rel}","templated":true}]}}