{"id":130005,"date":"2026-04-29T06:03:26","date_gmt":"2026-04-29T06:03:26","guid":{"rendered":"https:\/\/pressactu.com\/?p=130005"},"modified":"2026-04-29T06:03:26","modified_gmt":"2026-04-29T06:03:26","slug":"le-parlement-europeen-vote-pour-une-definition-harmonisee-du-viol-integrant-le-consentement","status":"publish","type":"post","link":"https:\/\/pressactu.com\/?p=130005","title":{"rendered":"Le Parlement europ\u00e9en vote pour une d\u00e9finition harmonis\u00e9e du viol, int\u00e9grant le consentement"},"content":{"rendered":"<div>\n<p class=\"authors latino-300b text-grey-600\">        <span>Par\u00a0<\/span> <span class=\"text-grey-800\" data-oncrawl-author=\"Le Nouvel Obs avec AFP\">Le Nouvel Obs avec AFP<\/span><\/p>\n<div class=\"d-flex flex-column flex-lg-row align-items-lg-center mt-4\">\n<p class=\"latino-300r d-inline-block pe-8 pb-4 pb-lg-0 text-grey-600 pe-8 border-end-lg\">   <time datetime=\"2026-04-28T15:06:18.000+02:00\" data-oncrawl-firstpublished=\"2026-04-28T15:06:18\"> Publi\u00e9 le\u00a028 avril 2026 \u00e0 15h06  <\/time>  <\/p>\n<p>   <time class=\"latino-300r text-grey-600 pt-8 pt-lg-0 ps-lg-8\" datetime=\"PT1M\"> Lecture\u00a0:\u00a01\u00a0min. <\/time>  <\/div>\n<figure class=\"hook-media--standard mt-24 mt-lg-32 \"> <picture class=\"hook-media_picture pb-8\"><source media=\"(max-width: 768px)\" srcset=\"https:\/\/focus.nouvelobs.com\/2026\/04\/28\/0\/0\/6003\/4002\/375\/250\/75\/0\/26875d4_upload-1-u6lrw1dmlnh1-000-a98428d.jpg 1x,https:\/\/focus.nouvelobs.com\/2026\/04\/28\/0\/0\/6003\/4002\/750\/500\/50\/0\/26875d4_upload-1-u6lrw1dmlnh1-000-a98428d.jpg 2x\" width=\"375\" height=\"250\"><img fetchpriority=\"high\" decoding=\"async\" class=\"mx-auto\" src=\"data:image\/svg+xml,%3Csvg%20xmlns%3D%27http%3A%2F%2Fwww.w3.org%2F2000%2Fsvg%27%20fill%3D%22%23e4e4e4%22%20viewBox%3D%270%200%20510%20340%27%20width%3D%22510%22%20height%3D%22340%22%3E%3Cpath%20d%3D%27M0%200h510v340H0z%27%2F%3E%3C%2Fsvg%3E\" srcset=\"https:\/\/focus.nouvelobs.com\/2026\/04\/28\/0\/0\/6003\/4002\/510\/340\/75\/0\/26875d4_upload-1-u6lrw1dmlnh1-000-a98428d.jpg 1x,https:\/\/focus.nouvelobs.com\/2026\/04\/28\/0\/0\/6003\/4002\/1020\/680\/50\/0\/26875d4_upload-1-u6lrw1dmlnh1-000-a98428d.jpg 2x\" loading=\"eager\" width=\"510\" height=\"340\" data-oncrawl-image-size=\"510x340\" alt=\"Des eurod\u00e9put\u00e9s lors du vote au Parlement europ\u00e9en \u00e0 Strasbourg, le 28\u00a0avril 2026.\"\/>   <\/source><\/picture><figcaption class=\"hook-media_figcaption\">\n<p class=\"latino-100m text-grey-600\">  Des eurod\u00e9put\u00e9s lors du vote au Parlement europ\u00e9en \u00e0 Strasbourg, le 28\u00a0avril 2026.\u00a0<span class=\"text-grey-600 ms-4\">JEAN-CHRISTOPHE VERHAEGEN \/ AFP<\/span>  <\/p>\n<\/figcaption><\/figure>\n<div class=\"article__share d-flex align-items-center py-24 border-bottom  py-16 mb-16 border-bottom\" style=\"--border-color:#D9D9D9;\">\n<div class=\"d-flex flex-wrap gap-16\">                                <button data-article-key=\"20260428.OBS114524\" aria-label=\"Lire\u00a0plus\u00a0tard\" data-section=\"Soci\u00e9t\u00e9\" data-piano=\"Page_Article,Sous_date_publi,A_lire_plus_tard,1er_clic,action\" class=\"popover-trigger btn--tertiary btn--icon-only btn btn--small btn--secondary read-later\"> <i class=\"icon  icon-read-after\" aria-hidden=\"true\"\/>  <span class=\"latino-300r mt-2 \"> Lire\u00a0plus\u00a0tard <\/span>  <\/button>        <a aria-label=\"Nous suivre sur Google News\" href=\"https:\/\/news.google.com\/publications\/CAAqBwgKMJe4nQkw3dFs?hl=fr&amp;gl=FR&amp;ceid=FR%3Afr\" target=\"_blank\" data-piano=\"Page_Article,Sous_date_publi,Nous_suivre_sur_google_news,1er_clic,action\" class=\"btn btn--small btn--tertiary btn--icon-only\">    <svg class=\"icon icon--google  \" style=\"--fill:#56668A\">   <use href=\"\/bucket\/resources\/web\/img\/e86dad2a9be111d0faac.svg#google\"\/>  <\/svg>   <span class=\"latino-300r mt-2 \">Google Actualit\u00e9s<\/span>  <\/a>     <button id=\"share\" aria-label=\"Partager\" class=\"popover-trigger btn btn--small btn--tertiary btn--icon-only\" data-piano=\"Page_Article,Sous_date_publi,Partager,1er_clic,action\">    <svg class=\"icon icon--share-alt  \" style=\"--fill:var(--base-foreground-color,#171717)\">   <use href=\"\/bucket\/resources\/web\/img\/e86dad2a9be111d0faac.svg#share-alt\"\/>  <\/svg>  <span class=\"latino-300r mt-2\">Partager<\/span> <\/button> <\/p>\n<div id=\"popover-share\" data-url=\"https:\/\/www.nouvelobs.com\/societe\/20260428.OBS114524\/le-parlement-europeen-vote-pour-une-definition-harmonisee-du-viol-integrant-le-consentement.html\" data-id=\"20260428.OBS114524\" data-popover-for=\"share\" class=\"popover p-32\" role=\"tooltip\" style=\"width: 375px\">\n<p>  <button onclick=\"setToFacebook();\" class=\"btn btn--large btn--secondary\" aria-label=\"Facebook\" piano-context-origin=\"Page_Article,Sous_date_publi,Partager,Facebook,action\">    <svg class=\"icon icon--facebook  \" style=\"--fill:var(--base-foreground-color,#171717)\">   <use href=\"\/bucket\/resources\/web\/img\/e86dad2a9be111d0faac.svg#facebook\"\/>  <\/svg>  <span class=\"latino-300r\">Facebook<\/span> <\/button> <button onclick=\"setToBsky();\" class=\"btn btn--large btn--secondary\" aria-label=\"Bluesky\" piano-context-origin=\"Page_Article,Sous_date_publi,Partager,Bluesky,action\">    <svg class=\"icon icon--bluesky  \" style=\"--fill:var(--base-foreground-color,#171717)\">   <use href=\"\/bucket\/resources\/web\/img\/e86dad2a9be111d0faac.svg#bluesky\"\/>  <\/svg>  <span class=\"latino-300r\">Bluesky<\/span> <\/button> <button id=\"mail-button\" onclick=\"setToMail(true)\" class=\"btn btn--large btn--secondary\" aria-label=\"Mail\" piano-context-origin=\"Page_Article,Sous_date_publi,Partager,Email,action\">    <svg class=\"icon icon--mail  \" style=\"--fill:var(--base-foreground-color,#171717)\">   <use href=\"\/bucket\/resources\/web\/img\/e86dad2a9be111d0faac.svg#mail\"\/>  <\/svg>  <span class=\"latino-300r\">E-mail<\/span> <\/button> <button onclick=\"setToClipboard();\" class=\"copy-button btn btn--large btn--secondary\" aria-label=\"copier le lien\" piano-context-origin=\"Page_Article,Sous_date_publi,Partager,Copier_lien,action\">    <svg class=\"icon icon--link  \" style=\"--fill:var(--base-foreground-color,#171717)\">   <use href=\"\/bucket\/resources\/web\/img\/e86dad2a9be111d0faac.svg#link\"\/>  <\/svg>  <span class=\"latino-300r\">Copier le lien<\/span> <\/button>  <\/p>\n<p> <button id=\"share-mail-submit\" type=\"submit\" form=\"mail-form\" onclick=\"__forecast.collectShareMail()\" class=\"latino-300r btn btn--large btn--black btn--fit\"> Envoyer <\/button> <\/p>\n<\/p><\/div>\n<p>                    <span data-urlencode=\"L2Fib25uZW1lbnQtYXZyaWwtMjAyNg==\" data-piano=\"Page_Article,Sous_date_publi,S_abonner_Printemps2026,1er_clic,action\" data-batch=\"clic_s_abonner\" class=\"btn btn--small btn--conversion-secondary\" style=\"--btn-color:#FFF;--btn-color-hover:#FFF;--btn-bg:#FC5F2B;--btn-bg-hover:#FC5F2B;--btn-bg-focus:#FC5F2B;--btn-border-color:#522DF7;\"> S\u2019abonner <\/span>       <\/div>\n<\/p><\/div>\n<p class=\"node__paragraphe antonia-750r text-grey-800 pb-24 pb-md-32\"> Le Parlement europ\u00e9en a appel\u00e9 ce mardi 28\u00a0avril Bruxelles \u00e0 \u00e9laborer, <em>\u00ab\u00a0dans les plus brefs d\u00e9lais\u00a0\u00bb<\/em>, une d\u00e9finition commune du viol, int\u00e9grant explicitement la notion de <a href=\"https:\/\/www.nouvelobs.com\/idees\/20251029.OBS109257\/consentement-dans-la-loi-desormais-la-loi-nous-permettra-de-proteger-une-femme-qui-n-a-pas-reussi-a-se-defendre.html\">consentement<\/a>. Ce vote, soutenu par une grande majorit\u00e9 d\u2019eurod\u00e9put\u00e9s, a \u00e9t\u00e9 accueilli par des applaudissements nourris au sein de l\u2019h\u00e9micycle, \u00e0 Strasbourg. <\/p>\n<p class=\"node__paragraphe antonia-750r text-grey-800 pb-24 pb-md-32\"> L\u2019Union europ\u00e9enne a adopt\u00e9 il y a deux ans son premier texte destin\u00e9 \u00e0 lutter contre les violences faites aux femmes. Celui-ci criminalise au niveau europ\u00e9en les mutilations g\u00e9nitales f\u00e9minines, le mariage forc\u00e9, le partage non consenti d\u2019images intimes ou encore le cyberharc\u00e8lement. <\/p>\n<p class=\"node__paragraphe antonia-750r text-grey-800 pb-24 pb-md-32\"> Mais, malgr\u00e9 de tr\u00e8s longues n\u00e9gociations, l\u2019UE avait \u00e9chou\u00e9 \u00e0 int\u00e9grer la question du viol, en l\u2019absence de consensus sur sa d\u00e9finition juridique. <\/p>\n<p class=\"node__paragraphe antonia-750r text-grey-800 pb-24 pb-md-32\"> C\u2019est sur ce dossier que les eurod\u00e9put\u00e9s ont pouss\u00e9 mardi, r\u00e9clamant que la Commission europ\u00e9enne propose d\u00e9sormais une d\u00e9finition harmonis\u00e9e, <em>\u00ab\u00a0fond\u00e9e sur l\u2019absence de consentement libre, \u00e9clair\u00e9 et r\u00e9vocable\u00a0\u00bb<\/em>. <\/p>\n<h2 class=\"node__heading latino-800m latino-lg-1400e text-grey-800 pb-8 pb-md-16\"> Allusion \u00e0 Gis\u00e8le Pelicot <\/h2>\n<p class=\"node__paragraphe antonia-750r text-grey-800 pb-24 pb-md-32\"> Le texte fait notamment une allusion directe <a href=\"https:\/\/www.nouvelobs.com\/societe\/20260211.OBS112302\/gisele-pelicot-naissance-d-une-feministe.html\">\u00e0 Gis\u00e8le Pelicot<\/a>, devenue une figure mondiale de la lutte contre les violences sexuelles. <\/p>\n<p class=\"node__paragraphe antonia-750r text-grey-800 pb-24 pb-md-32\"> Pour ces \u00e9lus, cette affaire dans laquelle le consentement avait pris une place centrale, <em>\u00ab\u00a0met en \u00e9vidence l\u2019insuffisance des d\u00e9finitions du viol fond\u00e9es sur la contrainte\u00a0\u00bb<\/em>. <\/p>\n<p class=\"node__paragraphe antonia-750r text-grey-800 pb-24 pb-md-32\"> C\u2019est <em>\u00ab\u00a0un signal politique fort envoy\u00e9 aux victimes de violence et \u00e0 la Commission europ\u00e9enne\u00a0\u00bb<\/em>, a soulign\u00e9 l\u2019eurod\u00e9put\u00e9e \u00e9cologiste M\u00e9lissa Camara aupr\u00e8s de l\u2019AFP. <\/p>\n<p class=\"node__paragraphe antonia-750r text-grey-800 pb-24 pb-md-32\"> Sollicit\u00e9e par l\u2019AFP, la Commission n\u2019a pas dit dans l\u2019imm\u00e9diat si elle comptait acc\u00e9der \u00e0 cette demande des eurod\u00e9put\u00e9s. <\/p>\n<p class=\"node__paragraphe antonia-750r text-grey-800 pb-24 pb-md-32\"> La France a int\u00e9gr\u00e9 la notion de consentement \u00e0 sa d\u00e9finition du viol <a href=\"https:\/\/www.nouvelobs.com\/societe\/20251029.OBS109258\/quand-vous-ne-dites-pas-oui-c-est-non-le-consentement-entre-dans-la-definition-penale-du-viol-apres-un-ultime-vote-au-parlement.html\">\u00e0 l\u2019automne dernier, <\/a>quelques mois apr\u00e8s le retentissant <a href=\"https:\/\/www.nouvelobs.com\/societe\/20260113.OBS111469\/elle-nous-a-dit-quand-je-prends-une-decision-je-ne-reviens-pas-dessus-l-histoire-du-refus-du-huis-clos-de-gisele-pelicot.html\">proc\u00e8s des viols de Mazan<\/a>. <\/p>\n<div class=\"article__author pb-32\">\n<p class=\"authors latino-600m text-grey-800\">        <span>Par\u00a0<\/span> Le Nouvel Obs avec AFP<\/p>\n<\/p><\/div>\n<\/p><\/div>\n<p><a href=\"https:\/\/www.nouvelobs.com\/societe\/20260428.OBS114524\/le-parlement-europeen-vote-pour-une-definition-harmonisee-du-viol-integrant-le-consentement.html\">source<\/a><\/p>\n","protected":false},"excerpt":{"rendered":"<p>Par\u00a0 Le Nouvel Obs avec AFP Publi\u00e9 le\u00a028 avril 2026 \u00e0 15h06 Lecture\u00a0:\u00a01\u00a0min. Des eurod\u00e9put\u00e9s lors du vote au Parlement europ\u00e9en \u00e0 Strasbourg, le 28\u00a0avril 2026.\u00a0JEAN-CHRISTOPHE VERHAEGEN \/ AFP Lire\u00a0plus\u00a0tard Google Actualit\u00e9s Partager Facebook Bluesky E-mail Copier le lien Envoyer S\u2019abonner Le Parlement europ\u00e9en a appel\u00e9 ce mardi 28\u00a0avril Bruxelles \u00e0 \u00e9laborer, \u00ab\u00a0dans les plus [&hellip;]<\/p>\n","protected":false},"author":1,"featured_media":130006,"comment_status":"open","ping_status":"open","sticky":false,"template":"","format":"standard","meta":{"_monsterinsights_skip_tracking":false,"_monsterinsights_sitenote_active":false,"_monsterinsights_sitenote_note":"","_monsterinsights_sitenote_category":0,"footnotes":""},"categories":[75],"tags":[],"coauthors":[77],"class_list":["post-130005","post","type-post","status-publish","format-standard","has-post-thumbnail","hentry","category-monde"],"aioseo_notices":[],"_links":{"self":[{"href":"https:\/\/pressactu.com\/index.php?rest_route=\/wp\/v2\/posts\/130005","targetHints":{"allow":["GET"]}}],"collection":[{"href":"https:\/\/pressactu.com\/index.php?rest_route=\/wp\/v2\/posts"}],"about":[{"href":"https:\/\/pressactu.com\/index.php?rest_route=\/wp\/v2\/types\/post"}],"author":[{"embeddable":true,"href":"https:\/\/pressactu.com\/index.php?rest_route=\/wp\/v2\/users\/1"}],"replies":[{"embeddable":true,"href":"https:\/\/pressactu.com\/index.php?rest_route=%2Fwp%2Fv2%2Fcomments&post=130005"}],"version-history":[{"count":0,"href":"https:\/\/pressactu.com\/index.php?rest_route=\/wp\/v2\/posts\/130005\/revisions"}],"wp:featuredmedia":[{"embeddable":true,"href":"https:\/\/pressactu.com\/index.php?rest_route=\/wp\/v2\/media\/130006"}],"wp:attachment":[{"href":"https:\/\/pressactu.com\/index.php?rest_route=%2Fwp%2Fv2%2Fmedia&parent=130005"}],"wp:term":[{"taxonomy":"category","embeddable":true,"href":"https:\/\/pressactu.com\/index.php?rest_route=%2Fwp%2Fv2%2Fcategories&post=130005"},{"taxonomy":"post_tag","embeddable":true,"href":"https:\/\/pressactu.com\/index.php?rest_route=%2Fwp%2Fv2%2Ftags&post=130005"},{"taxonomy":"author","embeddable":true,"href":"https:\/\/pressactu.com\/index.php?rest_route=%2Fwp%2Fv2%2Fcoauthors&post=130005"}],"curies":[{"name":"wp","href":"https:\/\/api.w.org\/{rel}","templated":true}]}}