{"id":130003,"date":"2026-04-29T04:56:31","date_gmt":"2026-04-29T04:56:31","guid":{"rendered":"https:\/\/pressactu.com\/?p=130003"},"modified":"2026-04-29T04:56:31","modified_gmt":"2026-04-29T04:56:31","slug":"cetait-une-aubaine-apres-45-ans-dactivite-a-tarbes-le-cordonnier-tony-prend-la-retraite-et-passe-la-main-a-sa-voisine","status":"publish","type":"post","link":"https:\/\/pressactu.com\/?p=130003","title":{"rendered":"&quot; C\u2019\u00e9tait une aubaine &quot;\u00a0: apr\u00e8s 45 ans d\u2019activit\u00e9 \u00e0 Tarbes, le cordonnier Tony prend la retraite et passe la main\u2026 \u00e0 sa voisine"},"content":{"rendered":"<p>\n                                                                    <span class=\"article-full__chapo-label hide-on-small-only\">l&#8217;essentiel<\/span><br \/>\n                                                                \u00c0 Tarbes, le cordonnier Tony prend sa retraite le 27\u00a0juin. Une repreneuse s\u2019est manifest\u00e9e in extremis pour reprendre l\u2019activit\u00e9\u00a0: sa voisine, commer\u00e7ante elle aussi, veut continuer la belle histoire.\n                            <\/p>\n<div rel=\"js-article-content\" data-state=\"fixed-height\" data-selection=\"disabled\">\n                                                                                                                            <!-- Pub DFP Position [outstream] --><\/p>\n<p>Il a ouvert le 1 avril 1981 et ce n\u2019\u00e9tait pas un poisson d\u2019avril. La preuve, quarante-cinq ans plus tard, Tony Lopez est toujours l\u00e0, rue Brauhauban, \u00e0 la t\u00eate de sa cordonnerie historique. Mais plus pour longtemps\u2026 &#8221; Je suis ce que l\u2019on appelle un retrait\u00e9 actif. Je cherche un repreneur depuis d\u00e9j\u00e0 deux ans et malgr\u00e9 plusieurs visites et m\u00eame des n\u00e9gociations, je n\u2019ai trouv\u00e9 personne &#8220;, raconte l\u2019artisan. \u00c7a ne tiendrait qu\u2019\u00e0 Tony, la cordonnerie continuerait encore un peu\u2026 Mais Christine, sa femme et associ\u00e9e, estime qu\u2019il a d\u00e9j\u00e0 assez tir\u00e9 sur la corde comme \u00e7a.<\/p>\n<p><!-- Pub DFP Position [article] --><\/p>\n<p>&#8221; Si elle ne m\u2019avait pas frein\u00e9, j\u2019y serais encore. Mais il a fallu me faire une raison, \u00e0 70 ans, il est temps de passer \u00e0 autre chose &#8220;, s\u2019est r\u00e9sign\u00e9 le cordonnier de la rue Brauhauban, lui qui s\u2019est lev\u00e9 tous les matins pendant 45 ans avec &#8221; l\u2019envie &#8220;. &#8221; On a d\u2019abord ouvert en face, \u00e0 la place de l\u2019ancien Pier Import. On a d\u00e9m\u00e9nag\u00e9 4 fois en tout, mais toujours dans la m\u00eame rue &#8220;, se souvient-il. \u00c0 l\u2019ouverture de son commerce, Tarbes compte 15 cordonniers entre la place Marcadieu et la place Verdun. La rue Brauhauban est m\u00eame rebaptis\u00e9e rue des m\u00e9tiers par les initi\u00e9s tant elle compte de boulangerie, de p\u00e2tissiers\u2026 Aujourd\u2019hui, le centre ne compte plus que 3 cordonniers.<\/p>\n<div class=\"center-align\" rel=\"js-article-inline-img\" data-protec-aida=\"image\">\n<figure class=\"std-img\" data-src=\"https:\/\/images.ladepeche.fr\/api\/v1\/images\/view\/69f0ca6364f8e14e9807c6a2\/original\/image.jpg?v=1\">\n        <img decoding=\"async\" class=\"std-img__img responsive-img\" src=\"http:\/\/pressactu.com\/wp-content\/uploads\/2026\/04\/1777438591_672_image.jpg?v=1\" alt=\"Marie Daunay rach\u00e8te le fonds de commerce, Virginie Belmonte sera form\u00e9e par Tony Lopez pour devenir la nouvelle cordonni\u00e8re.\"\/><figcaption class=\"article-full__media-infos\">\n                <span class=\"article-full__media-legend\">Marie Daunay rach\u00e8te le fonds de commerce, Virginie Belmonte sera form\u00e9e par Tony Lopez pour devenir la nouvelle cordonni\u00e8re.<\/span><br \/>\n                                    <span class=\"article-full__media-author\">Manon Adoue<\/span><br \/>\n                            <\/figcaption><\/figure>\n<\/div>\n<p>Au d\u00e9part, Tony propose de reproduire des cl\u00e9s, assure tampons et gravures. &#8221; Mais en r\u00e9alit\u00e9, on avait tellement de boulot dans la r\u00e9paration de chaussures qu\u2019on a choisi de ne faire\u00a0que \u00e7a &#8220;, d\u00e9taille-t-il. En t\u00e9moignent ses \u00e9tag\u00e8res remplies lors de notre visite\u00a0: le bac des chaussures r\u00e9par\u00e9es est aussi plein que celles \u00e0 r\u00e9parer. Mais depuis quelques ann\u00e9es, Tony et Christine ont ralenti le rythme.. et les horaires d\u2019ouverture. &#8221; On laissait fermer juillet ao\u00fbt, on prenait du temps pour No\u00ebl, pour mai &#8220;, pr\u00e9cisent les g\u00e9rants. Et puis, un matin d\u2019hiver, une discussion sur un bout de trottoir avec Marie Daunay qui vient d\u2019ouvrir Les vies pr\u00e9cieuses \u00e0 seulement deux num\u00e9ros de l\u00e0, va prendre un tournant d\u00e9cisif.<\/p>\n<h2 class=\"txt-int\">Une cagnotte en ligne<\/h2>\n<p>&#8221; Quand on a appris que faute de repreneur, il allait fermer boutique \u00e7a m\u2019a d\u00e9sol\u00e9. C\u2019est un savoir-faire qui ne devrait pas se perdre. J\u2019ai ouvert une brocante-friperie car je suis engag\u00e9e dans l\u2019\u00e9conomie circulaire, pour moi, cette reprise s\u2019inscrit dans la continuit\u00e9 de ce que je d\u00e9fends\u00a0&#8220;, explique la commer\u00e7ante. La retraite est pr\u00e9vue le 27\u00a0juin. Le projet de reprise est lanc\u00e9. \u00c0 condition de r\u00e9unir l\u2019argent (30\u00a0000\u00a0euros le fonds de commerce), Marie Daunay\u00a0devrait prendre la t\u00eate de l\u2019enseigne et installer Virginie Belmonte, actuellement b\u00e9n\u00e9vole au secours catholique et sp\u00e9cialis\u00e9e dans la r\u00e9paration, sur la chaise de cordonni\u00e8re.<\/p>\n<p>&#8221; Tony s\u2019est engag\u00e9 \u00e0 la former, le temps qu\u2019il faudra et rester \u00e0 ses c\u00f4t\u00e9s pour la transition &#8220;, se r\u00e9jouit la g\u00e9rante. &#8221; Pour moi, c\u2019\u00e9tait une aubaine. Je ne m\u2019y attendais plus. Ici, on vient voir Tony, c\u2019est pour\u00a0cela que je vends aussi mon nom, mon enseigne, mon mat\u00e9riel &#8220;. Pour sauver l\u2019\u00e9choppe bien connue rest\u00e9e dans son jus avec la sonnette sur le comptoir, le m\u00e8tre de couture qui pend au mur et l\u2019absence de terminal de paiement, Marie Daunay a lanc\u00e9 <a href=\"https:\/\/fr.ulule.com\/sauvons-la-cordonnerie-tony\/\" target=\"_blank\">une cagnotte en ligne<\/a>. &#8221; Je demande 5\u00a0000\u00a0euros pour m\u2019aider dans l\u2019investissement &#8220;, note-t-elle. De son c\u00f4t\u00e9, Tony se pr\u00e9pare, presque, \u00e0 la retraite. Non sans pincement au coeur\u00a0: &#8221; C\u2019est un m\u00e9tier prenant, on aime le cuir, les r\u00e9parations. Et les clients vont me manquer &#8220;.<\/p>\n<\/p><\/div>\n<p><a href=\"https:\/\/www.ladepeche.fr\/2026\/04\/28\/cetait-une-aubaine-apres-45-ans-dactivite-a-tarbes-le-cordonnier-tony-prend-la-retraite-et-passe-la-main-a-sa-voisine-13347626.php\">source<\/a><\/p>\n","protected":false},"excerpt":{"rendered":"<p>l&#8217;essentiel \u00c0 Tarbes, le cordonnier Tony prend sa retraite le 27\u00a0juin. Une repreneuse s\u2019est manifest\u00e9e in extremis pour reprendre l\u2019activit\u00e9\u00a0: sa voisine, commer\u00e7ante elle aussi, veut continuer la belle histoire. Il a ouvert le 1 avril 1981 et ce n\u2019\u00e9tait pas un poisson d\u2019avril. La preuve, quarante-cinq ans plus tard, Tony Lopez est toujours l\u00e0, [&hellip;]<\/p>\n","protected":false},"author":1,"featured_media":130004,"comment_status":"open","ping_status":"open","sticky":false,"template":"","format":"standard","meta":{"_monsterinsights_skip_tracking":false,"_monsterinsights_sitenote_active":false,"_monsterinsights_sitenote_note":"","_monsterinsights_sitenote_category":0,"footnotes":""},"categories":[74],"tags":[],"coauthors":[77],"class_list":["post-130003","post","type-post","status-publish","format-standard","has-post-thumbnail","hentry","category-economie"],"aioseo_notices":[],"_links":{"self":[{"href":"https:\/\/pressactu.com\/index.php?rest_route=\/wp\/v2\/posts\/130003","targetHints":{"allow":["GET"]}}],"collection":[{"href":"https:\/\/pressactu.com\/index.php?rest_route=\/wp\/v2\/posts"}],"about":[{"href":"https:\/\/pressactu.com\/index.php?rest_route=\/wp\/v2\/types\/post"}],"author":[{"embeddable":true,"href":"https:\/\/pressactu.com\/index.php?rest_route=\/wp\/v2\/users\/1"}],"replies":[{"embeddable":true,"href":"https:\/\/pressactu.com\/index.php?rest_route=%2Fwp%2Fv2%2Fcomments&post=130003"}],"version-history":[{"count":0,"href":"https:\/\/pressactu.com\/index.php?rest_route=\/wp\/v2\/posts\/130003\/revisions"}],"wp:featuredmedia":[{"embeddable":true,"href":"https:\/\/pressactu.com\/index.php?rest_route=\/wp\/v2\/media\/130004"}],"wp:attachment":[{"href":"https:\/\/pressactu.com\/index.php?rest_route=%2Fwp%2Fv2%2Fmedia&parent=130003"}],"wp:term":[{"taxonomy":"category","embeddable":true,"href":"https:\/\/pressactu.com\/index.php?rest_route=%2Fwp%2Fv2%2Fcategories&post=130003"},{"taxonomy":"post_tag","embeddable":true,"href":"https:\/\/pressactu.com\/index.php?rest_route=%2Fwp%2Fv2%2Ftags&post=130003"},{"taxonomy":"author","embeddable":true,"href":"https:\/\/pressactu.com\/index.php?rest_route=%2Fwp%2Fv2%2Fcoauthors&post=130003"}],"curies":[{"name":"wp","href":"https:\/\/api.w.org\/{rel}","templated":true}]}}