{"id":129998,"date":"2026-04-29T04:22:36","date_gmt":"2026-04-29T04:22:36","guid":{"rendered":"https:\/\/pressactu.com\/?p=129998"},"modified":"2026-04-29T04:22:36","modified_gmt":"2026-04-29T04:22:36","slug":"une-fierte-pour-un-petit-comite-arbitre-des-hautes-pyrenees-adrien-sohier-etait-au-sifflet-dune-finale-a-bercy","status":"publish","type":"post","link":"https:\/\/pressactu.com\/?p=129998","title":{"rendered":"&quot;Une fiert\u00e9 pour un petit comit\u00e9&quot;\u00a0: arbitre des Hautes-Pyr\u00e9n\u00e9es, Adrien Sohier \u00e9tait au sifflet d\u2019une finale \u00e0 Bercy"},"content":{"rendered":"<p>\n                                                                    <span class=\"article-full__chapo-label hide-on-small-only\">l&#8217;essentiel<\/span><br \/>\n                                                                Arbitre de basket-ball depuis ses 14 ans, le Bigourdan Adrien Sohier revient sur son exp\u00e9rience unique qu\u2019il a v\u00e9cue \u00e0 Bercy, vendredi soir, au sifflet lors de la finale de la Coupe de France f\u00e9minine de Nationale 1.\n                            <\/p>\n<div rel=\"js-article-content\" data-state=\"fixed-height\" data-selection=\"disabled\">\n                                                                                                                            <!-- Pub DFP Position [outstream] --><\/p>\n<p class=\"txt-question\">Adrien Sohier, d\u00e9j\u00e0 on peut dire que c\u2019est une performance d\u2019\u00eatre s\u00e9lectionn\u00e9 comme \u00e0 arbitre pour une finale \u00e0 Bercy\u00a0?<\/p>\n<p><!-- Pub DFP Position [article] --><\/p>\n<p>C\u2019\u00e9tait la premi\u00e8re fois depuis dix ans que j\u2019arbitre \u00e0 ce niveau, et \u00eatre d\u00e9sign\u00e9 pour Bercy, c\u2019est une vraie reconnaissance. Les d\u00e9signations concernent les huit meilleurs arbitres du niveau national, un par zone g\u00e9ographique. La France est d\u00e9coup\u00e9e en huit zones, et les premiers de chaque zone sont retenus. C\u2019est une s\u00e9lection exigeante qui est bas\u00e9e sur nos performances en tant qu\u2019arbitre sur chaque match.<\/p>\n<p class=\"txt-question\">Car, il faut le rappeler, les arbitres sont \u00e9valu\u00e9s<\/p>\n<p>Chaque saison, nous avons plusieurs matchs not\u00e9s. En g\u00e9n\u00e9ral, quatre rencontres sont observ\u00e9es et not\u00e9es dans l\u2019ann\u00e9e. Ces notes d\u00e9terminent notre classement. Donc oui, \u00eatre \u00e0 Bercy, ce n\u2019est pas le fruit du hasard, c\u2019est le r\u00e9sultat d\u2019un travail r\u00e9gulier.<\/p>\n<p class=\"txt-question\">Qu\u2019avez-vous ressenti en vivant cette finale de Coupe de France\u00a0?<\/p>\n<p>C\u2019est tr\u00e8s gratifiant. Pour un arbitre, c\u2019est le sommet de la comp\u00e9tition nationale. C\u2019est un honneur d\u2019y participer, de d\u00e9couvrir l\u2019ambiance et\u00a0les coulisses d\u2019une salle mythique comme Bercy. C\u2019est impressionnant aussi par tout le contexte car il y a la t\u00e9l\u00e9vision, tout un protocole particulier qu\u2019on ne vit pas ailleurs. On sent que c\u2019est un jour sp\u00e9cial et c\u2019est une exp\u00e9rience marquante.<\/p>\n<p class=\"txt-question\">On imagine que l\u2019ambiance est tr\u00e8s diff\u00e9rente d\u2019un match de championnat en local\u00a0?<\/p>\n<p>Compl\u00e8tement. Dans nos salles r\u00e9gionales, on a les murs tout pr\u00e8s, c\u2019est plus intime (rire). \u00c0 Bercy, tout est d\u00e9mesur\u00e9. Et puis, il y a la c\u00e9r\u00e9monie, la remise des m\u00e9dailles, les officiels, la lumi\u00e8re. Tous les arbitres et officiels re\u00e7oivent la m\u00eame m\u00e9daille que les \u00e9quipes, c\u2019est une belle reconnaissance.<\/p>\n<p class=\"txt-question\">C\u2019est important pour vous\u00a0?<\/p>\n<p>Oui, parce que les arbitres travaillent dans l\u2019ombre. On ne fait pas de bruit, on fait notre travail et on s\u2019en va. C\u2019est un r\u00f4le solitaire\u00a0: on change de coll\u00e8gue chaque week-end, on fait beaucoup de route seul. Alors, \u00eatre mis un peu en lumi\u00e8re, c\u2019est agr\u00e9able. Mais on ne fait pas \u00e7a pour la reconnaissance. Si c\u2019\u00e9tait le cas, on arr\u00eaterait vite.\u00a0L\u2019arbitrage c\u2019est avant tout une passion.<\/p>\n<p class=\"txt-question\">Que vous pratiquez depuis longtemps\u00a0?<\/p>\n<p>J\u2019ai 32 ans et j\u2019ai commenc\u00e9 \u00e0 14 ans. Cela fait donc dix-huit ans, dont dix \u00e0 ce niveau. Mais, avant tout j\u2019aime le basket et l\u2019arbitrage me permet de rester dans ce milieu. C\u2019est un travail de l\u2019ombre, mais il faut \u00eatre performant, g\u00e9rer les tensions, d\u00e9samorcer les conflits. C\u2019est exigeant, mais passionnant. Et je suis investi au comit\u00e9 des Hautes-Pyr\u00e9n\u00e9es comme premier vice-pr\u00e9sident.<\/p>\n<p class=\"txt-question\">Un Comit\u00e9 bien repr\u00e9sent\u00e9 puisqu\u2019il y avait un autre de ses membres \u00e0 la table de marque.<\/p>\n<p>On peut dire que c\u2019est une fiert\u00e9 pour un petit comit\u00e9 comme le n\u00f4tre, avec 2\u00a0500 licenci\u00e9s, d\u2019avoir deux officiels \u00e0 ce niveau\u00a0: Geoffrey Sachs \u00e0 la table de marque et moi \u00e0 l\u2019arbitrage. C\u2019est une belle reconnaissance collective d\u2019autant que lui, aussi, est \u00e9lu au Comit\u00e9. On a eu un gentil message de notre pr\u00e9sident Andr\u00e9 Boyrie, le matin des finales pour nous souhaiter un bon week-end et profiter du moment.<\/p>\n<p class=\"txt-question\">Cette visibilit\u00e9 peut-elle aider \u00e0 provoquer des vocations dans des r\u00f4les souvent difficiles\u00a0?<\/p>\n<p>Peut-\u00eatre un peu. \u00c0 la table de marque, ce sont des postes encore plus dans l\u2019ombre que celui d\u2019arbitre. Mais \u00e0 Bercy, tout le monde est r\u00e9compens\u00e9\u00a0: les arbitres, les marqueurs, les statisticiens. En ce sens, c\u2019est une belle mise en valeur du travail collectif. On forme une vraie \u00e9quipe, chacun a son r\u00f4le.<\/p>\n<p class=\"txt-question\">Vous \u00eates pass\u00e9 d\u2019une finale \u00e0 Bercy \u00e0 un match \u00e0 Ossun le lendemain. Pas trop de d\u00e9calage\u00a0?<\/p>\n<p>(Rires) Non, \u00e7a s\u2019est tr\u00e8s bien pass\u00e9. J\u2019arbitre souvent au-dessus du niveau d\u2019Ossun, donc ce n\u2019\u00e9tait pas un match difficile. Je garde les pieds sur terre. On revient vite \u00e0 la r\u00e9alit\u00e9 du week-end suivant. Bercy \u00e9tait une belle exp\u00e9rience mais le quotidien d\u2019un arbitre c\u2019est le plus souvent les petites salles, chaleureuses \u00e9galement\u2026<\/p>\n<p class=\"txt-question\">Le r\u00f4le de l\u2019arbitre est parfois ingrat<\/p>\n<p>C\u2019est normal. On est sous le feu des critiques et quand on ne parle pas de nous, c\u2019est qu\u2019on a bien fait notre travail. L\u2019objectif, c\u2019est d\u2019\u00eatre discret, que nos d\u00e9cisions soient comprises par l\u2019ensemble. Un bon arbitre, c\u2019est celui qu\u2019on ne remarque pas.<\/p>\n<p class=\"txt-question\">Et voir le niveau sup\u00e9rieur ne vous tente pas\u00a0?<\/p>\n<p>Justement, on est 12 arbitres, les meilleurs de France, \u00e0 \u00eatre convoqu\u00e9s dans 3 semaines en stage \u00e0 Li\u00e9vin (Pas-de-Calais) afin de concourir pour atteindre le niveau sup\u00e9rieur. Cela permettra aux arbitres retenus d\u2019arbitrer en Nationale 1 masculine, le championnat o\u00f9 \u00e9volue Tarbes-Lourdes et en Ligue F\u00e9minine. C\u2019est un autre challenge car j\u2019aime beaucoup le basket mais aussi mon m\u00e9tier de chef d\u2019\u00e9tablissement.<\/p>\n<\/p><\/div>\n<p><a href=\"https:\/\/www.ladepeche.fr\/2026\/04\/28\/basket-ball-une-fierte-pour-un-petit-comite-arbitre-des-hautes-pyrenees-adrien-sohier-etait-au-sifflet-dune-finale-a-bercy-13347679.php\">source<\/a><\/p>\n","protected":false},"excerpt":{"rendered":"<p>l&#8217;essentiel Arbitre de basket-ball depuis ses 14 ans, le Bigourdan Adrien Sohier revient sur son exp\u00e9rience unique qu\u2019il a v\u00e9cue \u00e0 Bercy, vendredi soir, au sifflet lors de la finale de la Coupe de France f\u00e9minine de Nationale 1. Adrien Sohier, d\u00e9j\u00e0 on peut dire que c\u2019est une performance d\u2019\u00eatre s\u00e9lectionn\u00e9 comme \u00e0 arbitre pour [&hellip;]<\/p>\n","protected":false},"author":1,"featured_media":129999,"comment_status":"open","ping_status":"open","sticky":false,"template":"","format":"standard","meta":{"_monsterinsights_skip_tracking":false,"_monsterinsights_sitenote_active":false,"_monsterinsights_sitenote_note":"","_monsterinsights_sitenote_category":0,"footnotes":""},"categories":[71],"tags":[],"coauthors":[77],"class_list":["post-129998","post","type-post","status-publish","format-standard","has-post-thumbnail","hentry","category-sport"],"aioseo_notices":[],"_links":{"self":[{"href":"https:\/\/pressactu.com\/index.php?rest_route=\/wp\/v2\/posts\/129998","targetHints":{"allow":["GET"]}}],"collection":[{"href":"https:\/\/pressactu.com\/index.php?rest_route=\/wp\/v2\/posts"}],"about":[{"href":"https:\/\/pressactu.com\/index.php?rest_route=\/wp\/v2\/types\/post"}],"author":[{"embeddable":true,"href":"https:\/\/pressactu.com\/index.php?rest_route=\/wp\/v2\/users\/1"}],"replies":[{"embeddable":true,"href":"https:\/\/pressactu.com\/index.php?rest_route=%2Fwp%2Fv2%2Fcomments&post=129998"}],"version-history":[{"count":0,"href":"https:\/\/pressactu.com\/index.php?rest_route=\/wp\/v2\/posts\/129998\/revisions"}],"wp:featuredmedia":[{"embeddable":true,"href":"https:\/\/pressactu.com\/index.php?rest_route=\/wp\/v2\/media\/129999"}],"wp:attachment":[{"href":"https:\/\/pressactu.com\/index.php?rest_route=%2Fwp%2Fv2%2Fmedia&parent=129998"}],"wp:term":[{"taxonomy":"category","embeddable":true,"href":"https:\/\/pressactu.com\/index.php?rest_route=%2Fwp%2Fv2%2Fcategories&post=129998"},{"taxonomy":"post_tag","embeddable":true,"href":"https:\/\/pressactu.com\/index.php?rest_route=%2Fwp%2Fv2%2Ftags&post=129998"},{"taxonomy":"author","embeddable":true,"href":"https:\/\/pressactu.com\/index.php?rest_route=%2Fwp%2Fv2%2Fcoauthors&post=129998"}],"curies":[{"name":"wp","href":"https:\/\/api.w.org\/{rel}","templated":true}]}}