{"id":129994,"date":"2026-04-29T03:15:30","date_gmt":"2026-04-29T03:15:30","guid":{"rendered":"https:\/\/pressactu.com\/?p=129994"},"modified":"2026-04-29T03:15:30","modified_gmt":"2026-04-29T03:15:30","slug":"si-on-lui-enlevait-son-moulin-il-mourrait-depuis-plus-de-40-ans-ce-couple-de-septuagenaires-est-le-gardien-du-plus-ancien-moulin-a-eau","status":"publish","type":"post","link":"https:\/\/pressactu.com\/?p=129994","title":{"rendered":"&quot;Si on lui enlevait\u00a0son moulin, il mourrait\u2026&quot;\u00a0: depuis plus de 40 ans, ce couple de septuag\u00e9naires est le gardien du plus ancien moulin \u00e0 eau"},"content":{"rendered":"<p>\n                                                                    <span class=\"article-full__chapo-label hide-on-small-only\">l&#8217;essentiel<\/span><br \/>\n                                                                \u00c0 Cal\u00e8s, au bord de l\u2019Ouysse, le moulin fortifi\u00e9 de Cougnaguet traverse les si\u00e8cles. Depuis 1984, Hubert et Raymonde Faure entretiennent et veillent sur ce monument class\u00e9 historique.\n                            <\/p>\n<div rel=\"js-article-content\" data-state=\"fixed-height\" data-selection=\"disabled\">\n                                                                                                                            <!-- Pub DFP Position [outstream] --><\/p>\n<p>\u00c0 l\u2019\u00e9tage du moulin, dans l\u2019ancien appartement du meunier, la sc\u00e8ne dit tout. Les meubles sont anciens, les objets d\u2019\u00e9poque, et l\u2019\u00e9vier en pierre n\u2019a pas boug\u00e9. Autour d\u2019une grande table en bois, les verres d\u2019eau-de-vie maison circulent, le caf\u00e9 fume encore. Par la fen\u00eatre ouverte, on entend tourner\u00a0les meules, entra\u00een\u00e9es par l\u2019eau qui coule juste dessous. Le moulin continue de vivre, anim\u00e9 par son souffle d\u2019autrefois.<\/p>\n<p><!-- Pub DFP Position [article] --><\/p>\n<p>&#8220;Je n\u2019y connaissais rien \u00e0 la m\u00e9canique, mais j\u2019ai appris. Il fallait bien que cela continue \u00e0 tourner&#8221;, glisse Hubert Faure, 77 ans. Avec son accent quercynois et son d\u00e9bit rapide, Hubert capte vite l\u2019attention. Le regard malicieux, il raconte le moulin comme on raconte une vie. La sienne, indissociable du lieu. \u00c0 ses c\u00f4t\u00e9s, sa femme Raymonde \u00e9coute\u00a0et compl\u00e8te parfois. Ensemble, ils incarnent ce site bien plus qu\u2019ils ne le poss\u00e8dent.<\/p>\n<div class=\"center-align\" rel=\"js-article-inline-img\" data-protec-aida=\"image\">\n<figure class=\"std-img\" data-src=\"https:\/\/images.ladepeche.fr\/api\/v1\/images\/view\/69eb955ae7d45a03110a6e3f\/original\/image.jpg?v=1\">\n        <img decoding=\"async\" class=\"std-img__img responsive-img\" src=\"http:\/\/pressactu.com\/wp-content\/uploads\/2026\/04\/1777432528_486_image.jpg?v=1\" alt=\"Depuis 1984, Raymonde et Hubert Faure veillent sur le moulin fortifi\u00e9 de Cougnaguet \u00e0 Cal\u00e9s.\"\/><figcaption class=\"article-full__media-infos\">\n                <span class=\"article-full__media-legend\">Depuis 1984, Raymonde et Hubert Faure veillent sur le moulin fortifi\u00e9 de Cougnaguet \u00e0 Cal\u00e9s.<\/span><br \/>\n                                    <span class=\"article-full__media-author\">DDM DN<\/span><br \/>\n                            <\/figcaption><\/figure>\n<\/div>\n<h2 class=\"txt-int\">Des souvenirs ancr\u00e9s dans les pierres<\/h2>\n<p>Depuis 1984, ils veillent sur le <a href=\"https:\/\/www.cougnaguet.com\" target=\"_self\">moulin de Cougnaguet<\/a>, situ\u00e9 \u00e0 Cal\u00e8s\u00a0dans un d\u00e9cor de carte postale, \u00e0 quelques kilom\u00e8tres de Rocamadour.\u00a0Mais ici, rien n\u2019est fig\u00e9. Tout fonctionne encore. Autour de la table, les souvenirs remontent. Hubert se souvient de ses d\u00e9buts aupr\u00e8s de l\u2019ancien meunier qui \u00e9tait aussi le compagnon de sa m\u00e8re Odette. &#8220;Il m\u2019a tout appris. J\u2019y allais pendant les vacances puis de plus en plus chaque ann\u00e9e pour donner des coups de main.\u00a0Un jour, il m\u2019a dit de rester ici et de garder le moulin\u201d.&#8221;<\/p>\n<div class=\"center-align\" rel=\"js-article-inline-img\" data-protec-aida=\"image\">\n<figure class=\"std-img\" data-src=\"https:\/\/images.ladepeche.fr\/api\/v1\/images\/view\/69eb9648857d6778d1097ac3\/original\/image.jpg?v=1\">\n        <img decoding=\"async\" class=\"std-img__img responsive-img\" src=\"http:\/\/pressactu.com\/wp-content\/uploads\/2026\/04\/1777432528_548_image.jpg?v=1\" alt=\"Devant le moulin fortifi\u00e9 de Cougnaguet, class\u00e9 monument historique depuis 1925.\"\/><figcaption class=\"article-full__media-infos\">\n                <span class=\"article-full__media-legend\">Devant le moulin fortifi\u00e9 de Cougnaguet, class\u00e9 monument historique depuis 1925.<\/span><br \/>\n                                    <span class=\"article-full__media-author\">DDM DN<\/span><br \/>\n                            <\/figcaption><\/figure>\n<\/div>\n<p>Raymonde acquiesce. &#8220;Il y \u00e9tait d\u00e9j\u00e0 tout le temps alors forc\u00e9ment, il s\u2019y est attach\u00e9.&#8221; Hubert met toujours les mains dans les m\u00e9canismes. &#8220;Quand une pi\u00e8ce casse, il faut se d\u00e9brouiller. Alors j\u2019apprends, je refais.&#8221; Raymonde sourit. &#8220;Il trouve toujours une solution. M\u00eame quand il ne sait pas faire, il finit par savoir.&#8221;<\/p>\n<div class=\"center-align\" rel=\"js-article-inline-img\" data-protec-aida=\"image\">\n<figure class=\"std-img\" data-src=\"https:\/\/images.ladepeche.fr\/api\/v1\/images\/view\/69eba1a0108f33bbc4013981\/original\/image.jpg?v=1\">\n        <img decoding=\"async\" class=\"std-img__img responsive-img\" src=\"http:\/\/pressactu.com\/wp-content\/uploads\/2026\/04\/1777432529_883_image.jpg?v=1\" alt=\"Hubert Faure devant la derni\u00e8re meule install\u00e9e en 2004. Elle p\u00e8se 1.5 tonnes.\"\/><figcaption class=\"article-full__media-infos\">\n                <span class=\"article-full__media-legend\">Hubert Faure devant la derni\u00e8re meule install\u00e9e en 2004. Elle p\u00e8se 1.5 tonnes.<\/span><br \/>\n                                    <span class=\"article-full__media-author\">DDM DN<\/span><br \/>\n                            <\/figcaption><\/figure>\n<\/div>\n<h2 class=\"txt-int\">Un moulin m\u00e9di\u00e9val unique dans le Lot<\/h2>\n<p>\u00c9difi\u00e9 entre\u00a01292 et\u00a01350 par des moines cisterciens de l\u2019abbaye des Alix, pr\u00e8s de Rocamadour, ce moulin \u00e0 eau est une v\u00e9ritable prouesse d\u2019ing\u00e9nierie. Construit sur l\u2019Ouysse, il repose sur un syst\u00e8me hydraulique remarquable avec sa retenue d\u2019eau longue de 1,6 kilom\u00e8tre et\u00a0maintenue par un barrage de six m\u00e8tres d\u2019\u00e9paisseur.<\/p>\n<div class=\"center-align\" rel=\"js-article-inline-img\" data-protec-aida=\"image\">\n<figure class=\"std-img\" data-src=\"https:\/\/images.ladepeche.fr\/api\/v1\/images\/view\/69edb6001730a7c0620f4c22\/original\/image.jpg?v=1\">\n        <img decoding=\"async\" class=\"std-img__img responsive-img\" src=\"http:\/\/pressactu.com\/wp-content\/uploads\/2026\/04\/1777432529_56_image.jpg?v=1\" alt=\"\u00c0 77 ans, Hubert Faure garde une passion intacte pour montrer le fonctionnement du moulin.\"\/><figcaption class=\"article-full__media-infos\">\n                <span class=\"article-full__media-legend\">\u00c0 77 ans, Hubert Faure garde une passion intacte pour montrer le fonctionnement du moulin.<\/span><br \/>\n                                    <span class=\"article-full__media-author\">DDM DN<\/span><br \/>\n                            <\/figcaption><\/figure>\n<\/div>\n<p>Fortifi\u00e9, il servait aussi de d\u00e9fense. &#8220;Il suffisait de fermer la porte et d\u2019ouvrir les vannes pour cr\u00e9er un courant capable d\u2019emporter les assaillants&#8221;, explique Hubert. Class\u00e9 Monument historique en 1925, il a fonctionn\u00e9 jusqu\u2019en 1959. Ses quatre meules, d\u2019environ 1,5 tonne chacune, pouvaient produire jusqu\u2019\u00e0 trois tonnes de farine par jour.\u00a0Hubert prend un plaisir intact \u00e0 les faire fonctionner devant les visiteurs.<\/p>\n<div class=\"center-align\" rel=\"js-article-inline-img\" data-protec-aida=\"image\">\n<figure class=\"std-img\" data-src=\"https:\/\/images.ladepeche.fr\/api\/v1\/images\/view\/69eb975d07831df49c0a8141\/original\/image.jpg?v=1\">\n        <img decoding=\"async\" class=\"std-img__img responsive-img\" src=\"http:\/\/pressactu.com\/wp-content\/uploads\/2026\/04\/1777432529_426_image.jpg?v=1\" alt=\"Le moulin de Cougnaguet se visite tous les jours jusqu\u2019au 30\u00a0septembre de 10\u00a0h \u00e0 12\u00a0h et de 14\u00a0h\u00a000 \u00e0 18\u00a0h\u00a000\"\/><figcaption class=\"article-full__media-infos\">\n                <span class=\"article-full__media-legend\">Le moulin de Cougnaguet se visite tous les jours jusqu\u2019au 30\u00a0septembre de 10\u00a0h \u00e0 12\u00a0h et de 14\u00a0h\u00a000 \u00e0 18\u00a0h\u00a000<\/span><br \/>\n                                    <span class=\"article-full__media-author\">DDM DN<\/span><br \/>\n                            <\/figcaption><\/figure>\n<\/div>\n<h2 class=\"txt-int\">&#8220;Si on lui enlevait son moulin, il mourrait&#8221;<\/h2>\n<p>Rien ne pr\u00e9destinait Hubert \u00e0 devenir le gardien du moulin. Fils d\u2019agriculteurs install\u00e9s \u00e0 Rignac, ouvrier aux \u00e9tains Maigne \u00e0 Gramat, il aurait pu prendre la route comme livreur de fuel. &#8220;Tu as bien fait de rester&#8221;, lui glisse Raymonde. &#8220;Tu as eu une vie heureuse ici.&#8221;\u00a0Elle aussi a travaill\u00e9 \u00e0\u00a0l\u2019usine Maigne pendant 30 ans jusqu\u2019\u00e0 sa fermeture. Depuis, le couple a fait du moulin sa raison d\u2019\u00eatre.<\/p>\n<div class=\"center-align\" rel=\"js-article-inline-img\" data-protec-aida=\"image\">\n<figure class=\"std-img\" data-src=\"https:\/\/images.ladepeche.fr\/api\/v1\/images\/view\/69eba1a0d6c26b2b1d0e171f\/original\/image.jpg?v=1\">\n        <img decoding=\"async\" class=\"std-img__img responsive-img\" src=\"http:\/\/pressactu.com\/wp-content\/uploads\/2026\/04\/1777432530_817_image.jpg?v=1\" alt=\"Hubert active chaque jour les vannes du moulin.\"\/><figcaption class=\"article-full__media-infos\">\n                <span class=\"article-full__media-legend\">Hubert active chaque jour les vannes du moulin.<\/span><br \/>\n                                    <span class=\"article-full__media-author\">DDM DN<\/span><br \/>\n                            <\/figcaption><\/figure>\n<\/div>\n<p>Des proches donnent parfois un coup de main pour la billetterie et les visites. Mais l\u2019essentiel repose sur leurs \u00e9paules. Hubert impressionne. Apr\u00e8s les derni\u00e8res crues de cet hiver, il a d\u00e9gag\u00e9 seul les troncs coinc\u00e9s dans la digue. &#8220;Alors que je ne sais pas nager&#8221;, sourit-il. &#8220;Je n\u2019ai pas eu le temps d\u2019apprendre, j\u2019ai toujours travaill\u00e9.&#8221;\u00a0Chaque jour, il am\u00e8ne du bl\u00e9 pour alimenter la meule et veille \u00e0 chaque d\u00e9tail. &#8220;Si on lui enlevait\u00a0son moulin, il mourrait&#8221;, glisse son cousin.<\/p>\n<div class=\"center-align\" rel=\"js-article-inline-img\" data-protec-aida=\"image\">\n<figure class=\"std-img\" data-src=\"https:\/\/images.ladepeche.fr\/api\/v1\/images\/view\/69eb96b2d01b8b77a6098810\/original\/image.jpg?v=1\">\n        <img decoding=\"async\" class=\"std-img__img responsive-img\" src=\"http:\/\/pressactu.com\/wp-content\/uploads\/2026\/04\/1777432530_720_image.jpg?v=1\" alt=\"Hubert et Raymonde, avec \u00e0 la caisse le cousin Jean-Claude.\"\/><figcaption class=\"article-full__media-infos\">\n                <span class=\"article-full__media-legend\">Hubert et Raymonde, avec \u00e0 la caisse le cousin Jean-Claude.<\/span><br \/>\n                                    <span class=\"article-full__media-author\">DDM DN<\/span><br \/>\n                            <\/figcaption><\/figure>\n<\/div>\n<p>Hubert et Raymonde maintiennent le moulin ouvert pour le rendre\u00a0accessible \u00e0 tous. Le lieu attire aussi les cam\u00e9ras, jusqu\u2019\u00e0 accueillir Antoine de Maximy pour un tournage de &#8220;J\u2019irai dormir chez les Gaulois&#8221;, diffus\u00e9 actuellement sur RMC D\u00e9couverte.<\/p>\n<div class=\"center-align\" rel=\"js-article-inline-img\" data-protec-aida=\"image\">\n<figure class=\"std-img\" data-src=\"https:\/\/images.ladepeche.fr\/api\/v1\/images\/view\/69eba1a06aba7134f105d11e\/original\/image.jpg?v=1\">\n        <img decoding=\"async\" class=\"std-img__img responsive-img\" src=\"http:\/\/pressactu.com\/wp-content\/uploads\/2026\/04\/1777432530_159_image.jpg?v=1\" alt=\"\u00c0 Cal\u00e8s, dans la vall\u00e9e de l\u2019Ouysse, pr\u00e8s de Rocamadour, Hubert partage sa passion aux visiteurs.\"\/><figcaption class=\"article-full__media-infos\">\n                <span class=\"article-full__media-legend\">\u00c0 Cal\u00e8s, dans la vall\u00e9e de l\u2019Ouysse, pr\u00e8s de Rocamadour, Hubert partage sa passion aux visiteurs.<\/span><br \/>\n                                    <span class=\"article-full__media-author\">DDM DN<\/span><br \/>\n                            <\/figcaption><\/figure>\n<\/div>\n<p>Mais l\u2019essentiel est ailleurs. &#8220;Les gens viennent pour voir le moulin, mais ils restent pour discuter&#8221;, confie Hubert. Raymonde ajoute. &#8220;On aime bien partager l\u2019histoire de ce moulin. C\u2019est simple, mais c\u2019est \u00e7a qui compte.&#8221;\u00a0Autour de la table, les verres se remplissent \u00e0 nouveau. Les histoires aussi. Avec toujours le bruit r\u00e9gulier des roues. Comme un c\u0153ur qui bat.<\/p>\n<\/p><\/div>\n<p><a href=\"https:\/\/www.ladepeche.fr\/2026\/04\/28\/si-on-lui-enlevait-son-moulin-il-mourrait-depuis-plus-de-40-ans-ce-couple-de-septuagenaires-est-le-gardien-du-plus-ancien-moulin-a-eau-13342092.php\">source<\/a><\/p>\n","protected":false},"excerpt":{"rendered":"<p>l&#8217;essentiel \u00c0 Cal\u00e8s, au bord de l\u2019Ouysse, le moulin fortifi\u00e9 de Cougnaguet traverse les si\u00e8cles. Depuis 1984, Hubert et Raymonde Faure entretiennent et veillent sur ce monument class\u00e9 historique. \u00c0 l\u2019\u00e9tage du moulin, dans l\u2019ancien appartement du meunier, la sc\u00e8ne dit tout. Les meubles sont anciens, les objets d\u2019\u00e9poque, et l\u2019\u00e9vier en pierre n\u2019a pas [&hellip;]<\/p>\n","protected":false},"author":1,"featured_media":129995,"comment_status":"open","ping_status":"open","sticky":false,"template":"","format":"standard","meta":{"_monsterinsights_skip_tracking":false,"_monsterinsights_sitenote_active":false,"_monsterinsights_sitenote_note":"","_monsterinsights_sitenote_category":0,"footnotes":""},"categories":[74],"tags":[],"coauthors":[77],"class_list":["post-129994","post","type-post","status-publish","format-standard","has-post-thumbnail","hentry","category-economie"],"aioseo_notices":[],"_links":{"self":[{"href":"https:\/\/pressactu.com\/index.php?rest_route=\/wp\/v2\/posts\/129994","targetHints":{"allow":["GET"]}}],"collection":[{"href":"https:\/\/pressactu.com\/index.php?rest_route=\/wp\/v2\/posts"}],"about":[{"href":"https:\/\/pressactu.com\/index.php?rest_route=\/wp\/v2\/types\/post"}],"author":[{"embeddable":true,"href":"https:\/\/pressactu.com\/index.php?rest_route=\/wp\/v2\/users\/1"}],"replies":[{"embeddable":true,"href":"https:\/\/pressactu.com\/index.php?rest_route=%2Fwp%2Fv2%2Fcomments&post=129994"}],"version-history":[{"count":0,"href":"https:\/\/pressactu.com\/index.php?rest_route=\/wp\/v2\/posts\/129994\/revisions"}],"wp:featuredmedia":[{"embeddable":true,"href":"https:\/\/pressactu.com\/index.php?rest_route=\/wp\/v2\/media\/129995"}],"wp:attachment":[{"href":"https:\/\/pressactu.com\/index.php?rest_route=%2Fwp%2Fv2%2Fmedia&parent=129994"}],"wp:term":[{"taxonomy":"category","embeddable":true,"href":"https:\/\/pressactu.com\/index.php?rest_route=%2Fwp%2Fv2%2Fcategories&post=129994"},{"taxonomy":"post_tag","embeddable":true,"href":"https:\/\/pressactu.com\/index.php?rest_route=%2Fwp%2Fv2%2Ftags&post=129994"},{"taxonomy":"author","embeddable":true,"href":"https:\/\/pressactu.com\/index.php?rest_route=%2Fwp%2Fv2%2Fcoauthors&post=129994"}],"curies":[{"name":"wp","href":"https:\/\/api.w.org\/{rel}","templated":true}]}}