{"id":129981,"date":"2026-04-29T02:41:55","date_gmt":"2026-04-29T02:41:55","guid":{"rendered":"https:\/\/pressactu.com\/?p=129981"},"modified":"2026-04-29T02:41:55","modified_gmt":"2026-04-29T02:41:55","slug":"nationale-2-de-bons-mecs-mais-un-manque-de-caractere-le-rc-auch-deja-elimine-retour-sur-un-echec-retentissant-face-a-valence-dagen","status":"publish","type":"post","link":"https:\/\/pressactu.com\/?p=129981","title":{"rendered":"Nationale 2\u00a0: &quot;De bons mecs mais un manque de caract\u00e8re\u2026&quot; Le RC Auch d\u00e9j\u00e0 \u00e9limin\u00e9, retour sur un \u00e9chec retentissant face \u00e0 Valence d\u2019Agen"},"content":{"rendered":"<p>\n                                                                    <span class=\"article-full__chapo-label hide-on-small-only\">l&#8217;essentiel<\/span><br \/>\n                                                                Contre toute attente, la saison du RC Auch s\u2019est brusquement termin\u00e9e\u00a0dimanche dernier \u00e0 Jacques-Fouroux, apr\u00e8s la d\u00e9faite en barrage (24-34) face \u00e0 Valence-d\u2019Agen. Le temps est au bilan pour analyser les raisons d\u2019une saison mi-figue, mi-raisin, puisque moins bonne que la pr\u00e9c\u00e9dente.\n                            <\/p>\n<div rel=\"js-article-content\" data-state=\"fixed-height\" data-selection=\"disabled\">\n                                                                                                                            <!-- Pub DFP Position [outstream] --><\/p>\n<p>Ce sont les yeux battus, la mine triste et les joues bl\u00eames que les supporters &#8220;rouge\u00a0et blanc&#8221;\u00a0du RCA ont quitt\u00e9s, assez rapidement, le stade Jacques-Fouroux dimanche 26\u00a0avril, en d\u00e9but de soir\u00e9e, pour aller r\u00f4der l\u2019\u00e2me en peine dans la rue. La d\u00e9ception \u00e9tait grande du c\u00f4t\u00e9 des supporters et au sein de\u00a0tout un club, apr\u00e8s la d\u00e9faite surprise des Auscitains (24-34) en match de barrage face \u00e0 Valence-d\u2019Agen.<\/p>\n<p><!-- Pub DFP Position [article] --><\/p>\n<p>Bien entendu, l\u2019Avenir Valencien, qu\u2019Auch a battu \u00e0 maintes reprises durant des ann\u00e9es, \u00e9tait en mission dans une p\u00e9riode faste au niveau de la motivation et des r\u00e9sultats, et il\u00a0a\u00a0r\u00e9ussi l\u00e0 o\u00f9 personne ou presque ne l\u2019attendait, du moins dans les limites de notre\u00a0d\u00e9partement. De ce fait, Auch fait une saison moins bonne que la pr\u00e9c\u00e9dente, qui avait vu <a href=\"https:\/\/www.ladepeche.fr\/2025\/04\/13\/rugby-amateur-nationale-2-essai-refuse-touche-defaillante-decisions-arbitrales-incomprises-fin-de-parcours-amere-pour-le-rc-auch-12634984.php\" target=\"_self\">le RCA\u00a0terminer par une d\u00e9faite avec les honneurs (6-15) en quart de finale \u00e0 Orl\u00e9ans<\/a>.<\/p>\n<p class=\"std-elt__inline\">\n        <strong>\u00c0 lire aussi :<\/strong><br \/>\n        <a href=\"\/2026\/04\/26\/barrage-de-nationale-2-valence-dagen-climatise-le-stade-jacques-fouroux-le-rc-auch-quitte-la-competition-par-la-petite-porte-13344479.php\">Barrage de Nationale 2\u00a0: Valence-d\u2019Agen climatise le stade Jacques-Fouroux, le RC Auch quitte la comp\u00e9tition par la petite porte<\/a>\n    <\/p>\n<p>La d\u00e9faite en barrage ce dimanche \u00e9tait-elle pr\u00e9visible\u00a0? Les pronostiqueurs de tous poils ne la pensaient certainement pas possible, sauf ceux venus du Tarn-et-Garonne. Les Auscitains semblaient avoir r\u00e9alis\u00e9 une belle saison en ayant termin\u00e9 troisi\u00e8mes de la poule 2, apr\u00e8s avoir fr\u00f4l\u00e9 la qualification directe pour les quarts de finale.<\/p>\n<div class=\"center-align\" rel=\"js-article-inline-img\" data-protec-aida=\"image\">\n<figure class=\"std-img\" data-src=\"https:\/\/images.ladepeche.fr\/api\/v1\/images\/view\/69f087e890561148060fba38\/original\/image.jpg?v=1\">\n        <img decoding=\"async\" class=\"std-img__img responsive-img\" src=\"http:\/\/pressactu.com\/wp-content\/uploads\/2026\/04\/1777430515_675_image.jpg?v=1\" alt=\"Fin de parcours pr\u00e9coce pour les Auscitains en Nationale 2.\"\/><figcaption class=\"article-full__media-infos\">\n                <span class=\"article-full__media-legend\">Fin de parcours pr\u00e9coce pour les Auscitains en Nationale 2.<\/span><br \/>\n                                    <span class=\"article-full__media-author\">DDM &#8211; SEBASTIEN LAPEYRERE<\/span><br \/>\n                            <\/figcaption><\/figure>\n<\/div>\n<p>Mais comme le disait le pr\u00e9sident Lionel Terr\u00e9 \u00e0 chaud, \u00e0 l\u2019issue de la rencontre, &#8220;ce match est \u00e0 l\u2019image de la saison, tous les moments importants, nous n\u2019avons pas su les g\u00e9rer. Nous avons de bons mecs mais un manque de caract\u00e8re. Tous les grands rendez-vous, nous les avons loup\u00e9s comme Tricastin, Fleurance \u00e0 l\u2019ext\u00e9rieur et Vienne chez nous, m\u00eame si nous sommes arriv\u00e9s \u00e0 gagner de beaux matchs&#8221;.<\/p>\n<h2 class=\"txt-int\">Les longs d\u00e9placements, pas une excuse suffisante<\/h2>\n<p>Le pr\u00e9sident Terr\u00e9 a sans doute bien r\u00e9sum\u00e9 cette saison 2025-2026. Bien s\u00fbr, on peut se tourner vers <a href=\"https:\/\/www.ladepeche.fr\/2025\/07\/03\/rugby-amateur-nationale-2-deplacements-de-plus-de-1500-km-aller-retour-as-fleurance-et-rc-auch-vent-debout-contre-une-poule-jugee-intenable-12804195.php\" target=\"_self\">le probl\u00e8me maintes fois \u00e9voqu\u00e9\u00a0des longs d\u00e9placements<\/a>, qui ont soulev\u00e9 la pol\u00e9mique. De ce c\u00f4t\u00e9-l\u00e0, la saison a \u00e9t\u00e9 dure pour les organismes des joueurs avec au moins 8 longs et fatigants voyages dans la vall\u00e9e du Rh\u00f4ne, en Suisse ou\u00a0sur les bords de la M\u00e9diterran\u00e9e.<\/p>\n<div class=\"center-align\" rel=\"js-article-inline-img\" data-protec-aida=\"image\">\n<figure class=\"std-img\" data-src=\"https:\/\/images.ladepeche.fr\/api\/v1\/images\/view\/69f0880e43d7fb6834051643\/original\/image.jpg?v=1\">\n        <img decoding=\"async\" class=\"std-img__img responsive-img\" src=\"http:\/\/pressactu.com\/wp-content\/uploads\/2026\/04\/1777430515_21_image.jpg?v=1\" alt=\"Le pr\u00e9sident du RC Auch, Lionel Terr\u00e9.\"\/><figcaption class=\"article-full__media-infos\">\n                <span class=\"article-full__media-legend\">Le pr\u00e9sident du RC Auch, Lionel Terr\u00e9.<\/span><br \/>\n                                    <span class=\"article-full__media-author\">DDM &#8211; SEBASTIEN LAPEYRERE<\/span><br \/>\n                            <\/figcaption><\/figure>\n<\/div>\n<p>Il n\u2019y a pas que cet aspect cependant\u00a0: mettre la faute sur\u00a0le dos de la\u00a0route ou d\u2019autres causes superf\u00e9tatoires ne suffit pas \u00e0 expliquer l\u2019\u00e9chec. Il faut se tourner \u00e9galement vers les acteurs et les degr\u00e9s d\u2019envie, de motivation et\u00a0de caract\u00e8re. Au d\u00e9but du mois de f\u00e9vrier, beaucoup\u00a0d\u2019observateurs voyaient les Auscitains terminer deuxi\u00e8mes de la poule 2, jug\u00e9e plus facile\u00a0et qui s\u2019est toutefois av\u00e9r\u00e9e sans doute\u00a0plus forte que la poule 1.<\/p>\n<p class=\"std-elt__inline\">\n        <strong>\u00c0 lire aussi :<\/strong><br \/>\n        <a href=\"\/2026\/04\/27\/barrage-de-nationale-2-le-rc-auch-sorti-par-le-realisme-de-lavenir-valencien-un-match-a-limage-de-la-saison-13345020.php\">Barrage de Nationale 2\u00a0: le RC Auch sorti par le r\u00e9alisme de l\u2019Avenir Valencien\u2026 &#8220;Un match \u00e0 l\u2019image de la saison&#8221;<\/a>\n    <\/p>\n<p>La raison de ce jugement h\u00e2tif se basait sur le fait que Tricastin, Fleurance et\u00a0Lannemezan faisaient figure\u00a0de proies faciles car mal class\u00e9es \u00e0 l\u2019\u00e9poque, et que les r\u00e9ceptions de N\u00eemes, Rumilly et M\u00e2con apporteraient potentiellement au moins quelques bonus offensifs. Les pronostiqueurs ont pourtant oubli\u00e9 que quelle que soit la sottise des pronostics, la r\u00e9alit\u00e9 les d\u00e9passera.<\/p>\n<p>Il ne faut pas oublier que le RCA a termin\u00e9 la phase de poules comme deuxi\u00e8me meilleure attaque et dans les meilleures d\u00e9fenses, tout de m\u00eame. Mais la saison est termin\u00e9e \u00e0 pr\u00e9sent pour l\u2019\u00e9quipe fanion, plus t\u00f4t qu\u2019on ne l\u2019avait imagin\u00e9. Il faudra en faire le deuil. Reste \u00e0 savoir si, une fois pass\u00e9 ce sentiment de d\u00e9ception, cette issue douloureuse\u00a0marquera la fin d\u2019une histoire ou le d\u00e9but d\u2019une grande\u00a0aventure.<\/p>\n<\/p><\/div>\n<p><a href=\"https:\/\/www.ladepeche.fr\/2026\/04\/28\/nationale-2-de-bons-mecs-mais-un-manque-de-caractere-le-rc-auch-deja-elimine-retour-sur-un-echec-retentissant-face-a-valence-dagen-13347265.php\">source<\/a><\/p>\n","protected":false},"excerpt":{"rendered":"<p>l&#8217;essentiel Contre toute attente, la saison du RC Auch s\u2019est brusquement termin\u00e9e\u00a0dimanche dernier \u00e0 Jacques-Fouroux, apr\u00e8s la d\u00e9faite en barrage (24-34) face \u00e0 Valence-d\u2019Agen. Le temps est au bilan pour analyser les raisons d\u2019une saison mi-figue, mi-raisin, puisque moins bonne que la pr\u00e9c\u00e9dente. Ce sont les yeux battus, la mine triste et les joues bl\u00eames [&hellip;]<\/p>\n","protected":false},"author":1,"featured_media":129982,"comment_status":"open","ping_status":"open","sticky":false,"template":"","format":"standard","meta":{"_monsterinsights_skip_tracking":false,"_monsterinsights_sitenote_active":false,"_monsterinsights_sitenote_note":"","_monsterinsights_sitenote_category":0,"footnotes":""},"categories":[71],"tags":[],"coauthors":[77],"class_list":["post-129981","post","type-post","status-publish","format-standard","has-post-thumbnail","hentry","category-sport"],"aioseo_notices":[],"_links":{"self":[{"href":"https:\/\/pressactu.com\/index.php?rest_route=\/wp\/v2\/posts\/129981","targetHints":{"allow":["GET"]}}],"collection":[{"href":"https:\/\/pressactu.com\/index.php?rest_route=\/wp\/v2\/posts"}],"about":[{"href":"https:\/\/pressactu.com\/index.php?rest_route=\/wp\/v2\/types\/post"}],"author":[{"embeddable":true,"href":"https:\/\/pressactu.com\/index.php?rest_route=\/wp\/v2\/users\/1"}],"replies":[{"embeddable":true,"href":"https:\/\/pressactu.com\/index.php?rest_route=%2Fwp%2Fv2%2Fcomments&post=129981"}],"version-history":[{"count":0,"href":"https:\/\/pressactu.com\/index.php?rest_route=\/wp\/v2\/posts\/129981\/revisions"}],"wp:featuredmedia":[{"embeddable":true,"href":"https:\/\/pressactu.com\/index.php?rest_route=\/wp\/v2\/media\/129982"}],"wp:attachment":[{"href":"https:\/\/pressactu.com\/index.php?rest_route=%2Fwp%2Fv2%2Fmedia&parent=129981"}],"wp:term":[{"taxonomy":"category","embeddable":true,"href":"https:\/\/pressactu.com\/index.php?rest_route=%2Fwp%2Fv2%2Fcategories&post=129981"},{"taxonomy":"post_tag","embeddable":true,"href":"https:\/\/pressactu.com\/index.php?rest_route=%2Fwp%2Fv2%2Ftags&post=129981"},{"taxonomy":"author","embeddable":true,"href":"https:\/\/pressactu.com\/index.php?rest_route=%2Fwp%2Fv2%2Fcoauthors&post=129981"}],"curies":[{"name":"wp","href":"https:\/\/api.w.org\/{rel}","templated":true}]}}