{"id":129967,"date":"2026-04-29T01:03:45","date_gmt":"2026-04-29T01:03:45","guid":{"rendered":"https:\/\/pressactu.com\/?p=129967"},"modified":"2026-04-29T01:03:45","modified_gmt":"2026-04-29T01:03:45","slug":"disparition-de-manon-relandeau-en-loire-atlantique-jespere-que-karim-va-dire-la-verite-lespoir-de-la-maman-de-leleveuse-apres-larrestation-du-co","status":"publish","type":"post","link":"https:\/\/pressactu.com\/?p=129967","title":{"rendered":"Disparition de Manon Relandeau en Loire-Atlantique\u00a0: &quot;J\u2019esp\u00e8re que Karim va dire la v\u00e9rit\u00e9&quot;, l\u2019espoir de la maman de l\u2019\u00e9leveuse apr\u00e8s l\u2019arrestation du compagnon"},"content":{"rendered":"<p>\n                                                                    <span class=\"article-full__chapo-label hide-on-small-only\">l&#8217;essentiel<\/span><br \/>\n                                                                Alors que le compagnon et principal suspect dans la disparition de Manon Relandeau a \u00e9t\u00e9 interpell\u00e9 en Alg\u00e9rie, la m\u00e8re de la jeune \u00e9leveuse de 31 ans esp\u00e8re que sa fille est toujours vivante. D\u2019apr\u00e8s elle, Manon &#8220;pr\u00e9parait&#8221; sa s\u00e9paration avec son conjoint.\n                            <\/p>\n<div rel=\"js-article-content\">\n                                                                                                                            <!-- Pub DFP Position [outstream] --><\/p>\n<p>Plus d\u2019un mois apr\u00e8s la disparition inqui\u00e9tante de Manon Relandeau, \u00e9leveuse de 31 ans install\u00e9e en Loire-Atlantique, l\u2019enqu\u00eate conna\u00eet une nouvelle avanc\u00e9e avec l\u2019arrestation de son compagnon.<\/p>\n<p><!-- Pub DFP Position [article] --><\/p>\n<p>Abdelkrim B., 41 ans, est le principal suspect dans l\u2019enqu\u00eate ouverte pour &#8220;meurtre sur conjoint&#8221; et &#8220;enl\u00e8vement d\u2019un mineur&#8221;. Il avait effectivement emport\u00e9 leur fillette de 15 mois\u00a0le 2\u00a0avril dernier dans sa fuite en Alg\u00e9rie. <a href=\"https:\/\/www.ladepeche.fr\/2026\/04\/28\/disparition-de-manon-relandeau-en-loire-atlantique-son-conjoint-qui-avait-pris-la-fuite-en-algerie-a-ete-interpelle-13347040.php\" target=\"_self\">Il a \u00e9t\u00e9 interpell\u00e9 hier<\/a> par la police locale en compagnie de l\u2019enfant. Si la petite Inaya est saine et sauve, le sort de sa m\u00e8re inqui\u00e8te toujours autant ses proches. Alors que la piste du meurtre sur conjoint est d\u00e9sormais privil\u00e9gi\u00e9e par les enqu\u00eateurs, la famille de Manon Relandeau continue de porter des messages d\u2019espoir. &#8220;Peut-\u00eatre que Manon m\u2019entend\u00a0: &#8216;Ma ch\u00e9rie, garde ta force, tu sais, on t\u2019aime. Et puis, on t\u2019aidera \u00e0 remonter \u00e7a'&#8221;, souffle sa m\u00e8re au micro de <a href=\"https:\/\/www.rtl.fr\/actu\/justice-faits-divers\/ma-cherie-garde-ta-force-sur-rtl-la-mere-de-manon-relandeau-livre-un-temoignage-poignant-et-regrette-de-ne-pas-avoir-reagi-7900629018\" target=\"_self\">RTL<\/a>, la gorge serr\u00e9e.<\/p>\n<p class=\"std-elt__inline\">\n        <strong>\u00c0 lire aussi :<\/strong><br \/>\n        <a href=\"\/2026\/04\/23\/disparition-de-manon-relandeau-en-loire-atlantique-on-pense-a-une-sequestration-lespoir-des-proches-de-la-jeune-femme-apres-un-appel-a-temoins-13340371.php\">Disparition de Manon Relandeau en Loire-Atlantique\u00a0: &#8220;On pense \u00e0 une s\u00e9questration&#8221;\u2026 l\u2019espoir des proches de la jeune femme apr\u00e8s un appel \u00e0 t\u00e9moins<\/a>\n    <\/p>\n<h2 class=\"txt-int\">&#8220;Elle pr\u00e9parait sa d\u00e9fense pour garder sa fille&#8221;<\/h2>\n<p>Pour elle, sa fille est &#8220;enferm\u00e9e quelque part&#8221; et quelqu\u2019un &#8220;prend soin d\u2019elle&#8221;. &#8220;Par moments, je me dis peut-\u00eatre que c\u2019est une illusion que je fais. Il faut peut-\u00eatre que je me rende \u00e0 l\u2019\u00e9vidence&#8221;, reconna\u00eet-elle. &#8220;Je veux juste r\u00e9cup\u00e9rer ma fille et ma petite-fille&#8221;, s\u2019emporte-t-elle.<\/p>\n<p>L\u2019arrestation du compagnon de Manon sonne comme un &#8220;soulagement&#8221; pour elle. &#8220;Maintenant, j\u2019esp\u00e8re que Karim va dire la v\u00e9rit\u00e9&#8221;, clame-t-elle. Elle revient sur les mois pr\u00e9c\u00e9dents la disparition de sa fille. P\u00e9riode durant laquelle le couple battait de l\u2019aile en raison du comportement du suspect, en proie \u00e0 des &#8220;crises&#8221; et des &#8220;petites col\u00e8res&#8221;. L\u2019\u00e9leveuse originaire de Vend\u00e9e &#8220;pr\u00e9parait&#8221; sa s\u00e9paration avec son conjoint, d\u2019apr\u00e8s elle.\u00a0&#8220;Je pense qu\u2019elle en \u00e9tait \u00e0 la pr\u00e9paration de sa d\u00e9fense pour la garde de sa fille.&#8221;<\/p>\n<p class=\"std-elt__inline\">\n        <strong>\u00c0 lire aussi :<\/strong><br \/>\n        <a href=\"\/2026\/04\/21\/recit-disparition-de-manon-relandeau-en-loire-atlantique-une-fuite-en-algerie-et-la-terrible-hypothese-dun-meurtre-par-conjoint-13336373.php\">R\u00c9CIT. Disparition de Manon Relandeau en Loire-Atlantique\u00a0: une fuite en Alg\u00e9rie et la terrible hypoth\u00e8se d\u2019un meurtre par conjoint<\/a>\n    <\/p>\n<h2 class=\"txt-int\">Une prochaine extradition\u00a0?<\/h2>\n<p>Selon une information de <em>Presse Ocean<\/em>, la jeune maman <a href=\"https:\/\/www.ladepeche.fr\/2026\/04\/27\/disparition-de-manon-relandeau-en-loire-atlantique-la-jeune-eleveuse-avait-contacte-un-centre-pour-les-femmes-victimes-de-violences-avant-le-meurtre-13345843.php\" target=\"_self\">avait sollicit\u00e9 une structure<\/a> nantaise d\u00e9di\u00e9e \u00e0 l\u2019accompagnement des femmes victimes de violences peu avant sa disparition. L\u2019homme avec qui elle partageait sa vie, Abdelkarim B., \u00e9tait d\u00e9j\u00e0 connu de la\u00a0justice fran\u00e7aise pour une condamnation en 2019 pour violences conjugales sur une autre femme.<\/p>\n<p class=\"std-elt__inline\">\n        <strong>\u00c0 lire aussi :<\/strong><br \/>\n        <a href=\"\/2026\/04\/27\/disparition-de-manon-relandeau-en-loire-atlantique-qui-est-abdelkarim-b-son-conjoint-deja-condamne-pour-violences-conjugales-en-2019-13345604.php\">Disparition de Manon Relandeau en Loire-Atlantique\u00a0: qui est Abdelkarim B., son conjoint d\u00e9j\u00e0 condamn\u00e9 pour violences conjugales en 2019\u00a0?<\/a>\n    <\/p>\n<p>Peu avant son arrestation en Alg\u00e9rie, le quarantenaire aurait proclam\u00e9 son innocence \u00e0 plusieurs reprises sur TikTok. Il d\u00e9non\u00e7ait \u00e9galement l\u2019arrestation d\u2019une &#8220;femme de m\u00e9nage&#8221;, <a href=\"https:\/\/www.ladepeche.fr\/2026\/04\/27\/disparition-de-manon-relandeau-en-loire-atlantique-un-homme-et-une-femme-de-menage-mis-en-examen-soupconnes-davoir-aide-le-compagnon-a-fuir-en-algerie-13346328.php\" target=\"_self\">mise en examen avec un autre individu<\/a> la semaine derni\u00e8re en raison de leur implication pr\u00e9sum\u00e9e dans la fuite d\u2019Abdelkarim en Alg\u00e9rie. Malgr\u00e9 son arrestation, les incertitudes demeurent quant aux conditions d\u2019une \u00e9ventuelle extradition. Les relations diplomatiques entre Paris et Alger n\u2019\u00e9tant pas au beau fixe, marqu\u00e9s par des d\u00e9saccords politiques et des blocages sur certains dossiers.<\/p>\n<\/p><\/div>\n<p><a href=\"https:\/\/www.ladepeche.fr\/2026\/04\/28\/disparition-de-manon-relandeau-en-loire-atlantique-jespere-que-karim-va-dire-la-verite-lespoir-de-la-maman-de-leleveuse-apres-larrestation-du-13347883.php\">source<\/a><\/p>\n","protected":false},"excerpt":{"rendered":"<p>l&#8217;essentiel Alors que le compagnon et principal suspect dans la disparition de Manon Relandeau a \u00e9t\u00e9 interpell\u00e9 en Alg\u00e9rie, la m\u00e8re de la jeune \u00e9leveuse de 31 ans esp\u00e8re que sa fille est toujours vivante. D\u2019apr\u00e8s elle, Manon &#8220;pr\u00e9parait&#8221; sa s\u00e9paration avec son conjoint. Plus d\u2019un mois apr\u00e8s la disparition inqui\u00e9tante de Manon Relandeau, \u00e9leveuse [&hellip;]<\/p>\n","protected":false},"author":1,"featured_media":129968,"comment_status":"open","ping_status":"open","sticky":false,"template":"","format":"standard","meta":{"_monsterinsights_skip_tracking":false,"_monsterinsights_sitenote_active":false,"_monsterinsights_sitenote_note":"","_monsterinsights_sitenote_category":0,"footnotes":""},"categories":[1],"tags":[],"coauthors":[77],"class_list":["post-129967","post","type-post","status-publish","format-standard","has-post-thumbnail","hentry","category-a-la-une"],"aioseo_notices":[],"_links":{"self":[{"href":"https:\/\/pressactu.com\/index.php?rest_route=\/wp\/v2\/posts\/129967","targetHints":{"allow":["GET"]}}],"collection":[{"href":"https:\/\/pressactu.com\/index.php?rest_route=\/wp\/v2\/posts"}],"about":[{"href":"https:\/\/pressactu.com\/index.php?rest_route=\/wp\/v2\/types\/post"}],"author":[{"embeddable":true,"href":"https:\/\/pressactu.com\/index.php?rest_route=\/wp\/v2\/users\/1"}],"replies":[{"embeddable":true,"href":"https:\/\/pressactu.com\/index.php?rest_route=%2Fwp%2Fv2%2Fcomments&post=129967"}],"version-history":[{"count":0,"href":"https:\/\/pressactu.com\/index.php?rest_route=\/wp\/v2\/posts\/129967\/revisions"}],"wp:featuredmedia":[{"embeddable":true,"href":"https:\/\/pressactu.com\/index.php?rest_route=\/wp\/v2\/media\/129968"}],"wp:attachment":[{"href":"https:\/\/pressactu.com\/index.php?rest_route=%2Fwp%2Fv2%2Fmedia&parent=129967"}],"wp:term":[{"taxonomy":"category","embeddable":true,"href":"https:\/\/pressactu.com\/index.php?rest_route=%2Fwp%2Fv2%2Fcategories&post=129967"},{"taxonomy":"post_tag","embeddable":true,"href":"https:\/\/pressactu.com\/index.php?rest_route=%2Fwp%2Fv2%2Ftags&post=129967"},{"taxonomy":"author","embeddable":true,"href":"https:\/\/pressactu.com\/index.php?rest_route=%2Fwp%2Fv2%2Fcoauthors&post=129967"}],"curies":[{"name":"wp","href":"https:\/\/api.w.org\/{rel}","templated":true}]}}