{"id":129965,"date":"2026-04-29T01:01:29","date_gmt":"2026-04-29T01:01:29","guid":{"rendered":"https:\/\/pressactu.com\/?p=129965"},"modified":"2026-04-29T01:01:29","modified_gmt":"2026-04-29T01:01:29","slug":"petanque-la-fin-de-la-malediction-pour-les-veterans-de-colomiers-sacres-champions-de-haute-garonne-en-triplette","status":"publish","type":"post","link":"https:\/\/pressactu.com\/?p=129965","title":{"rendered":"P\u00e9tanque\u00a0: la fin de la mal\u00e9diction pour les v\u00e9t\u00e9rans de Colomiers, sacr\u00e9s champions de Haute-Garonne en triplette"},"content":{"rendered":"<p>\n                                                                    <span class=\"article-full__chapo-label hide-on-small-only\">l&#8217;essentiel<\/span><br \/>\n                                                                Les Colum\u00e9rins Patrick Escaich, Pierre Coumin et Philippe Faurel se sont empar\u00e9s de la couronne, la semaine derni\u00e8re, \u00e0 Miremont, \u00e0 l\u2019issue du championnat de Haute-Garonne v\u00e9t\u00e9rans en triplette masculine. Un bel aboutissement pour cette \u00e9quipe.\n                            <\/p>\n<div rel=\"js-article-content\" data-state=\"fixed-height\" data-selection=\"disabled\">\n                                                                                                                            <!-- Pub DFP Position [outstream] --><\/p>\n<p>\u00ab\u00a0Jamais deux sans trois\u00a0\u00bb, dites-vous\u00a0? Oui, mais pas dans le sens que l\u2019on imagine. Pourtant, jeudi dernier, quand Jean-Michel Martinez, Jacques Rouaix et Jean-Louis Gourse ont pris un \u00e9ph\u00e9m\u00e8re avantage (6-5), d\u2019aucuns ont pens\u00e9 \u00e0 un \u00e9ni\u00e8me remake du sc\u00e9nario faisant la part belle au m\u00e9chant adage figurant en pr\u00e9ambule.<br \/>Et pour cause. Kharbouch, Moussa et Kada ne s\u2019\u00e9taient-ils pas inclin\u00e9s \u00e0 deux reprises, \u00e0 quelques semaines d\u2019intervalle\u00a0? Mais si les sessions se suivent, leurs \u00e9pilogues respectifs ne se ressemblent pas forc\u00e9ment. Ainsi, assez logiquement d\u2019ailleurs aux dires des suiveurs les plus neutres, les Colum\u00e9rins se sont r\u00e9appropri\u00e9 le contr\u00f4le des op\u00e9rations. Escaich, Faurel (\u00ab\u00a0Minou\u00a0\u00bb, en l\u2019occurrence) et Coumin sont mont\u00e9s sur le pavois miremontais.<br \/>Alors, jamais deux sans trois, vraiment\u00a0? Oui, car le rendez-vous hexagonal, il faut le savoir, est programm\u00e9 les 19 et 20\u00a0ao\u00fbt prochains \u00e0 Saint-Yrieix-sur-Charente.<\/p>\n<p><!-- Pub DFP Position [article] --><\/p>\n<h2 class=\"txt-int\">2017\u00a0: un premier jalon en banlieue d\u2019Angoul\u00eame<\/h2>\n<p>Un site susceptible de rappeler d\u2019excellents souvenirs au dernier nomm\u00e9 et h\u00e9ros du jour, en quelque sorte\u00a0: \u00ab\u00a0J\u2019y ai remport\u00e9 le championnat des clubs, d\u2019abord en tant que coach, puis en tant que joueur\u00a0\u00bb, explique Pierre Coumin.<br \/>Pour l\u2019anecdote, au d\u00e9part, c\u2019est Jo\u00ebl Cabeau qui devait \u00e9voluer aux c\u00f4t\u00e9s d\u2019Escaich et de Faurel. De plus, celui qui avait repr\u00e9sent\u00e9 la BJ Colomiers et l\u2019Occitanie en septembre dernier au m\u00eame titre que Thierry Taurinya, de son propre aveu, n\u2019aurait pu, en cas de d\u00e9faite en finale, disputer le championnat d\u2019Occitanie, le 15\u00a0mai, \u00e0 Montauban. \u00ab\u00a0Je ne me suis pas mis de pression pour autant\u00a0\u00bb, conclut l\u2019embl\u00e9matique \u00ab\u00a0Pierrot\u00a0\u00bb qui, pour avoir vu le jour le 8\u00a0d\u00e9cembre 1953, soufflera donc ses soixante-treize bougies apr\u00e8s la trente et uni\u00e8me \u00e9dition en question.<br \/>Du c\u00f4t\u00e9 des Aussonnais auteurs d\u2019un tr\u00e8s beau parcours, pas d\u2019abattement particulier comme le confirme Jean-Louis Gourse\u00a0: \u00ab\u00a0Nos adversaires sont des amis qu\u2019il convient de f\u00e9liciter\u00a0\u00bb. Et \u00ab\u00a0Henri IV\u00a0\u00bb (m\u00eame si, \u00e0 blanc panache \u00e9quivalent, l\u2019ancien Colum\u00e9rin est de bonne souche catalane et non pas b\u00e9arnaise) de rendre un hommage appuy\u00e9 \u00e0 Jean-Michel Martinez, de loin le moins connu de tous les protagonistes de la finale remport\u00e9e sur le score de 13 \u00e0 7. Jacques Rouaix, on s\u2019en souvient, s\u2019\u00e9tait rendu \u00e0 Ax-les-Thermes avec les v\u00e9t\u00e9rans de Soupetard, il y a quatre ans de cela.<br \/>Dans le faisceau des projecteurs et \u00e0 la grande satisfaction, on s\u2019en doute, d\u2019Eric Hermann et de son staff, le trio compos\u00e9 de Barkate, de Brevier et de Sieurac, demi-finaliste. Coup de chapeau \u00e9galement \u00e0 la triplette asp\u00e9toise constitu\u00e9e de Jean-Claude Nguyen, de Thierry P\u00e9riss\u00e9 et de G\u00e9rard Piquemal.<br \/>C\u2019est cette formation qui a barr\u00e9 la route du dernier carr\u00e9 \u00e0 Ahmed Khadir, Michel Ferrand et \u00ab\u00a0Coco\u00a0\u00bb Lagarde\u00a0: 13-10.<\/p>\n<\/p><\/div>\n<p><a href=\"https:\/\/www.ladepeche.fr\/2026\/04\/28\/petanque-la-fin-de-la-malediction-pour-les-veterans-de-colomiers-sacres-champions-de-haute-garonne-en-triplette-13347808.php\">source<\/a><\/p>\n","protected":false},"excerpt":{"rendered":"<p>l&#8217;essentiel Les Colum\u00e9rins Patrick Escaich, Pierre Coumin et Philippe Faurel se sont empar\u00e9s de la couronne, la semaine derni\u00e8re, \u00e0 Miremont, \u00e0 l\u2019issue du championnat de Haute-Garonne v\u00e9t\u00e9rans en triplette masculine. Un bel aboutissement pour cette \u00e9quipe. \u00ab\u00a0Jamais deux sans trois\u00a0\u00bb, dites-vous\u00a0? Oui, mais pas dans le sens que l\u2019on imagine. Pourtant, jeudi dernier, quand [&hellip;]<\/p>\n","protected":false},"author":1,"featured_media":129966,"comment_status":"open","ping_status":"open","sticky":false,"template":"","format":"standard","meta":{"_monsterinsights_skip_tracking":false,"_monsterinsights_sitenote_active":false,"_monsterinsights_sitenote_note":"","_monsterinsights_sitenote_category":0,"footnotes":""},"categories":[71],"tags":[],"coauthors":[77],"class_list":["post-129965","post","type-post","status-publish","format-standard","has-post-thumbnail","hentry","category-sport"],"aioseo_notices":[],"_links":{"self":[{"href":"https:\/\/pressactu.com\/index.php?rest_route=\/wp\/v2\/posts\/129965","targetHints":{"allow":["GET"]}}],"collection":[{"href":"https:\/\/pressactu.com\/index.php?rest_route=\/wp\/v2\/posts"}],"about":[{"href":"https:\/\/pressactu.com\/index.php?rest_route=\/wp\/v2\/types\/post"}],"author":[{"embeddable":true,"href":"https:\/\/pressactu.com\/index.php?rest_route=\/wp\/v2\/users\/1"}],"replies":[{"embeddable":true,"href":"https:\/\/pressactu.com\/index.php?rest_route=%2Fwp%2Fv2%2Fcomments&post=129965"}],"version-history":[{"count":0,"href":"https:\/\/pressactu.com\/index.php?rest_route=\/wp\/v2\/posts\/129965\/revisions"}],"wp:featuredmedia":[{"embeddable":true,"href":"https:\/\/pressactu.com\/index.php?rest_route=\/wp\/v2\/media\/129966"}],"wp:attachment":[{"href":"https:\/\/pressactu.com\/index.php?rest_route=%2Fwp%2Fv2%2Fmedia&parent=129965"}],"wp:term":[{"taxonomy":"category","embeddable":true,"href":"https:\/\/pressactu.com\/index.php?rest_route=%2Fwp%2Fv2%2Fcategories&post=129965"},{"taxonomy":"post_tag","embeddable":true,"href":"https:\/\/pressactu.com\/index.php?rest_route=%2Fwp%2Fv2%2Ftags&post=129965"},{"taxonomy":"author","embeddable":true,"href":"https:\/\/pressactu.com\/index.php?rest_route=%2Fwp%2Fv2%2Fcoauthors&post=129965"}],"curies":[{"name":"wp","href":"https:\/\/api.w.org\/{rel}","templated":true}]}}