{"id":129963,"date":"2026-04-29T01:01:27","date_gmt":"2026-04-29T01:01:27","guid":{"rendered":"https:\/\/pressactu.com\/?p=129963"},"modified":"2026-04-29T01:01:27","modified_gmt":"2026-04-29T01:01:27","slug":"dans-lest-de-lafghanistan-une-universite-et-des-civils-cibles-par-des-tirs-sur-fond-de-tensions-avec-le-pakistan","status":"publish","type":"post","link":"https:\/\/pressactu.com\/?p=129963","title":{"rendered":"Dans l\u2019est de l\u2019Afghanistan, une universit\u00e9 et des civils cibl\u00e9s par des tirs sur fond de tensions avec le Pakistan"},"content":{"rendered":"<div>\n<figure class=\"hook-media--standard \"> <picture class=\"hook-media_picture pb-8\"><source media=\"(max-width: 768px)\" srcset=\"https:\/\/focus.nouvelobs.com\/2026\/04\/28\/0\/0\/5034\/3356\/375\/250\/75\/0\/add9eb0_upload-1-m8uujaolz5mv-000-a97p6g8.jpg 1x,https:\/\/focus.nouvelobs.com\/2026\/04\/28\/0\/0\/5034\/3356\/750\/500\/50\/0\/add9eb0_upload-1-m8uujaolz5mv-000-a97p6g8.jpg 2x\" width=\"375\" height=\"250\"><img fetchpriority=\"high\" decoding=\"async\" class=\"mx-auto\" src=\"data:image\/svg+xml,%3Csvg%20xmlns%3D%27http%3A%2F%2Fwww.w3.org%2F2000%2Fsvg%27%20fill%3D%22%23e4e4e4%22%20viewBox%3D%270%200%20510%20340%27%20width%3D%22510%22%20height%3D%22340%22%3E%3Cpath%20d%3D%27M0%200h510v340H0z%27%2F%3E%3C%2Fsvg%3E\" srcset=\"https:\/\/focus.nouvelobs.com\/2026\/04\/28\/0\/0\/5034\/3356\/510\/340\/75\/0\/add9eb0_upload-1-m8uujaolz5mv-000-a97p6g8.jpg 1x,https:\/\/focus.nouvelobs.com\/2026\/04\/28\/0\/0\/5034\/3356\/1020\/680\/50\/0\/add9eb0_upload-1-m8uujaolz5mv-000-a97p6g8.jpg 2x\" loading=\"eager\" width=\"510\" height=\"340\" data-oncrawl-image-size=\"510x340\" alt=\"Des Afghans inspectent une maison d\u00e9truite dans la province de Kunar, le 28\u00a0avril 2026. \"\/>   <\/source><\/picture><figcaption class=\"hook-media_figcaption\">\n<p class=\"latino-100m text-grey-600\">  Des Afghans inspectent une maison d\u00e9truite dans la province de Kunar, le 28\u00a0avril 2026. \u00a0<span class=\"text-grey-600 ms-4\">AIMAL ZAHIR \/ AFP<\/span>  <\/p>\n<\/figcaption><\/figure>\n<div class=\"article__share d-flex align-items-center py-24 border-bottom  mb-32\" style=\"--border-color:#D9D9D9;\">\n<div class=\"d-flex flex-wrap gap-16\">                                <button data-article-key=\"20260428.OBS114541\" aria-label=\"Lire\u00a0plus\u00a0tard\" data-section=\"Monde\" data-piano=\"Page_Article,Sous_date_publi,A_lire_plus_tard,1er_clic,action\" class=\"popover-trigger btn--tertiary btn--icon-only btn btn--small btn--secondary read-later\"> <i class=\"icon  icon-read-after\" aria-hidden=\"true\"\/>  <span class=\"latino-300r mt-2 \"> Lire\u00a0plus\u00a0tard <\/span>  <\/button>        <a aria-label=\"Nous suivre sur Google News\" href=\"https:\/\/news.google.com\/publications\/CAAqBwgKMJe4nQkw3dFs?hl=fr&amp;gl=FR&amp;ceid=FR%3Afr\" target=\"_blank\" data-piano=\"Page_Article,Sous_date_publi,Nous_suivre_sur_google_news,1er_clic,action\" class=\"btn btn--small btn--tertiary btn--icon-only\">    <svg class=\"icon icon--google  \" style=\"--fill:#56668A\">   <use href=\"\/bucket\/resources\/web\/img\/e86dad2a9be111d0faac.svg#google\"\/>  <\/svg>   <span class=\"latino-300r mt-2 \">Google Actualit\u00e9s<\/span>  <\/a>     <button id=\"share\" aria-label=\"Partager\" class=\"popover-trigger btn btn--small btn--tertiary btn--icon-only\" data-piano=\"Page_Article,Sous_date_publi,Partager,1er_clic,action\">    <svg class=\"icon icon--share-alt  \" style=\"--fill:var(--base-foreground-color,#171717)\">   <use href=\"\/bucket\/resources\/web\/img\/e86dad2a9be111d0faac.svg#share-alt\"\/>  <\/svg>  <span class=\"latino-300r mt-2\">Partager<\/span> <\/button> <\/p>\n<div id=\"popover-share\" data-url=\"https:\/\/www.nouvelobs.com\/monde\/20260428.OBS114541\/dans-l-est-de-l-afghanistan-une-universite-et-des-civils-cibles-par-des-tirs-sur-fond-de-tensions-avec-le-pakistan.html\" data-id=\"20260428.OBS114541\" data-popover-for=\"share\" class=\"popover p-32\" role=\"tooltip\" style=\"width: 375px\">\n<p>  <button onclick=\"setToFacebook();\" class=\"btn btn--large btn--secondary\" aria-label=\"Facebook\" piano-context-origin=\"Page_Article,Sous_date_publi,Partager,Facebook,action\">    <svg class=\"icon icon--facebook  \" style=\"--fill:var(--base-foreground-color,#171717)\">   <use href=\"\/bucket\/resources\/web\/img\/e86dad2a9be111d0faac.svg#facebook\"\/>  <\/svg>  <span class=\"latino-300r\">Facebook<\/span> <\/button> <button onclick=\"setToBsky();\" class=\"btn btn--large btn--secondary\" aria-label=\"Bluesky\" piano-context-origin=\"Page_Article,Sous_date_publi,Partager,Bluesky,action\">    <svg class=\"icon icon--bluesky  \" style=\"--fill:var(--base-foreground-color,#171717)\">   <use href=\"\/bucket\/resources\/web\/img\/e86dad2a9be111d0faac.svg#bluesky\"\/>  <\/svg>  <span class=\"latino-300r\">Bluesky<\/span> <\/button> <button id=\"mail-button\" onclick=\"setToMail(true)\" class=\"btn btn--large btn--secondary\" aria-label=\"Mail\" piano-context-origin=\"Page_Article,Sous_date_publi,Partager,Email,action\">    <svg class=\"icon icon--mail  \" style=\"--fill:var(--base-foreground-color,#171717)\">   <use href=\"\/bucket\/resources\/web\/img\/e86dad2a9be111d0faac.svg#mail\"\/>  <\/svg>  <span class=\"latino-300r\">E-mail<\/span> <\/button> <button onclick=\"setToClipboard();\" class=\"copy-button btn btn--large btn--secondary\" aria-label=\"copier le lien\" piano-context-origin=\"Page_Article,Sous_date_publi,Partager,Copier_lien,action\">    <svg class=\"icon icon--link  \" style=\"--fill:var(--base-foreground-color,#171717)\">   <use href=\"\/bucket\/resources\/web\/img\/e86dad2a9be111d0faac.svg#link\"\/>  <\/svg>  <span class=\"latino-300r\">Copier le lien<\/span> <\/button>  <\/p>\n<p> <button id=\"share-mail-submit\" type=\"submit\" form=\"mail-form\" onclick=\"__forecast.collectShareMail()\" class=\"latino-300r btn btn--large btn--black btn--fit\"> Envoyer <\/button> <\/p>\n<\/p><\/div>\n<p>                    <span data-urlencode=\"L2Fib25uZW1lbnQtYXZyaWwtMjAyNg==\" data-piano=\"Page_Article,Sous_date_publi,S_abonner_Printemps2026,1er_clic,action\" data-batch=\"clic_s_abonner\" class=\"btn btn--small btn--conversion-secondary\" style=\"--btn-color:#FFF;--btn-color-hover:#FFF;--btn-bg:#FC5F2B;--btn-bg-hover:#FC5F2B;--btn-bg-focus:#FC5F2B;--btn-border-color:#522DF7;\"> S\u2019abonner <\/span>       <\/div>\n<\/p><\/div>\n<p class=\"node__paragraphe antonia-750r text-grey-800 pb-24 pb-md-32\"> Des dizaines de civils ont \u00e9t\u00e9 tu\u00e9s ou bless\u00e9s lundi 27\u00a0avril dans des frappes qui ont touch\u00e9 l\u2019est de l\u2019Afghanistan, dont une universit\u00e9, a confirm\u00e9 l\u2019ONU ce mardi 28\u00a0avril, le gouvernement afghan bl\u00e2mant le Pakistan avec qui <a href=\"https:\/\/www.nouvelobs.com\/monde\/20260227.OBS112720\/guerre-ouverte-entre-le-pakistan-et-l-afghanistan-ce-que-l-on-sait.html\">il est en conflit depuis des mois.<\/a> <\/p>\n<h2 class=\"node__heading latino-800m latino-lg-1400e text-grey-800 pb-8 pb-md-16\"> \u2022\u00a0Des tirs d\u2019obus et de roquette <\/h2>\n<p class=\"node__paragraphe antonia-750r text-grey-800 pb-24 pb-md-32\"> Le gouvernement afghan a fait \u00e9tat lundi de sept civils tu\u00e9s et 85 bless\u00e9s par des tirs d\u2019obus et de roquettes des forces pakistanaises dans la province de Kunar, voisine du Pakistan, notamment dans la ville d\u2019Asadabad. <em>\u00ab\u00a0Toutes les victimes sont des civils\u00a0\u00bb<\/em>, a pr\u00e9cis\u00e9 le directeur du d\u00e9partement de la Sant\u00e9 publique de la province de Kunar, Muzaffar Mukhlis. Le porte-parole du gouvernement, Hamdullah Fitrat, avait d\u00e9plor\u00e9 que les attaques, en pleine apr\u00e8s-midi, aient touch\u00e9 <em>\u00ab\u00a0des maisons civiles et l\u2019universit\u00e9\u00a0\u00bb<\/em>. <\/p>\n<p class=\"node__paragraphe antonia-750r text-grey-800 pb-24 pb-md-32\"> <em>\u00ab\u00a0Une personne a \u00e9t\u00e9 tu\u00e9e dans le village de Rabot aujourd\u2019hui\u00a0\u00bb<\/em>, a dit \u00e0 l\u2019Agence France presse (AFP) Mushtaq Wazir, qui vit dans le district de Barmal. Un autre habitant de cette r\u00e9gion, Suhbat Katwazi, a aussi fait \u00e9tat d\u2019un mort dans ce village quand <em>\u00ab\u00a0un obus de mortier a touch\u00e9 une maison\u00a0\u00bb<\/em>. <\/p>\n<p class=\"node__paragraphe antonia-750r text-grey-800 pb-24 pb-md-32\"> La mission de l\u2019ONU en Afghanistan (Unama), qui a un mandat pour documenter les attaques contre des civils, a confirm\u00e9 ces frappes mais n\u2019a pas pr\u00e9cis\u00e9 \u00e0 ce stade le d\u00e9compte exact entre morts et bless\u00e9s. <em>\u00ab\u00a0Selon le droit international humanitaire, les civils et les infrastructures civiles dont les \u00e9tablissements d\u2019\u00e9ducation, doivent \u00eatre prot\u00e9g\u00e9s en toutes circonstances\u00a0\u00bb<\/em>, a rappel\u00e9 l\u2019Unama sur X. <\/p>\n<figure class=\"node__media-image  \">\n<div class=\"offcanvas-wrapper\"> <picture class=\"pb-8\"><source media=\"(min-width: 769px) and (max-width: 1024px)\" srcset=\"https:\/\/focus.nouvelobs.com\/2026\/04\/28\/0\/0\/13500\/9000\/900\/0\/75\/0\/ccce4eb_ftp-1-dkoqkqznopq0-afp-a9766cq.jpg 1x, https:\/\/focus.nouvelobs.com\/2026\/04\/28\/0\/0\/13500\/9000\/1800\/0\/50\/0\/ccce4eb_ftp-1-dkoqkqznopq0-afp-a9766cq.jpg 2x\"\/><source media=\"(max-width: 450px)\" srcset=\"https:\/\/focus.nouvelobs.com\/2026\/04\/28\/0\/0\/13500\/9000\/450\/0\/75\/0\/ccce4eb_ftp-1-dkoqkqznopq0-afp-a9766cq.jpg 1x, https:\/\/focus.nouvelobs.com\/2026\/04\/28\/0\/0\/13500\/9000\/900\/0\/50\/0\/ccce4eb_ftp-1-dkoqkqznopq0-afp-a9766cq.jpg 2x\"\/><source media=\"(max-width: 768px)\" srcset=\"https:\/\/focus.nouvelobs.com\/2026\/04\/28\/0\/0\/13500\/9000\/768\/0\/75\/0\/ccce4eb_ftp-1-dkoqkqznopq0-afp-a9766cq.jpg 1x, https:\/\/focus.nouvelobs.com\/2026\/04\/28\/0\/0\/13500\/9000\/1536\/0\/50\/0\/ccce4eb_ftp-1-dkoqkqznopq0-afp-a9766cq.jpg 2x\"\/><img loading=\"lazy\" decoding=\"async\" class=\"w-100\" src=\"data:image\/svg+xml,%3Csvg%20xmlns%3D%27http%3A%2F%2Fwww.w3.org%2F2000%2Fsvg%27%20fill%3D%22%23e4e4e4%22%20viewBox%3D%270%200%20630%200%27%20width%3D%22630%22%20height%3D%220%22%3E%3Cpath%20d%3D%27M0%200h630v0H0z%27%2F%3E%3C%2Fsvg%3E\" srcset=\"https:\/\/focus.nouvelobs.com\/2026\/04\/28\/0\/0\/13500\/9000\/630\/0\/75\/0\/ccce4eb_ftp-1-dkoqkqznopq0-afp-a9766cq.jpg 1x, https:\/\/focus.nouvelobs.com\/2026\/04\/28\/0\/0\/13500\/9000\/1260\/0\/50\/0\/ccce4eb_ftp-1-dkoqkqznopq0-afp-a9766cq.jpg 2x\" alt=\"Dans l\u2019est de l\u2019Afghanistan, \u00e0 la fronti\u00e8re avec le Pakistan, plusieurs maisons ont \u00e9t\u00e9 endommag\u00e9es par des tirs.\" width=\"630\" height=\"0\" loading=\"lazy\"\/> <\/picture><figcaption class=\"node__media-image-caption d-block mb-16\">\n<p class=\"latino-100m text-grey-600\"> Dans l\u2019est de l\u2019Afghanistan, \u00e0 la fronti\u00e8re avec le Pakistan, plusieurs maisons ont \u00e9t\u00e9 endommag\u00e9es par des tirs.  <span class=\"ms-4\">ABDUL BASIT \/ AFP<\/span>  <\/p>\n<\/figcaption><\/div>\n<\/figure>\n<p class=\"node__paragraphe antonia-750r text-grey-800 pb-24 pb-md-32\"> Le minist\u00e8re pakistanais de l\u2019Information a ni\u00e9 avoir frapp\u00e9 des zones d\u2019habitation ou l\u2019Universit\u00e9 d\u2019Asadabad, qualifiant les propos en ce sens de <em>\u00ab\u00a0mensonges \u00e9hont\u00e9s\u00a0\u00bb<\/em>. <\/p>\n<p class=\"node__paragraphe antonia-750r text-grey-800 pb-24 pb-md-32\"> Lundi soir, un correspondant de l\u2019AFP a pu voir une maison endommag\u00e9e par des tirs d\u2019obus et plusieurs bless\u00e9s \u00e0 l\u2019h\u00f4pital provincial d\u2019Asadabad. <\/p>\n<h2 class=\"node__heading latino-800m latino-lg-1400e text-grey-800 pb-8 pb-md-16\"> \u2022 L\u2019universit\u00e9 d\u2019Asadabad endommag\u00e9e <\/h2>\n<p class=\"node__paragraphe antonia-750r text-grey-800 pb-24 pb-md-32\"> Ce mardi, des \u00e9tudiants ont t\u00e9moign\u00e9 des \u00e9v\u00e9nements de la veille, sans donner leur nom de famille pour des raisons de s\u00e9curit\u00e9. <\/p>\n<p class=\"node__paragraphe antonia-750r text-grey-800 pb-24 pb-md-32\"> <em>\u00ab\u00a0Le professeur \u00e9tait en train de faire son cours, c\u2019\u00e9tait environ 14h30, et il y a eu un grand bruit\u00a0; nous nous sommes tous allong\u00e9s par terre\u00a0\u00bb<\/em>, a racont\u00e9 Irfanullah, 20\u00a0ans, \u00e9tudiant en psychologie \u00e0 la facult\u00e9 d\u2019Education. <em>\u00ab\u00a0Chaque \u00e9tudiant a essay\u00e9 de se mettre \u00e0 l\u2019abri, mais les fen\u00eatres se sont bris\u00e9es et certains ont \u00e9t\u00e9 bless\u00e9s\u00a0\u00bb<\/em>, a-t-il poursuivi. <\/p>\n<figure class=\"node__media-image  \">\n<div class=\"offcanvas-wrapper\"> <picture class=\"pb-8\"><source media=\"(min-width: 769px) and (max-width: 1024px)\" srcset=\"https:\/\/focus.nouvelobs.com\/2026\/04\/28\/0\/0\/4822\/3215\/900\/0\/75\/0\/fc3e452_ftp-1-57shacy2026k-afp-a97p7cr.jpg 1x, https:\/\/focus.nouvelobs.com\/2026\/04\/28\/0\/0\/4822\/3215\/1800\/0\/50\/0\/fc3e452_ftp-1-57shacy2026k-afp-a97p7cr.jpg 2x\"\/><source media=\"(max-width: 450px)\" srcset=\"https:\/\/focus.nouvelobs.com\/2026\/04\/28\/0\/0\/4822\/3215\/450\/0\/75\/0\/fc3e452_ftp-1-57shacy2026k-afp-a97p7cr.jpg 1x, https:\/\/focus.nouvelobs.com\/2026\/04\/28\/0\/0\/4822\/3215\/900\/0\/50\/0\/fc3e452_ftp-1-57shacy2026k-afp-a97p7cr.jpg 2x\"\/><source media=\"(max-width: 768px)\" srcset=\"https:\/\/focus.nouvelobs.com\/2026\/04\/28\/0\/0\/4822\/3215\/768\/0\/75\/0\/fc3e452_ftp-1-57shacy2026k-afp-a97p7cr.jpg 1x, https:\/\/focus.nouvelobs.com\/2026\/04\/28\/0\/0\/4822\/3215\/1536\/0\/50\/0\/fc3e452_ftp-1-57shacy2026k-afp-a97p7cr.jpg 2x\"\/><img loading=\"lazy\" decoding=\"async\" class=\"w-100\" src=\"data:image\/svg+xml,%3Csvg%20xmlns%3D%27http%3A%2F%2Fwww.w3.org%2F2000%2Fsvg%27%20fill%3D%22%23e4e4e4%22%20viewBox%3D%270%200%20630%200%27%20width%3D%22630%22%20height%3D%220%22%3E%3Cpath%20d%3D%27M0%200h630v0H0z%27%2F%3E%3C%2Fsvg%3E\" srcset=\"https:\/\/focus.nouvelobs.com\/2026\/04\/28\/0\/0\/4822\/3215\/630\/0\/75\/0\/fc3e452_ftp-1-57shacy2026k-afp-a97p7cr.jpg 1x, https:\/\/focus.nouvelobs.com\/2026\/04\/28\/0\/0\/4822\/3215\/1260\/0\/50\/0\/fc3e452_ftp-1-57shacy2026k-afp-a97p7cr.jpg 2x\" alt=\"Un tir d\u2019obus de l\u2019arm\u00e9e pakistanaise a cr\u00e9\u00e9 un trou dans le toit de l\u2019universit\u00e9 d\u2019Asadabad.\" width=\"630\" height=\"0\" loading=\"lazy\"\/> <\/picture><figcaption class=\"node__media-image-caption d-block mb-16\">\n<p class=\"latino-100m text-grey-600\"> Un tir d\u2019obus de l\u2019arm\u00e9e pakistanaise a cr\u00e9\u00e9 un trou dans le toit de l\u2019universit\u00e9 d\u2019Asadabad.  <span class=\"ms-4\">AIMAL ZAHIR \/ AFP<\/span>  <\/p>\n<\/figcaption><\/div>\n<\/figure>\n<p class=\"node__paragraphe antonia-750r text-grey-800 pb-24 pb-md-32\"> Un autre \u00e9tudiant du d\u00e9partement de g\u00e9ographie, Ibadullah, 23\u00a0ans, a racont\u00e9 avoir fui la salle de classe avec ses camarades en laissant les livres sur place. Plusieurs salles de la facult\u00e9 d\u2019\u00e9ducation avaient des vitres bris\u00e9es, a constat\u00e9 un journaliste de l\u2019AFP mardi, tandis que les panneaux solaires du toit ont \u00e9t\u00e9 tordus par un impact. <\/p>\n<h2 class=\"node__heading latino-800m latino-lg-1400e text-grey-800 pb-8 pb-md-16\"> \u2022 Le charg\u00e9 d\u2019affaires de l\u2019ambassade du Pakistan convoqu\u00e9 <\/h2>\n<p class=\"node__paragraphe antonia-750r text-grey-800 pb-24 pb-md-32\"> Ce mardi, le minist\u00e8re des Affaires \u00e9trang\u00e8res afghan a indiqu\u00e9 sur X avoir <em>\u00ab\u00a0convoqu\u00e9\u00a0\u00bb<\/em> le charg\u00e9 d\u2019affaires de l\u2019ambassade du Pakistan pour <em>\u00ab\u00a0protester contre les attaques\u00a0\u00bb<\/em>. Qualifiant ces actes de <em>\u00ab\u00a0provocation\u00a0\u00bb<\/em>, il a appel\u00e9 son voisin <em>\u00ab\u00a0\u00e0 la retenue\u00a0\u00bb<\/em>. <\/p>\n<h2 class=\"node__heading latino-800m latino-lg-1400e text-grey-800 pb-8 pb-md-16\"> \u2022 Un conflit entre les deux pays relanc\u00e9 le 26\u00a0f\u00e9vrier <\/h2>\n<p class=\"node__paragraphe antonia-750r text-grey-800 pb-24 pb-md-32\"> Le Pakistan et l\u2019Afghanistan sont en conflit depuis des mois. Le premier accuse le second d\u2019accueillir des combattants du mouvement des talibans pakistanais (TTP) qui ont revendiqu\u00e9 des attaques meurtri\u00e8res au Pakistan. Les autorit\u00e9s talibanes afghanes le d\u00e9mentent. <\/p>\n<p class=\"node__paragraphe antonia-750r text-grey-800 pb-24 pb-md-32\"> Les violences se sont intensifi\u00e9es le 26\u00a0f\u00e9vrier, le Pakistan \u00e9voquant m\u00eame alors une <em>\u00ab\u00a0guerre ouverte\u00a0\u00bb<\/em> contre l\u2019Afghanistan et bombardant plusieurs fois sa capitale Kaboul, ainsi que Kandahar (sud) o\u00f9 vit le chef supr\u00eame des talibans et des zones frontali\u00e8res. <\/p>\n<p class=\"node__paragraphe antonia-750r text-grey-800 pb-24 pb-md-32\"> Malgr\u00e9 une tr\u00eave de quelques jours fin mars <a href=\"https:\/\/www.nouvelobs.com\/monde\/20260318.OBS113317\/le-pakistan-et-l-afghanistan-annoncent-une-treve-pour-la-fin-du-ramadan.html\">lors de la fin du ramadan<\/a>, puis des pourparlers en Chine d\u00e9but avril \u00e0 l\u2019issue desquels les deux pays s\u2019\u00e9taient engag\u00e9s \u00e0 \u00e9viter toute escalade selon P\u00e9kin, aucun cessez-le-feu n\u2019a \u00e9t\u00e9 conclu. <\/p>\n<p class=\"node__paragraphe antonia-750r text-grey-800 pb-24 pb-md-32\"> Des centaines de civils ont \u00e9t\u00e9 tu\u00e9s et bless\u00e9s depuis le 26\u00a0f\u00e9vrier en Afghanistan et 100\u00a0000 personnes d\u00e9plac\u00e9es, dont plus de 25\u00a0000 dans la province de Kunar, selon les agences de l\u2019ONU <\/p>\n<div class=\"article__author pb-32\">\n<p class=\"authors latino-600m text-grey-800\">        <span>Par\u00a0<\/span> Service Actu\u00a0(avec AFP)<\/p>\n<\/p><\/div>\n<\/p><\/div>\n<p><a href=\"https:\/\/www.nouvelobs.com\/monde\/20260428.OBS114541\/dans-l-est-de-l-afghanistan-une-universite-et-des-civils-cibles-par-des-tirs-sur-fond-de-tensions-avec-le-pakistan.html\">source<\/a><\/p>\n","protected":false},"excerpt":{"rendered":"<p>Des Afghans inspectent une maison d\u00e9truite dans la province de Kunar, le 28\u00a0avril 2026. \u00a0AIMAL ZAHIR \/ AFP Lire\u00a0plus\u00a0tard Google Actualit\u00e9s Partager Facebook Bluesky E-mail Copier le lien Envoyer S\u2019abonner Des dizaines de civils ont \u00e9t\u00e9 tu\u00e9s ou bless\u00e9s lundi 27\u00a0avril dans des frappes qui ont touch\u00e9 l\u2019est de l\u2019Afghanistan, dont une universit\u00e9, a confirm\u00e9 [&hellip;]<\/p>\n","protected":false},"author":1,"featured_media":129964,"comment_status":"open","ping_status":"open","sticky":false,"template":"","format":"standard","meta":{"_monsterinsights_skip_tracking":false,"_monsterinsights_sitenote_active":false,"_monsterinsights_sitenote_note":"","_monsterinsights_sitenote_category":0,"footnotes":""},"categories":[75],"tags":[],"coauthors":[77],"class_list":["post-129963","post","type-post","status-publish","format-standard","has-post-thumbnail","hentry","category-monde"],"aioseo_notices":[],"_links":{"self":[{"href":"https:\/\/pressactu.com\/index.php?rest_route=\/wp\/v2\/posts\/129963","targetHints":{"allow":["GET"]}}],"collection":[{"href":"https:\/\/pressactu.com\/index.php?rest_route=\/wp\/v2\/posts"}],"about":[{"href":"https:\/\/pressactu.com\/index.php?rest_route=\/wp\/v2\/types\/post"}],"author":[{"embeddable":true,"href":"https:\/\/pressactu.com\/index.php?rest_route=\/wp\/v2\/users\/1"}],"replies":[{"embeddable":true,"href":"https:\/\/pressactu.com\/index.php?rest_route=%2Fwp%2Fv2%2Fcomments&post=129963"}],"version-history":[{"count":0,"href":"https:\/\/pressactu.com\/index.php?rest_route=\/wp\/v2\/posts\/129963\/revisions"}],"wp:featuredmedia":[{"embeddable":true,"href":"https:\/\/pressactu.com\/index.php?rest_route=\/wp\/v2\/media\/129964"}],"wp:attachment":[{"href":"https:\/\/pressactu.com\/index.php?rest_route=%2Fwp%2Fv2%2Fmedia&parent=129963"}],"wp:term":[{"taxonomy":"category","embeddable":true,"href":"https:\/\/pressactu.com\/index.php?rest_route=%2Fwp%2Fv2%2Fcategories&post=129963"},{"taxonomy":"post_tag","embeddable":true,"href":"https:\/\/pressactu.com\/index.php?rest_route=%2Fwp%2Fv2%2Ftags&post=129963"},{"taxonomy":"author","embeddable":true,"href":"https:\/\/pressactu.com\/index.php?rest_route=%2Fwp%2Fv2%2Fcoauthors&post=129963"}],"curies":[{"name":"wp","href":"https:\/\/api.w.org\/{rel}","templated":true}]}}