{"id":129961,"date":"2026-04-28T23:54:31","date_gmt":"2026-04-28T23:54:31","guid":{"rendered":"https:\/\/pressactu.com\/?p=129961"},"modified":"2026-04-28T23:54:31","modified_gmt":"2026-04-28T23:54:31","slug":"moins-dattaques-davantage-de-prevention-mais-le-sujet-reste-sensible-discrets-dans-les-hautes-pyrenees-les-predateurs-ours-et-loup-agitent-les-montagnes","status":"publish","type":"post","link":"https:\/\/pressactu.com\/?p=129961","title":{"rendered":"&quot;Moins d\u2019attaques, davantage de pr\u00e9vention, mais le sujet reste sensible&quot;\u00a0: discrets dans les Hautes-Pyr\u00e9n\u00e9es, les pr\u00e9dateurs ours et loup agitent les montagnes"},"content":{"rendered":"<p>\n                                                                    <span class=\"article-full__chapo-label hide-on-small-only\">l&#8217;essentiel<\/span><br \/>\n                                                                Alors que plusieurs attaques se sont produites dans le B\u00e9arn, une seule pr\u00e9dation a \u00e9t\u00e9 relev\u00e9e depuis le d\u00e9but de l\u2019ann\u00e9e dans les Hautes-Pyr\u00e9n\u00e9es. L\u2019an dernier, 40 constats avaient \u00e9t\u00e9 r\u00e9alis\u00e9s, soit le plus faible total. Dans le m\u00eame temps, les mesures de protection se d\u00e9veloppent. Un comit\u00e9 a r\u00e9uni tous les acteurs mi-avril. Voici tout ce qu\u2019il faut savoir.\n                            <\/p>\n<div rel=\"js-article-content\" data-state=\"fixed-height\" data-selection=\"disabled\">\n                                                                                                                            <!-- Pub DFP Position [outstream] --><\/p>\n<p>Une attaque sur les cinq premiers mois. Sur une ch\u00e8vre \u00e0 Salles en f\u00e9vrier pour laquelle l\u2019intervention du loup n\u2019est pas exclue. Sinon, il faut remonter \u00e0 d\u00e9cembre pour retrouver trace d\u2019une pr\u00e9dation sur les Hautes-Pyr\u00e9n\u00e9es. Une relative qui\u00e9tude dans les vall\u00e9es alors que les troupeaux sont encore en plaine, qui prolonge une ann\u00e9e 2025 plut\u00f4t calme. &#8220;La pression de pr\u00e9dation a \u00e9t\u00e9 moins forte&#8221; avoue Malik A\u00eft-A\u00efssa, le directeur de la DDT (direction d\u00e9partementale des territoires).<\/p>\n<p><!-- Pub DFP Position [article] --><\/p>\n<div class=\"center-align\" rel=\"js-article-inline-img\" data-protec-aida=\"image\">\n<figure class=\"std-img\" data-src=\"https:\/\/images.ladepeche.fr\/api\/v1\/images\/view\/69f0d9e019177c877e04b7f4\/original\/image.jpg?v=1\">\n        <img decoding=\"async\" class=\"std-img__img responsive-img\" src=\"http:\/\/pressactu.com\/wp-content\/uploads\/2026\/04\/1777420470_172_image.jpg?v=1\" alt=\"L\u2019an dernier, une attaque sur ce troupeau et des images du loup dans le village avaient suscit\u00e9 un vif \u00e9moi d\u00e8s le mois de janvier \u00e0 Agos-Vidalos.\"\/><figcaption class=\"article-full__media-infos\">\n                <span class=\"article-full__media-legend\">L\u2019an dernier, une attaque sur ce troupeau et des images du loup dans le village avaient suscit\u00e9 un vif \u00e9moi d\u00e8s le mois de janvier \u00e0 Agos-Vidalos.<\/span><br \/>\n                                    <span class=\"article-full__media-author\">Cl\u00e9ment Beaume<\/span><br \/>\n                            <\/figcaption><\/figure>\n<\/div>\n<p>Au total, les agents de l\u2019OFB et du Parc national ont relev\u00e9 40 constats de pr\u00e9dation en 2025 contre 69 l\u2019ann\u00e9e pr\u00e9c\u00e9dente, soit 34\u00a0000\u00a0\u20ac d\u2019indemnisations pour les \u00e9leveurs touch\u00e9s contre 84\u00a0000\u00a0\u20ac en 2024. Des attaques qui se r\u00e9partissent de mani\u00e8re \u00e9quilibr\u00e9e sur le d\u00e9partement entre ours et loup. &#8220;G\u00e9ographiquement, les zones sont par contre bien cibl\u00e9es. L\u2019ours est plus \u00e0 l\u2019Est, dans les vall\u00e9es d\u2019Aure et du Louron, et le loup \u00e0 l\u2019ouest, dans la vall\u00e9e des gaves.&#8221; Six indices de pr\u00e9sence d\u2019ours ont \u00e9t\u00e9 relev\u00e9s en 2025, dont trois pour le seul\u00a0Canelito, soit quatre individus sur le d\u00e9partement. &#8220;Ce sont des ours m\u00e2les plut\u00f4t de passage entre les zones de pr\u00e9sence de femelles.&#8221;<\/p>\n<h2 class=\"txt-int\">M\u00eame l\u2019IA s\u2019en m\u00eale<\/h2>\n<p>Quant au loup, un individu a \u00e9t\u00e9 rep\u00e9r\u00e9 sur le territoire l\u2019an dernier. Le second, qui avait s\u00e9vi en 2022, sur le Hautacam a disparu, depuis, du d\u00e9partement. &#8220;L\u2019ann\u00e9e avait d\u00e9but\u00e9 avec beaucoup d\u2019\u00e9moi \u00e0 Agos-Vidalos suite \u00e0 des attaques attribu\u00e9es au loup, qui avait \u00e9t\u00e9 vu dans le village, se souvient le directeur de la DDT.\u00a0C\u2019est un sujet qui reste sensible malgr\u00e9 la baisse des attaques et que l\u2019on suit au plus pr\u00e8s au niveau des services de l\u2019\u00c9tat, et avec une transparence maximale. D\u00e8s qu\u2019on a une information, on la partage avec tous les acteurs. Mais avant, on la v\u00e9rifie. Car par exemple, le week-end pr\u00e9c\u00e9dant ce\u00a0comit\u00e9 d\u00e9partemental de pr\u00e9dation, on a re\u00e7u des images d\u2019un ours sur le Pibeste, mais qui avaient \u00e9t\u00e9 r\u00e9alis\u00e9es par l\u2019intelligence artificielle.&#8221;<\/p>\n<p>Preuve de la sensibilit\u00e9 du sujet dont s\u2019emparent les acteurs. Ainsi, les \u00e9leveurs ont eu davantage recours aux dispositifs d\u2019accompagnement mis en place, au niveau des gardiens salari\u00e9s, 51 sur le d\u00e9partement. Mais aussi pour les chiens de protection, 56 financ\u00e9s l\u2019an dernier et 182 accompagn\u00e9s pour les diff\u00e9rents frais. Des accompagnements techniques comme du barri\u00e9rage, du parcage, sont aussi mis en place. Des mesures en hausse de 15\u00a0% en un an. &#8220;Il y a une prise de conscience, encourag\u00e9e par les aides de l\u2019\u00c9tat, pr\u00e9cise Malik A\u00eft-A\u00efssa. Plusieurs \u00e9leveurs du Val d\u2019Azun ont particip\u00e9 \u00e0 un voyage dans les Alpes, sur un territoire o\u00f9 \u00e9voluent plusieurs meutes, m\u00eame si ce syst\u00e8me ne semble pas adaptable au pastoralisme pyr\u00e9n\u00e9en.&#8221;<\/p>\n<h2 class=\"txt-int\">Tirs de d\u00e9fense facilit\u00e9s en vall\u00e9e des Gaves<\/h2>\n<p>Si le nombre d\u2019attaques dans les Hautes-Pyr\u00e9n\u00e9es est bien moins \u00e9lev\u00e9 qu\u2019en B\u00e9arn, le cadre r\u00e9glementaire a \u00e9volu\u00e9 en Bigorre comme dans tout le pays, depuis le 1er\u00a0avril, suite \u00e0 l\u2019arr\u00eat\u00e9 minist\u00e9riel du 23\u00a0f\u00e9vrier. Un nouveau dispositif d\u2019action par rapport \u00e0 la protection rapproch\u00e9e face au loup, cons\u00e9quence du changement de statut de l\u2019esp\u00e8ce. &#8220;Avant les tirs de d\u00e9fense \u00e9taient tous soumis au r\u00e9gime d\u2019autorisation, pr\u00e9cise Malik A\u00eft-A\u00efssa. D\u00e9sormais dans les zones C0, C1 et C2, c\u2019est-\u00e0-dire les vall\u00e9es des Gaves et d\u2019Azun, c\u2019est le r\u00e9gime de d\u00e9claration, via une plateforme, qui pr\u00e9vaut. L\u2019\u00e9leveur ou le groupement pastoral doit identifier deux tireurs mandat\u00e9s, afin qu\u2019un r\u00e9c\u00e9piss\u00e9 soit d\u00e9livr\u00e9. Sur le reste du territoire, les tirs sont toujours soumis \u00e0 la r\u00e8gle d\u2019autorisation, avec d\u2019autres mesures au pr\u00e9alable, comme de l\u2019effarouchement.&#8221;<\/p>\n<p>Un sujet des pr\u00e9dations qui devrait encore agiter les montagnes, quand les troupeaux auront regagn\u00e9 les estives dans quelques semaines.<\/p>\n<\/p><\/div>\n<p><a href=\"https:\/\/www.ladepeche.fr\/2026\/04\/28\/moins-de-predations-davantage-de-prevention-mais-le-sujet-reste-sensible-discrets-dans-les-hautes-pyrenees-les-predateurs-ours-et-loup-agitent-les-13347596.php\">source<\/a><\/p>\n","protected":false},"excerpt":{"rendered":"<p>l&#8217;essentiel Alors que plusieurs attaques se sont produites dans le B\u00e9arn, une seule pr\u00e9dation a \u00e9t\u00e9 relev\u00e9e depuis le d\u00e9but de l\u2019ann\u00e9e dans les Hautes-Pyr\u00e9n\u00e9es. L\u2019an dernier, 40 constats avaient \u00e9t\u00e9 r\u00e9alis\u00e9s, soit le plus faible total. Dans le m\u00eame temps, les mesures de protection se d\u00e9veloppent. Un comit\u00e9 a r\u00e9uni tous les acteurs mi-avril. [&hellip;]<\/p>\n","protected":false},"author":1,"featured_media":129962,"comment_status":"open","ping_status":"open","sticky":false,"template":"","format":"standard","meta":{"_monsterinsights_skip_tracking":false,"_monsterinsights_sitenote_active":false,"_monsterinsights_sitenote_note":"","_monsterinsights_sitenote_category":0,"footnotes":""},"categories":[74],"tags":[],"coauthors":[77],"class_list":["post-129961","post","type-post","status-publish","format-standard","has-post-thumbnail","hentry","category-economie"],"aioseo_notices":[],"_links":{"self":[{"href":"https:\/\/pressactu.com\/index.php?rest_route=\/wp\/v2\/posts\/129961","targetHints":{"allow":["GET"]}}],"collection":[{"href":"https:\/\/pressactu.com\/index.php?rest_route=\/wp\/v2\/posts"}],"about":[{"href":"https:\/\/pressactu.com\/index.php?rest_route=\/wp\/v2\/types\/post"}],"author":[{"embeddable":true,"href":"https:\/\/pressactu.com\/index.php?rest_route=\/wp\/v2\/users\/1"}],"replies":[{"embeddable":true,"href":"https:\/\/pressactu.com\/index.php?rest_route=%2Fwp%2Fv2%2Fcomments&post=129961"}],"version-history":[{"count":0,"href":"https:\/\/pressactu.com\/index.php?rest_route=\/wp\/v2\/posts\/129961\/revisions"}],"wp:featuredmedia":[{"embeddable":true,"href":"https:\/\/pressactu.com\/index.php?rest_route=\/wp\/v2\/media\/129962"}],"wp:attachment":[{"href":"https:\/\/pressactu.com\/index.php?rest_route=%2Fwp%2Fv2%2Fmedia&parent=129961"}],"wp:term":[{"taxonomy":"category","embeddable":true,"href":"https:\/\/pressactu.com\/index.php?rest_route=%2Fwp%2Fv2%2Fcategories&post=129961"},{"taxonomy":"post_tag","embeddable":true,"href":"https:\/\/pressactu.com\/index.php?rest_route=%2Fwp%2Fv2%2Ftags&post=129961"},{"taxonomy":"author","embeddable":true,"href":"https:\/\/pressactu.com\/index.php?rest_route=%2Fwp%2Fv2%2Fcoauthors&post=129961"}],"curies":[{"name":"wp","href":"https:\/\/api.w.org\/{rel}","templated":true}]}}