{"id":129958,"date":"2026-04-28T23:23:34","date_gmt":"2026-04-28T23:23:34","guid":{"rendered":"https:\/\/pressactu.com\/?p=129958"},"modified":"2026-04-28T23:23:34","modified_gmt":"2026-04-28T23:23:34","slug":"direct-guerre-au-moyen-orient-larmee-americaine-arraisonne-un-bateau-suspecte-de-se-diriger-vers-un-port-iranien","status":"publish","type":"post","link":"https:\/\/pressactu.com\/?p=129958","title":{"rendered":"DIRECT. Guerre au Moyen-Orient\u00a0: l\u2019arm\u00e9e am\u00e9ricaine arraisonne un bateau suspect\u00e9 de se diriger vers un port iranien"},"content":{"rendered":"<div id=\"live_post_EVMOJ37F93Q1VQ3\"><span class=\"live-post__date\">22h37.<\/span><\/p>\n<div class=\"live-post__content\">\n<h2 class=\"live-post__title\">Merci de nous avoir suivi<\/h2>\n<p class=\"live-post__amorce\">C&#8217;est la fin de ce direct<\/p>\n<\/div>\n<\/div>\n<div id=\"live_post_EVMOIXFEDTW0SJ9\"><span class=\"live-post__date\">19h55.<\/span><\/p>\n<div class=\"live-post__content\">\n<h2 class=\"live-post__title\">L&#8217;arm\u00e9e am\u00e9ricaine arraisonne un bateau suspect\u00e9 de se diriger vers un port iranien<\/h2>\n<p class=\"live-post__amorce\">L&#8217;arm\u00e9e am\u00e9ricaine a annonc\u00e9 mardi avoir arraisonn\u00e9 un navire marchand dans la mer d&#8217;Arabie, soup\u00e7onn\u00e9 d&#8217;avoir tent\u00e9 de violer le blocus am\u00e9ricain des ports iraniens. Le M\/V Blue Star III a \u00e9t\u00e9 lib\u00e9r\u00e9 par les forces am\u00e9ricaines &#8220;apr\u00e8s qu&#8217;elles ont proc\u00e9d\u00e9 \u00e0 une fouille et confirm\u00e9 que l&#8217;itin\u00e9raire du bateau ne pr\u00e9voyait pas d&#8217;escale dans un port iranien&#8221;, a affirm\u00e9 le commandement militaire am\u00e9ricain pour le Moyen-Orient (Centcom) sur X.<\/p>\n<div class=\"extemb-container\">\n<blockquote data-class=\"twitter-tweet\">\n<p lang=\"en\" dir=\"ltr\">Earlier today in the Arabian Sea, U.S. Marines from the 31st Marine Expeditionary Unit boarded M\/V Blue Star III, a commercial ship\u00a0suspected of attempting to transit to Iran in violation of the U.S. blockade of Iranian ports. U.S. forces released the vessel after conducting a\u2026 <a href=\"https:\/\/t.co\/UFx329OsHj\">pic.twitter.com\/UFx329OsHj<\/a><\/p>\n<p>\u2014 U.S. Central Command (@CENTCOM) <a href=\"https:\/\/twitter.com\/CENTCOM\/status\/2049171777926877463?ref_src=twsrc%5Etfw\">April 28, 2026<\/a><\/p><\/blockquote><\/div>\n<\/div>\n<\/div>\n<div id=\"live_post_EVMOIXEXL2IHH06\"><span class=\"live-post__date\">19h55.<\/span><\/p>\n<div class=\"live-post__content\">\n<h2 class=\"live-post__title\">Liban : l&#8217;arm\u00e9e affirme que deux soldats ont \u00e9t\u00e9 bless\u00e9s apr\u00e8s une &#8220;frappe cibl\u00e9e&#8221; d&#8217;Isra\u00ebl<\/h2>\n<p class=\"live-post__amorce\">Deux soldats ont \u00e9t\u00e9 bless\u00e9s mardi dans une &#8220;frappe cibl\u00e9e&#8221; isra\u00e9lienne dans le sud du Liban, a affirm\u00e9 l&#8217;arm\u00e9e libanaise, pour la premi\u00e8re fois depuis l&#8217;entr\u00e9e en vigueur du cessez-le-feu le 17 avril. Selon un communiqu\u00e9 militaire, ces soldats participaient \u00e0 une op\u00e9ration de secours dans la localit\u00e9 de Majdal Zoun et \u00e9taient accompagn\u00e9s de la D\u00e9fense civile lorsqu&#8217;ils ont \u00e9t\u00e9 vis\u00e9s par Isra\u00ebl, qui poursuit ses frappes contre le Hezbollah pro-iranien dans le sud du Liban.<\/p>\n<\/div>\n<\/div>\n<div id=\"live_post_EVMOIXDW6VNWZX8\"><span class=\"live-post__date\">18h30.<\/span><\/p>\n<div class=\"live-post__content\">\n<h2 class=\"live-post__title\">Liban : Isra\u00ebl affirme avoir d\u00e9couvert deux tunnels du Hezbollah courant sur 2 kilom\u00e8tres<\/h2>\n<p class=\"live-post__amorce\">L&#8217;arm\u00e9e isra\u00e9lienne a affirm\u00e9 mardi avoir d\u00e9couvert deux tunnels du Hezbollah, d&#8217;une longueur totale de deux kilom\u00e8tres, \u00e0 la fronti\u00e8re entre le Liban et Isra\u00ebl, pr\u00e9cisant qu&#8217;ils \u00e9taient utilis\u00e9s par des unit\u00e9s d&#8217;\u00e9lite du mouvement pro-iranien. Ces tunnels ont \u00e9t\u00e9 &#8220;construits sur environ une d\u00e9cennie&#8221; et \u00e9taient reli\u00e9s \u00e0 des lanceurs de projectiles &#8220;dirig\u00e9s vers le territoire isra\u00e9lien&#8221;, a indiqu\u00e9 l&#8217;arm\u00e9e dans un communiqu\u00e9.<\/p>\n<\/div>\n<\/div>\n<div id=\"live_post_EVMOIXCU1SL066F\"><span class=\"live-post__date\">17h45.<\/span><\/p>\n<div class=\"live-post__content\">\n<h2 class=\"live-post__title\">&#8220;Priorit\u00e9&#8221; \u00e0 la D\u00e9fense mais aussi au contr\u00f4le de l&#8217;inflation, dit Giorgia Meloni<\/h2>\n<p class=\"live-post__amorce\">La Premi\u00e8re ministre italienne Giorgia Meloni a affirm\u00e9 mardi que elle entendait s&#8217;attaquer \u00e0 la pression inflationniste, en particulier dans le domaine de l&#8217;\u00e9nergie, m\u00eame si sa &#8220;priorit\u00e9 absolue&#8221; restait les d\u00e9penses en mati\u00e8re de D\u00e9fense. Le lancement de la guerre contre l&#8217;Iran par les Etats-Unis et Isra\u00ebl contre l&#8217;Iran, a fait bondir le prix du baril de p\u00e9trole et d\u00e9clench\u00e9 une hausse des prix. &#8220;Sans me soustraire \u00e0 mes responsabilit\u00e9s sur la question de la D\u00e9fense (&#8230;), je dois d\u00e9sormais donner la priorit\u00e9 \u00e0 ce qui se passe au niveau \u00e9conomique&#8221;, a d\u00e9clar\u00e9 Mme Meloni, ajoutant que les d\u00e9penses de d\u00e9fense restaient une &#8220;priorit\u00e9 absolue&#8221;.<\/p>\n<\/div>\n<\/div>\n<div id=\"live_post_EVMOIRTPLA6NKTN\"><span class=\"live-post__date\">17h18.<\/span><\/p>\n<div class=\"live-post__content\">\n<h2 class=\"live-post__title\">Selon\u00a0le secr\u00e9taire \u00e0 l\u2019\u00e9nergie am\u00e9ricain, le d\u00e9troit d&#8217;Ormuz pourrait rouvrir &#8220;rapidement&#8221;<\/h2>\n<p class=\"live-post__amorce\">&#8220;Il n\u2019est pas n\u00e9cessaire de retirer toutes les mines pos\u00e9es par l\u2019Iran dans le d\u00e9troit d\u2019Ormuz pour que les navires puissent \u00e0 nouveau emprunter ce passage strat\u00e9gique&#8221;, affirme Chris Wright, secr\u00e9taire \u00e0 l\u2019\u00e9nergie am\u00e9ricain, cit\u00e9 par Bloomberg. &#8220;Il faut juste un passage pour que les navires puissent entrer et sortir&#8221;<\/p>\n<\/div>\n<\/div>\n<div id=\"live_post_EVMOIRQXONK4NOJ\"><span class=\"live-post__date\">16h10.<\/span><\/p>\n<div class=\"live-post__content\">\n<h2 class=\"live-post__title\">&#8220;L&#8217;Iran vient de nous faire savoir qu\u2019il se trouve dans un &#8216;\u00e9tat de crise'&#8221;, affirme Donald Trump<\/h2>\n<p class=\"live-post__amorce\">Le pr\u00e9sident am\u00e9ricain assure que les autorit\u00e9s iraniennes affirment que le pays est aujourd&#8217;hui dans un &#8220;\u00e9tat de crise&#8221;.  L&#8217;Iran souhaiterait une ouverture &#8220;d\u00e8s que possible&#8221; du d\u00e9troit d&#8217;Ormuz. <\/p>\n<\/div>\n<\/div>\n<div id=\"live_post_EVMOIRN0ZYRSH6E\"><span class=\"live-post__date\">15h30.<\/span><\/p>\n<div class=\"live-post__content\">\n<h2 class=\"live-post__title\">&#8220;La force du droit doit toujours pr\u00e9valoir sur le droit de la force&#8221;, affirme\u00a0Antonio Guterres, secr\u00e9taire g\u00e9n\u00e9ral des Nations unies<\/h2>\n<p class=\"live-post__amorce\">&#8220;Nous devons veiller \u00e0 ce que les voies navigables internationales restent ouvertes, respectueuses du droit et s\u00fbres&#8221;, affirme le secr\u00e9taire g\u00e9n\u00e9ral des Nations unies sur le r\u00e9seau social X. <\/p>\n<div class=\"extemb-container\">\n<blockquote data-class=\"twitter-tweet\">\n<p lang=\"en\" dir=\"ltr\">At sea as on land, the force of law must always prevail over the law of force.<\/p>\n<p>We must keep international waterways open, lawful &amp; secure.<\/p>\n<p>The ocean must be a zone of peace &amp; cooperation \u2013 not confrontation or coercion.<\/p>\n<p>\u2014 Ant\u00f3nio Guterres (@antonioguterres) <a href=\"https:\/\/twitter.com\/antonioguterres\/status\/2049097824864707041?ref_src=twsrc%5Etfw\">April 28, 2026<\/a><\/p><\/blockquote><\/div>\n<\/div>\n<\/div>\n<div id=\"live_post_EVMOIRKJJ8X57R3\"><span class=\"live-post__date\">15h00.<\/span><\/p>\n<div class=\"live-post__content\">\n<h2 class=\"live-post__title\">Les \u00c9mirats arabes unis annoncent leur retrait de l\u2019Opep \u00e0 partir de mai\u2026 Quelles cons\u00e9quences ?<\/h2>\n<p class=\"live-post__amorce\">Les \u00c9mirats arabes unis vont se retirer de l\u2019Organisation des pays exportateurs de p\u00e9trole (Opep) men\u00e9e par Ryad et de l\u2019alliance Opep + comptant aussi la Russie, \u00e0 partir du 1er mai, a annonc\u00e9 l\u2019agence de presse \u00e9miratie.<\/p>\n<p class=\"std-elt__inline\">\n        <strong>\u00c0 lire aussi :<\/strong><br \/>\n        <a href=\"\/2026\/04\/28\/les-emirats-arabes-unis-annoncent-leur-retrait-de-lopep-a-partir-de-mai-quelles-consequences-13347452.php\">Les \u00c9mirats arabes unis annoncent leur retrait de l\u2019Opep \u00e0 partir de mai\u2026 Quelles cons\u00e9quences\u00a0?<\/a>\n    <\/p>\n<\/div>\n<\/div>\n<div id=\"live_post_EVMOIKG3PHCE0HK\"><span class=\"live-post__date\">13h52.<\/span><\/p>\n<p><h2 class=\"live-post__title\">\u00a0L&#8217;Iran interdit les exportations d&#8217;acier\u00a0<\/h2>\n<\/p>\n<\/div>\n<div id=\"live_post_EVMOIIAENSL20ZT\"><span class=\"live-post__date\">12h51.<\/span><\/p>\n<div class=\"live-post__content\">\n<h2 class=\"live-post__title\">Bahre\u00efn : cinq personnes condamn\u00e9es \u00e0 perp\u00e9tuit\u00e9 pour pr\u00e9paration d&#8217;actes &#8220;terroristes&#8221; avec l&#8217;Iran<\/h2>\n<p class=\"live-post__amorce\">Cinq personnes ont \u00e9t\u00e9 condamn\u00e9es \u00e0 perp\u00e9tuit\u00e9 mardi \u00e0 Bahre\u00efn pour avoir  <strong>collabor\u00e9 avec l&#8217;Iran en vue de commettre des &#8220;actes terroristes&#8221;<\/strong>  dans ce pays du Golfe cibl\u00e9 par T\u00e9h\u00e9ran au cours de la guerre, a annonc\u00e9 le parquet g\u00e9n\u00e9ral. <\/p>\n<p>&#8220;Le crime de collusion avec des entit\u00e9s \u00e9trang\u00e8res hostiles au royaume de Bahre\u00efn constitue l\u2019un des crimes les plus graves portant atteinte \u00e0 la s\u00e9curit\u00e9 nationale&#8221;, a affirm\u00e9 le parquet g\u00e9n\u00e9ral dans un communiqu\u00e9. <\/p>\n<\/div>\n<\/div>\n<div id=\"live_post_EVMOIHZ8FNYXO8Z\"><span class=\"live-post__date\">12h42.<\/span><\/p>\n<p><h2 class=\"live-post__title\">Le Qatar met en garde contre un &#8220;conflit gel\u00e9&#8221; dans le Golfe face \u00e0 l&#8217;impasse diplomatique<\/h2>\n<\/p>\n<\/div>\n<div id=\"live_post_EVMOIGNDPSUVY9F\"><span class=\"live-post__date\">12h05.<\/span><\/p>\n<div class=\"live-post__content\">\n<h2 class=\"live-post__title\">Le chien du militaire fran\u00e7ais tu\u00e9 au Liban remis \u00e0 sa famille\u00a0<\/h2>\n<p class=\"live-post__amorce\">Anicet Girardin \u00e9tait sergent au sein du 132e r\u00e9giment d&#8217;infanterie cynotechnique de Suippes, il travaillait en bin\u00f4me avec un chien, pr\u00e9nomm\u00e9 Ros, comme l&#8217;indique <a href=\"https:\/\/www.bfmtv.com\/international\/moyen-orient\/direct-guerre-au-moyen-orient-l-ambassadeur-iranien-a-l-onu-estime-que-les-etats-unis-agissent-comme-des-pirates-et-des-terroristes_LN-202604280077.html\" target=\"_blank\" rel=\"noopener noreferrer nofollow\" class=\"\"><em> BFMTV.<\/em><\/a>  Au cours de la c\u00e9r\u00e9monie d&#8217;hommage organis\u00e9e ce mardi dans la Marne, ce dernier a \u00e9t\u00e9 remis aux proche d&#8217;Anicet Girardin. Le chien sera r\u00e9form\u00e9. <\/p>\n<\/div>\n<\/div>\n<div id=\"live_post_EVMOIE44GVGQ4YK\"><span class=\"live-post__date\">12h00.<\/span><\/p>\n<div class=\"live-post__content\">\n<h2 class=\"live-post__title\">Ce qu&#8217;il faut retenir \u00e0 12 heures\u00a0<\/h2>\n<p class=\"live-post__amorce\">&#8211; L\u2019Iran affirme que les \u00c9tats-Unis ne sont plus en position de  <strong>&#8220;dicter leur politique&#8221; <\/strong> aux autres pays.<\/p>\n<p>&#8211; &#8220;Les distributeurs ne remontent pas de difficult\u00e9s d&#8217;approvisionnement&#8221;, rassure Maud Br\u00e9geon <\/p>\n<p>&#8211;  <strong>&#8220;La paix reste notre priorit\u00e9&#8221;<\/strong> , lance le chef de la diplomatie iranienne. <\/p>\n<p>&#8211; Pour la premi\u00e8re fois,  <strong>un navire<\/strong>  charg\u00e9 de gaz naturel liqu\u00e9fi\u00e9  <strong>est sorti du Golfe. <\/strong> <\/p>\n<p>&#8211; La France rend <strong> hommage \u00e0 Anicet Girardin<\/strong> , militaire fran\u00e7ais tu\u00e9 au Liban. <\/p>\n<\/div>\n<\/div>\n<div id=\"live_post_EVMOIGBOWOOBYN0\"><span class=\"live-post__date\">11h56.<\/span><\/p>\n<div class=\"live-post__content\">\n<h2 class=\"live-post__title\">\u00a0Zelensky critique Isra\u00ebl pour avoir laiss\u00e9 entrer du grain &#8220;vol\u00e9 par la Russie&#8221;<\/h2>\n<p class=\"live-post__amorce\">Le pr\u00e9sident Volodymyr Zelensky a critiqu\u00e9 mardi Isra\u00ebl pour avoir laiss\u00e9 entrer dans un de ses ports du grain &#8220;vol\u00e9 par la Russie&#8221; dans les territoires ukrainiens qu&#8217;elle occupe. <\/p>\n<p>&#8220;Les autorit\u00e9s isra\u00e9liennes ne peuvent ignorer quels navires arrivent dans les ports du pays ni quelle cargaison ils transportent&#8221;, a dit M. Zelensky\u00a0sur les r\u00e9seaux sociaux. &#8220;Dans n&#8217;importe quel pays normal, l&#8217;achat de biens vol\u00e9s engage une responsabilit\u00e9 p\u00e9nale&#8221;, a-t-il d\u00e9nonc\u00e9.\u00a0<\/p>\n<div class=\"extemb-container\">\n<blockquote data-class=\"twitter-tweet\">\n<p lang=\"en\" dir=\"ltr\">In any normal country, purchasing stolen goods is an act that entails legal liability. This applies, in particular, to grain stolen by Russia. Another vessel carrying such grain has arrived at a port in Israel and is preparing to unload. This is not \u2013 and cannot be \u2013 legitimate\u2026<\/p>\n<p>\u2014 Volodymyr Zelenskyy \/ \u0412\u043e\u043b\u043e\u0434\u0438\u043c\u0438\u0440 \u0417\u0435\u043b\u0435\u043d\u0441\u044c\u043a\u0438\u0439 (@ZelenskyyUa) <a href=\"https:\/\/twitter.com\/ZelenskyyUa\/status\/2049058273836335489?ref_src=twsrc%5Etfw\">April 28, 2026<\/a><\/p><\/blockquote><\/div>\n<\/div>\n<\/div>\n<div id=\"live_post_EVMOIG4NDKESUYM\"><span class=\"live-post__date\">11h51.<\/span><\/p>\n<div class=\"live-post__content\">\n<h2 class=\"live-post__title\">L&#8217;arm\u00e9e isra\u00e9lienne ordonne l&#8217;\u00e9vacuation de nouveaux villages dans le sud du Liban\u00a0<\/h2>\n<p class=\"live-post__amorce\">L&#8217;arm\u00e9e isra\u00e9lienne, qui combat le mouvement libanais pro-iranien Hezbollah, a ordonn\u00e9 mardi l&#8217;\u00e9vacuation de nouveaux villages dans le sud du Liban.<\/p>\n<p><strong>&#8220;Avertissement urgent aux r\u00e9sidents du Liban se trouvant dans les villages et localit\u00e9s suivants&#8221;,<\/strong>  a indiqu\u00e9 sur X le porte-parole en arabe de l&#8217;arm\u00e9e isra\u00e9lienne, Avichay Adraee, \u00e9num\u00e9rant une liste de 17 villages. Les habitants sont appel\u00e9s \u00e0 &#8220;\u00e9vacuer imm\u00e9diatement&#8221; leurs maisons et se diriger vers le &#8220;district de Sa\u00efda&#8221;.<\/p>\n<div class=\"extemb-container\">\n<blockquote data-class=\"twitter-tweet\">\n<p lang=\"ar\" dir=\"rtl\"><a href=\"https:\/\/twitter.com\/hashtag\/%D8%B9%D8%A7%D8%AC%D9%84?src=hash&amp;ref_src=twsrc%5Etfw\">#\u0639\u0627\u062c\u0644<\/a> u203cufe0f\u0627\u0646\u0630\u0627\u0631 \u0639\u0627\u062c\u0644 \u0627\u0644\u0649 \u0633\u0643\u0627\u0646 \u0644\u0628\u0646\u0627\u0646 \u0627\u0644\u0645\u062a\u0648\u0627\u062c\u062f\u064a\u0646 \u0641\u064a \u0627\u0644\u0642\u0631\u0649 \u0648\u0627\u0644\u0628\u0644\u062f\u0627\u062a \u0627\u0644\u062a\u0627\u0644\u064a\u0629: \u0627\u0644\u063a\u0646\u062f\u0648\u0631\u064a\u0629, \u0628\u0631\u062c \u0642\u0644\u0627\u0648\u064a\u0647, \u0642\u0644\u0648\u064a\u0647\u060c \u0627\u0644\u0635\u0648\u0627\u0646\u0629, \u0627\u0644\u062c\u0645\u064a\u062c\u0645\u0629, \u0635\u0641\u062f \u0627\u0644\u0628\u0637\u064a\u062e, \u0628\u0631\u0639\u0634\u064a\u062a, \u0634\u0642\u0631\u0627, \u0639\u064a\u062a\u0627 \u0627\u0644\u062c\u0628\u0644, \u062a\u0628\u0646\u064a\u0646, \u0627\u0644\u0633\u0644\u0637\u0627\u0646\u064a\u0629, \u0628\u064a\u0631 \u0627\u0644\u0633\u0646\u0627\u0633\u0644, \u062f\u0648\u0646\u064a\u0646, \u062e\u0631\u0628\u0629 \u0633\u0644\u0645, \u0633\u0644\u0639, \u062f\u064a\u0631 \u0643\u064a\u0641\u0627<\/p>\n<p>ud83dudd38\u0641\u064a \u0636\u0648\u0621 \u0642\u064a\u0627\u0645 \u062d\u0632\u0628 \u0627\u0644\u0644\u0647 \u0627\u0644\u0627\u0631\u0647\u0627\u0628\u064a \u0628\u062e\u0631\u0642 \u0627\u062a\u0641\u0627\u0642 \u0648\u0642\u0641 \u0627\u0637\u0644\u0627\u0642 \u0627\u0644\u0646\u0627\u0631\u2026 <a href=\"https:\/\/t.co\/QNFDjCfxvH\">pic.twitter.com\/QNFDjCfxvH<\/a><\/p>\n<p>\u2014 \u0627\u0641\u064a\u062e\u0627\u064a \u0627\u062f\u0631\u0639\u064a (@AvichayAdraee) <a href=\"https:\/\/twitter.com\/AvichayAdraee\/status\/2049054407682134214?ref_src=twsrc%5Etfw\">April 28, 2026<\/a><\/p><\/blockquote><\/div>\n<\/div>\n<\/div>\n<div id=\"live_post_EVMOIEEA81EUIT3\"><span class=\"live-post__date\">11h02.<\/span><\/p>\n<div class=\"live-post__content\">\n<h2 class=\"live-post__title\">Les frappes continuent au Liban\u00a0<\/h2>\n<p class=\"live-post__amorce\">L&#8217; <a href=\"https:\/\/www.nna-leb.gov.lb\/ar\/news\/494336\/3-%D8%BA%D8%A7%D8%B1%D8%A7%D8%AA-%D9%85%D8%B9%D8%A7%D8%AF%D9%8A%D8%A9-%D8%B9%D9%84%D9%89-%D8%B2%D9%88%D8%B7%D8%B1-%D8%A7%D9%84%D8%B4%D8%B1%D9%82%D9%8A%D8%A9-2\" target=\"_blank\" rel=\"noopener noreferrer nofollow\" class=\"\">Agence nationale de l&#8217;information (NNA)<\/a>  indique qu&#8217;au moins deux personnes ont \u00e9t\u00e9 bless\u00e9es au Liban, victimes de frappes isra\u00e9liennes.  Trois raids a\u00e9riens ont \u00e9t\u00e9 men\u00e9s \u00e0 Zawtar El-Charkiy\u00e9, au sud de Nabatiy\u00e9, rapporte  <a href=\"https:\/\/www.lemonde.fr\/international\/live\/2026\/04\/28\/en-direct-guerre-au-moyen-orient-israel-justifie-la-poursuite-de-ses-attaques-au-liban-au-moins-40-personnes-tuees-depuis-le-debut-du-cessez-le-feu-du-17-avril_6681958_3210.html\" target=\"_blank\" rel=\"noopener noreferrer nofollow\" class=\"\"><em>Le Monde<\/em><\/a> . <\/p>\n<\/div>\n<\/div>\n<div id=\"live_post_EVMOIEBAE9V6BYO\"><span class=\"live-post__date\">11h00.<\/span><\/p>\n<div class=\"live-post__content\">\n<h2 class=\"live-post__title\">Emmanuel Macron en Andorre : &#8220;Pas d\u2019alternatives, de transports en commun&#8221;, les d\u00e9partements ruraux durement touch\u00e9s par la hausse du prix de l\u2019essence\u00a0<\/h2>\n<p class=\"live-post__amorce\">En visite en Andorre, ce mardi 28 avril 2026, suite \u00e0 son passage en Ari\u00e8ge, Emmanuel Macron est revenu sur la hausse des prix de l\u2019\u00e9nergie. Il a retenu des difficult\u00e9s plus marqu\u00e9es dans ce secteur rural, tr\u00e8s d\u00e9pendant de la voiture.<\/p>\n<p><a href=\"https:\/\/www.ladepeche.fr\/2026\/04\/28\/deplacement-demmanuel-macron-en-andorre-il-ny-a-pas-dalternatives-de-transports-en-commun-les-departements-ruraux-durement-touches-par-la-hausse-du-13347056.php\" target=\"_blank\" rel=\"noopener noreferrer nofollow\" class=\"\"><strong>\ud83d\udc49 Notre article ici <\/strong><\/a> <\/p>\n<div class=\"center-align\" rel=\"js-article-inline-img\" data-protec-aida=\"image\">\n<figure class=\"std-img\" data-src=\"https:\/\/images.ladepeche.fr\/api\/v1\/images\/view\/69f0777f70c39525ca0f3ee4\/original\/image.jpg?v=1\">\n        <img decoding=\"async\" class=\"std-img__img responsive-img\" src=\"http:\/\/pressactu.com\/wp-content\/uploads\/2026\/04\/1777418611_906_image.jpg?v=1\" alt=\"Emmanuel Macron poursuit mardi 28\u00a0avril sa visite dans les Pyr\u00e9n\u00e9es en Andorre, apr\u00e8s une journ\u00e9e en Ari\u00e8ge la veille.\"\/><figcaption class=\"article-full__media-infos\">\n                <span class=\"article-full__media-legend\">Emmanuel Macron poursuit mardi 28\u00a0avril sa visite dans les Pyr\u00e9n\u00e9es en Andorre, apr\u00e8s une journ\u00e9e en Ari\u00e8ge la veille.<\/span><br \/>\n                                    <span class=\"article-full__media-author\">Photo DDM &#8211; S.L<\/span><br \/>\n                            <\/figcaption><\/figure>\n<\/div>\n<\/div>\n<\/div>\n<div id=\"live_post_EVMOIE3JB331I16\"><span class=\"live-post__date\">10h54.<\/span><\/p>\n<div class=\"live-post__content\">\n<h2 class=\"live-post__title\">Gaz naturel liqu\u00e9fi\u00e9 : premi\u00e8re sortie du Golfe d&#8217;un navire pleinement charg\u00e9<\/h2>\n<p class=\"live-post__amorce\">Un navire enti\u00e8rement charg\u00e9 en gaz naturel liqu\u00e9fi\u00e9 (GNL) a franchi le d\u00e9troit d&#8217;Ormuz, une premi\u00e8re depuis sa quasi\u2011fermeture provoqu\u00e9e par le conflit au Moyen\u2011Orient d\u00e9but mars, selon le cabinet sp\u00e9cialis\u00e9 dans le suivi des flux de mati\u00e8res premi\u00e8res Kpler. <\/p>\n<p>Selon les donn\u00e9es de Kpler consult\u00e9es mardi par l&#8217;AFP, le m\u00e9thanier Mubaraz, contr\u00f4l\u00e9 par la compagnie p\u00e9troli\u00e8re nationale \u00e9miratie Adnoc, est sorti du Golfe courant avril avec 132.890 m\u00b3 de GNL \u00e0 son bord, via ce passage qui voit transiter quelque 20% du commerce mondial de GNL en temps de paix. <\/p>\n<p>Le navire a charg\u00e9 sa cargaison sur l&#8217;\u00eele de Das, aux \u00c9mirats arabes unis, le 2 mars, et a coup\u00e9 son transpondeur AIS fin mars pendant un mois, avant d&#8217;\u00e9mettre \u00e0 nouveau lundi au large de l&#8217;Inde. <\/p>\n<\/div>\n<\/div>\n<div id=\"live_post_EVMOICAHSDPUV3Y\"><span class=\"live-post__date\">10h03.<\/span><\/p>\n<div class=\"live-post__content\">\n<h2 class=\"live-post__title\">L\u2019Iran affirme que les \u00c9tats-Unis ne sont plus en position de &#8220;dicter leur politique&#8221; aux autres pays<\/h2>\n<p class=\"live-post__amorce\">L\u2019Iran a d\u00e9clar\u00e9 mardi que les \u00c9tats-Unis n\u2019\u00e9taient plus en mesure de &#8220;dicter leur politique&#8221; \u00e0 d&#8217;autres pays, alors que Washington examine une nouvelle proposition de T\u00e9h\u00e9ran pour mettre fin \u00e0 la guerre au Moyen-Orient.<\/p>\n<p><strong>&#8220;Les \u00c9tats-Unis ne sont plus en position de dicter leur politique \u00e0 des nations ind\u00e9pendantes&#8221;<\/strong> , a affirm\u00e9 le porte-parole du minist\u00e8re iranien de la D\u00e9fense, Reza Talaei-Nik, cit\u00e9 par la t\u00e9l\u00e9vision d\u2019\u00c9tat. Washington doit renoncer \u00e0 ses &#8220;exigences ill\u00e9gales et irrationnelles&#8221;, a-t-il ajout\u00e9.<\/p>\n<\/div>\n<\/div>\n<div id=\"live_post_EVMOIC07X6QOLAD\"><span class=\"live-post__date\">09h55.<\/span><\/p>\n<div class=\"live-post__content\">\n<h2 class=\"live-post__title\">Vacances d\u2019\u00e9t\u00e9 : inflation, transport, guerre en Iran\u2026 Les Fran\u00e7ais boudent l\u2019\u00e9tranger et se replient massivement sur l\u2019Hexagone<\/h2>\n<p class=\"live-post__amorce\">Face \u00e0 une mont\u00e9e de l\u2019incertitude et \u00e0 des budgets sous pression, le tourisme fran\u00e7ais enregistre un bond spectaculaire de 15 points dans les intentions de d\u00e9part par rapport \u00e0 l\u2019an dernier. Alors que les s\u00e9jours \u00e0 l\u2019\u00e9tranger reculent, les Fran\u00e7ais privil\u00e9gient la sobri\u00e9t\u00e9 pour des vacances plus courtes et plus proches.<\/p>\n<p><a href=\"https:\/\/www.ladepeche.fr\/2026\/04\/28\/vacances-dete-inflation-transport-guerre-en-iran-les-francais-boudent-letranger-et-se-replient-massivement-sur-lhexagone-13347000.php\" target=\"_blank\" rel=\"noopener noreferrer nofollow\" class=\"\"><strong>\ud83d\udc49 Notre article ici <\/strong><\/a> <\/p>\n<div class=\"center-align\" rel=\"js-article-inline-img\" data-protec-aida=\"image\">\n<figure class=\"std-img\" data-src=\"https:\/\/images.ladepeche.fr\/api\/v1\/images\/view\/69f0682ba62ab9545e0b6692\/original\/image.jpg?v=1\">\n        <img decoding=\"async\" class=\"std-img__img responsive-img\" src=\"http:\/\/pressactu.com\/wp-content\/uploads\/2026\/04\/1777418612_659_image.jpg?v=1\" alt=\"Les s\u00e9jours \u00e0 l\u2019\u00e9tranger, eux, reculent nettement, chutant \u00e0 49\u00a0% des intentions de d\u00e9part, selon la 25e \u00e9dition du barom\u00e8tre Ipsos pour Europ Assistance.\"\/><figcaption class=\"article-full__media-infos\">\n                <span class=\"article-full__media-legend\">Les s\u00e9jours \u00e0 l\u2019\u00e9tranger, eux, reculent nettement, chutant \u00e0 49\u00a0% des intentions de d\u00e9part, selon la 25e \u00e9dition du barom\u00e8tre Ipsos pour Europ Assistance.<\/span><br \/>\n                                    <span class=\"article-full__media-author\">Photo DDM &#8211; Xavier de Fenoyl<\/span><br \/>\n                            <\/figcaption><\/figure>\n<\/div>\n<\/div>\n<\/div>\n<div id=\"live_post_EVMOIBEI6OSB321\"><span class=\"live-post__date\">09h38.<\/span><\/p>\n<div class=\"live-post__content\">\n<h2 class=\"live-post__title\">D\u00e9penses militaires mondiales \u00e0 un niveau record : 2 900 milliards de dollars investis en 2025, l\u2019Europe se r\u00e9arme face au d\u00e9sengagement am\u00e9ricain<\/h2>\n<p class=\"live-post__amorce\">Selon les donn\u00e9es d\u2019un rapport de r\u00e9f\u00e9rence, le monde a consacr\u00e9 environ 2 900 milliards de dollars \u00e0 ses d\u00e9penses militaires l&#8217;ann\u00e9e derni\u00e8re. Un chiffre en hausse pour la onzi\u00e8me ann\u00e9e de suite, en raison des conflits arm\u00e9s qui se multiplient&#8230; et de ceux qui pourraient na\u00eetre, notamment en Asie et en Oc\u00e9anie.<\/p>\n<p><a href=\"https:\/\/www.ladepeche.fr\/2026\/04\/27\/depenses-militaires-mondiales-a-un-niveau-record-2-900-milliards-de-dollars-investis-en-2025-leurope-se-rearme-face-au-desengagement-americain-13345511.php\" target=\"_blank\" rel=\"noopener noreferrer nofollow\" class=\"\"><strong>\ud83d\udc49 Notre article ici <\/strong><\/a> <\/p>\n<div class=\"center-align\" rel=\"js-article-inline-img\" data-protec-aida=\"image\">\n<figure class=\"std-img\" data-src=\"https:\/\/images.ladepeche.fr\/api\/v1\/images\/view\/69f064242a58780c43016282\/original\/image.jpg?v=1\">\n        <img decoding=\"async\" class=\"std-img__img responsive-img\" src=\"http:\/\/pressactu.com\/wp-content\/uploads\/2026\/04\/1777418612_554_image.jpg?v=1\" alt=\"Jamais les pays n\u2019avaient autant d\u00e9pens\u00e9 pour leurs d\u00e9fenses militaires.\"\/><figcaption class=\"article-full__media-infos\">\n                <span class=\"article-full__media-legend\">Jamais les pays n\u2019avaient autant d\u00e9pens\u00e9 pour leurs d\u00e9fenses militaires.<\/span><br \/>\n                                    <span class=\"article-full__media-author\">Photo MaxPPP &#8211; Arnaud Beinat<\/span><br \/>\n                            <\/figcaption><\/figure>\n<\/div>\n<\/div>\n<\/div>\n<div id=\"live_post_EVMOIAUNIK2ZMUA\"><span class=\"live-post__date\">09h23.<\/span><\/p>\n<div class=\"live-post__content\">\n<h2 class=\"live-post__title\">Un superyacht russe a pu traverser le d\u00e9troit d&#8217;Ormuz\u00a0<\/h2>\n<p class=\"live-post__amorce\">Nos confr\u00e8res de la  <a href=\"https:\/\/www.bbc.com\/news\/articles\/cm2pn8zdxdjo\" target=\"_blank\" rel=\"noopener noreferrer nofollow\" class=\"\"><em>BBC <\/em><\/a> rapportent qu&#8217;un bateau de plaisance russe de type &#8220;superyacht&#8221; a \u00e9t\u00e9 autoris\u00e9 \u00e0 traverser le d\u00e9troit d&#8217;Ormuz &#8220;malgr\u00e9 le blocus&#8221;.\u00a0Selon <a href=\"https:\/\/www.bfmtv.com\/international\/moyen-orient\/iran\/video-guerre-au-moyen-orient-le-superyacht-d-un-oligarque-russe-a-franchi-le-detroit-d-ormuz_VN-202604280119.html\" target=\"_blank\" rel=\"noopener noreferrer nofollow\" class=\"\"><em> BFM,<\/em><\/a>  il s&#8217;agit d&#8217;un des yachts &#8220;les plus grands et les plus luxueux au monde&#8221;. <\/p>\n<\/div>\n<\/div>\n<div id=\"live_post_EVMOI9JFVEULLI3\"><span class=\"live-post__date\">08h46.<\/span><\/p>\n<div class=\"live-post__content\">\n<h2 class=\"live-post__title\">L&#8217;Iran parvient \u00e0 frapper une base am\u00e9ricaine au Kowe\u00eft avec un vieux F-5 fabriqu\u00e9\u2026 par les \u00c9tats-Unis<\/h2>\n<p class=\"live-post__amorce\">Le m\u00e9dia am\u00e9ricain &#8220;NBC News&#8221; affirme que plus de 100 cibles am\u00e9ricaines r\u00e9parties dans sept pays ont \u00e9t\u00e9 touch\u00e9es par l\u2019Iran, dont le camp Buehring au Kowe\u00eft, qui aurait \u00e9t\u00e9 frapp\u00e9 par un F-5. <\/p>\n<p><a href=\"https:\/\/www.ladepeche.fr\/2026\/04\/27\/guerre-au-moyen-orient-liran-parvient-a-frapper-une-base-americaine-au-koweit-avec-un-vieux-f-5-fabrique-par-les-etats-unis-13346131.php\" target=\"_blank\" rel=\"noopener noreferrer nofollow\" class=\"\"><strong>\ud83d\udc49 Notre article ici <\/strong><\/a> <\/p>\n<div class=\"center-align\" rel=\"js-article-inline-img\" data-protec-aida=\"image\">\n<figure class=\"std-img\" data-src=\"https:\/\/images.ladepeche.fr\/api\/v1\/images\/view\/69f057feef602f8bd50668bc\/original\/image.jpg?v=1\">\n        <img decoding=\"async\" class=\"std-img__img responsive-img\" src=\"http:\/\/pressactu.com\/wp-content\/uploads\/2026\/04\/1777418612_34_image.jpg?v=1\" alt=\"Un F-5E Tiger II de la Force a\u00e9rienne de la r\u00e9publique islamique d\u2019Iran (Iriaf) lors d\u2019un spectacle iranien en 2010.\"\/><figcaption class=\"article-full__media-infos\">\n                <span class=\"article-full__media-legend\">Un F-5E Tiger II de la Force a\u00e9rienne de la r\u00e9publique islamique d\u2019Iran (Iriaf) lors d\u2019un spectacle iranien en 2010.<\/span><br \/>\n                                    <span class=\"article-full__media-author\">Photo Wikimedia Commons<\/span><br \/>\n                            <\/figcaption><\/figure>\n<\/div>\n<\/div>\n<\/div>\n<div id=\"live_post_EVMOI7SPVS2MI0V\"><span class=\"live-post__date\">08h20.<\/span><\/p>\n<div class=\"live-post__content\">\n<h2 class=\"live-post__title\">Flamb\u00e9e du prix du k\u00e9ros\u00e8ne : la compagnie Transavia contrainte d\u2019annuler des vols en mai et juin<\/h2>\n<p class=\"live-post__amorce\">En raison du blocage du d\u00e9troit d\u2019Ormuz, Transavia ajuste ses capacit\u00e9s pour les mois de mai et de juin \u00e0 cause du prix du k\u00e9ros\u00e8ne. Entre hausse des tarifs et risques de rationnement, le secteur a\u00e9rien europ\u00e9en se pr\u00e9pare \u00e0 un \u00e9t\u00e9 incertain.<\/p>\n<p><a href=\"https:\/\/www.ladepeche.fr\/2026\/04\/27\/flambee-du-prix-du-kerosene-la-compagnie-transavia-contrainte-dannuler-des-vols-en-mai-et-juin-13345399.php\" target=\"_blank\" rel=\"noopener noreferrer nofollow\" class=\"\"><strong>\ud83d\udc49 Notre article ici <\/strong><\/a> <\/p>\n<div class=\"center-align\" rel=\"js-article-inline-img\" data-protec-aida=\"image\">\n<figure class=\"std-img\" data-src=\"https:\/\/images.ladepeche.fr\/api\/v1\/images\/view\/69f04c859da628bd5d0ebae1\/original\/image.jpg?v=1\">\n        <img decoding=\"async\" class=\"std-img__img responsive-img\" src=\"http:\/\/pressactu.com\/wp-content\/uploads\/2026\/04\/1777418613_223_image.jpg?v=1\" alt=\"Selon la compagnie, ces annulations restent limit\u00e9es, touchant &quot;moins de 2\u00a0% du programme de vols sur la p\u00e9riode mai-juin&quot;.\"\/><figcaption class=\"article-full__media-infos\">\n                <span class=\"article-full__media-legend\">Selon la compagnie, ces annulations restent limit\u00e9es, touchant &#8220;moins de 2\u00a0% du programme de vols sur la p\u00e9riode mai-juin&#8221;.<\/span><br \/>\n                                    <span class=\"article-full__media-author\">Photo BROKER\/Daniel Kessler<\/span><br \/>\n                            <\/figcaption><\/figure>\n<\/div>\n<\/div>\n<\/div>\n<div id=\"live_post_EVMOI7DJ9Q86KIY\"><span class=\"live-post__date\">08h00.<\/span><\/p>\n<div class=\"live-post__content\">\n<h2 class=\"live-post__title\">Ce qu&#8217;il faut retenir \u00e0 8 heures\u00a0<\/h2>\n<p class=\"live-post__amorce\">&#8211;  <strong>Quatre personnes ont \u00e9t\u00e9 tu\u00e9es ce lundi au Liban<\/strong> . Pour le Premier ministre isra\u00e9lien, Benyamin Netanyahou, la poursuite de l\u2019action militaire au Liban est &#8220;justifi\u00e9e&#8221;. <\/p>\n<p>&#8211; Les discussions de paix se poursuivent, <strong> les \u00c9tats-Unis ont assur\u00e9 \u00e9tudier des propositions iraniennes.<\/strong> <\/p>\n<p>&#8211; Un  <a href=\"https:\/\/www.ladepeche.fr\/2026\/04\/28\/casque-bleu-francais-tue-au-liban-la-france-rend-hommage-au-sergent-anicet-girardin-ce-mardi-13346959.php\" target=\"_blank\" rel=\"noopener noreferrer nofollow\" class=\"\"><strong>hommage va \u00eatre rendu au sergent Anicet Girardin<\/strong><\/a> , membre de la  <a href=\"https:\/\/www.ladepeche.fr\/2026\/04\/18\/militaire-francais-tue-au-liban-quest-ce-que-la-finul-cette-mission-de-paix-de-lonu-au-liban-a-laquelle-participait-le-sergent-chef-florian-montorio-13332515.php\" target=\"_blank\" rel=\"noopener noreferrer nofollow\" class=\"\">Finul<\/a> , tu\u00e9 au Liban, aux c\u00f4t\u00e9 de Florian Montorio.  <\/p>\n<\/div>\n<\/div>\n<div id=\"live_post_EVMOI6MT8FUDZPP\"><span class=\"live-post__date\">07h25.<\/span><\/p>\n<div class=\"live-post__content\">\n<h2 class=\"live-post__title\">Prix des carburants : &#8220;Ils sont super en Espagne et ils aident leur population !&#8221; Les Fran\u00e7ais de plus en plus nombreux \u00e0 faire le plein \u00e0 La Jonquera<\/h2>\n<p class=\"live-post__amorce\">Le ph\u00e9nom\u00e8ne n\u2019est pas nouveau. Mais depuis le d\u00e9but de la guerre am\u00e9ricaine en Iran, il s\u2019est nettement amplifi\u00e9 : en deux mois, le nombre de Fran\u00e7ais venant faire le plein \u00e0 La Jonquera a bondi de 22 %. Mais ce &#8220;tourisme du carburant&#8221; fait parfois grincer des dents.<\/p>\n<p><a href=\"https:\/\/www.ladepeche.fr\/2026\/04\/28\/reportage-prix-des-carburants-ils-sont-super-en-espagne-et-ils-aident-leur-population-les-francais-de-plus-en-plus-nombreux-a-faire-le-plein-a-la-13346296.php\" target=\"_blank\" rel=\"noopener noreferrer nofollow\" class=\"\"><strong>\ud83d\udc49 Notre reportage en Espagne ici <\/strong><\/a> <\/p>\n<div class=\"center-align\" rel=\"js-article-inline-img\" data-protec-aida=\"image\">\n<figure class=\"std-img\" data-src=\"https:\/\/images.ladepeche.fr\/api\/v1\/images\/view\/69f044f4614ab447d70e0c70\/original\/image.jpg?v=1\">\n        <img decoding=\"async\" class=\"std-img__img responsive-img\" src=\"http:\/\/pressactu.com\/wp-content\/uploads\/2026\/04\/1777418613_823_image.jpg?v=1\" alt=\"Une station-service \u00e0 La Jonquera. DDM \u2013\"\/><figcaption class=\"article-full__media-infos\">\n                <span class=\"article-full__media-legend\">Une station-service \u00e0 La Jonquera. DDM \u2013<\/span><br \/>\n                                    <span class=\"article-full__media-author\">H. de L.<\/span><br \/>\n                            <\/figcaption><\/figure>\n<\/div>\n<\/div>\n<\/div>\n<div id=\"live_post_EVMOI6LWYA452C4\"><span class=\"live-post__date\">07h24.<\/span><\/p>\n<div class=\"live-post__content\">\n<h2 class=\"live-post__title\">Washington dit examiner les propositions iraniennes<\/h2>\n<p class=\"live-post__amorce\">Les Etats-Unis ont dit lundi examiner les derni\u00e8res propositions iraniennes pour d\u00e9bloquer le d\u00e9troit d&#8217;Ormuz, deux mois apr\u00e8s le d\u00e9clenchement de l&#8217;offensive isra\u00e9lo-am\u00e9ricaine qui fragilise l&#8217;\u00e9conomie mondiale. <\/p>\n<p>Une nouvelle proposition iranienne est  <strong>&#8220;en cours d&#8217;examen&#8221;<\/strong> , a indiqu\u00e9 la porte-parole de la Maison Blanche, Karoline Leavitt, apr\u00e8s des informations de presse selon lesquelles T\u00e9h\u00e9ran a fait une nouvelle offre via les m\u00e9diateurs pakistanais.<\/p>\n<\/div>\n<\/div>\n<div id=\"live_post_EVMOI6KC8XZ7SVV\"><span class=\"live-post__date\">07h23.<\/span><\/p>\n<div class=\"live-post__content\">\n<h2 class=\"live-post__title\">Iran : ce que r\u00e9v\u00e8le vraiment la r\u00e9pression<\/h2>\n<p class=\"live-post__amorce\">Hamid Assadollahi est pr\u00e9sident du comit\u00e9 de soutien aux droits de l\u2019homme en Iran ( <a href=\"http:\/\/csdhi.org\" target=\"_blank\" rel=\"noopener noreferrer nofollow\" class=\"\">csdhi.org<\/a> ) ; Hamid Enayat est politologue, sp\u00e9cialiste de l\u2019Iran et collabore avec l\u2019opposition d\u00e9mocratique iranienne. Dans cette analyse pour La D\u00e9p\u00eache, les deux sp\u00e9cialistes expliquent ce que r\u00e9v\u00e8le vraiment la r\u00e9pression orchestr\u00e9e par le r\u00e9gime iranien et comment repenser l\u2019&#8221;enracinement social&#8221; \u00e0 l\u2019ombre du silence.<\/p>\n<p><a href=\"https:\/\/www.ladepeche.fr\/2026\/04\/27\/analyse-iran-ce-que-revele-vraiment-la-repression-13346313.php\" target=\"_blank\" rel=\"noopener noreferrer nofollow\" class=\"\"><strong>\ud83d\udc49 Notre analyse ici <\/strong><\/a> <\/p>\n<div class=\"center-align\" rel=\"js-article-inline-img\" data-protec-aida=\"image\">\n<figure class=\"std-img\" data-src=\"https:\/\/images.ladepeche.fr\/api\/v1\/images\/view\/69f04482a27ea1b77603c44c\/original\/image.png?v=1\">\n        <img decoding=\"async\" class=\"std-img__img responsive-img\" src=\"http:\/\/pressactu.com\/wp-content\/uploads\/2026\/04\/1777418613_338_image.png?v=1\" alt=\"Portrait du guide supr\u00eame iranien, l\u2019Ayatollah Mojtaba Khamenei, \u00e0 T\u00e9h\u00e9ran.\"\/><figcaption class=\"article-full__media-infos\">\n                <span class=\"article-full__media-legend\">Portrait du guide supr\u00eame iranien, l\u2019Ayatollah Mojtaba Khamenei, \u00e0 T\u00e9h\u00e9ran.<\/span><br \/>\n                                    <span class=\"article-full__media-author\">AFP<\/span><br \/>\n                            <\/figcaption><\/figure>\n<\/div>\n<\/div>\n<\/div>\n<div id=\"live_post_EVMOI6IPTDJKRWG\"><span class=\"live-post__date\">07h22.<\/span><\/p>\n<div class=\"live-post__content\">\n<h2 class=\"live-post__title\">L&#8217;Iran estime que son arm\u00e9e devrait avoir autorit\u00e9 sur le d\u00e9troit d&#8217;Ormuz<\/h2>\n<p class=\"live-post__amorce\">L&#8217;Iran estime que son arm\u00e9e devrait avoir autorit\u00e9 sur le d\u00e9troit d&#8217;Ormuz, au terme d&#8217;une proposition de loi,  a d\u00e9clar\u00e9 lundi un haut responsable. <\/p>\n<p>Ebrahim Azizi, pr\u00e9sident de la commission du Parlement sur la s\u00e9curit\u00e9 nationale, charg\u00e9e d&#8217;examiner le texte, a pr\u00e9cis\u00e9 \u00e0 la t\u00e9l\u00e9vision d&#8217;Etat que les forces arm\u00e9es contr\u00f4leraient le d\u00e9troit pour, notamment, interdire le passage de &#8220;navires hostiles&#8221;. <\/p>\n<p>Le projet pr\u00e9voit aussi que les  <strong>droits de passage soient vers\u00e9s dans la monnaie locale<\/strong> , le rial iranien.<\/p>\n<\/div>\n<\/div>\n<div id=\"live_post_EVMOI6I6B7J5TA3\"><span class=\"live-post__date\">07h21.<\/span><\/p>\n<div class=\"live-post__content\">\n<h2 class=\"live-post__title\">Bonjour et bienvenue\u00a0<\/h2>\n<p class=\"live-post__amorce\">Bienvenue dans ce direct consacr\u00e9 \u00e0 la guerre au Moyen-Orient. <\/p>\n<\/div>\n<\/div>\n<p><script async src=\"\/\/platform.twitter.com\/widgets.js\" charset=\"utf-8\"><\/script><br \/><a href=\"https:\/\/www.ladepeche.fr\/2026\/04\/28\/direct-guerre-au-moyen-orient-deux-mois-apres-le-debut-du-conflit-donald-trump-assure-examiner-les-propositions-iraniennes-13346955.php\">source<\/a><\/p>\n","protected":false},"excerpt":{"rendered":"<p>22h37. Merci de nous avoir suivi C&#8217;est la fin de ce direct 19h55. L&#8217;arm\u00e9e am\u00e9ricaine arraisonne un bateau suspect\u00e9 de se diriger vers un port iranien L&#8217;arm\u00e9e am\u00e9ricaine a annonc\u00e9 mardi avoir arraisonn\u00e9 un navire marchand dans la mer d&#8217;Arabie, soup\u00e7onn\u00e9 d&#8217;avoir tent\u00e9 de violer le blocus am\u00e9ricain des ports iraniens. Le M\/V Blue Star [&hellip;]<\/p>\n","protected":false},"author":1,"featured_media":129959,"comment_status":"open","ping_status":"open","sticky":false,"template":"","format":"standard","meta":{"_monsterinsights_skip_tracking":false,"_monsterinsights_sitenote_active":false,"_monsterinsights_sitenote_note":"","_monsterinsights_sitenote_category":0,"footnotes":""},"categories":[1],"tags":[],"coauthors":[77],"class_list":["post-129958","post","type-post","status-publish","format-standard","has-post-thumbnail","hentry","category-a-la-une"],"aioseo_notices":[],"_links":{"self":[{"href":"https:\/\/pressactu.com\/index.php?rest_route=\/wp\/v2\/posts\/129958","targetHints":{"allow":["GET"]}}],"collection":[{"href":"https:\/\/pressactu.com\/index.php?rest_route=\/wp\/v2\/posts"}],"about":[{"href":"https:\/\/pressactu.com\/index.php?rest_route=\/wp\/v2\/types\/post"}],"author":[{"embeddable":true,"href":"https:\/\/pressactu.com\/index.php?rest_route=\/wp\/v2\/users\/1"}],"replies":[{"embeddable":true,"href":"https:\/\/pressactu.com\/index.php?rest_route=%2Fwp%2Fv2%2Fcomments&post=129958"}],"version-history":[{"count":0,"href":"https:\/\/pressactu.com\/index.php?rest_route=\/wp\/v2\/posts\/129958\/revisions"}],"wp:featuredmedia":[{"embeddable":true,"href":"https:\/\/pressactu.com\/index.php?rest_route=\/wp\/v2\/media\/129959"}],"wp:attachment":[{"href":"https:\/\/pressactu.com\/index.php?rest_route=%2Fwp%2Fv2%2Fmedia&parent=129958"}],"wp:term":[{"taxonomy":"category","embeddable":true,"href":"https:\/\/pressactu.com\/index.php?rest_route=%2Fwp%2Fv2%2Fcategories&post=129958"},{"taxonomy":"post_tag","embeddable":true,"href":"https:\/\/pressactu.com\/index.php?rest_route=%2Fwp%2Fv2%2Ftags&post=129958"},{"taxonomy":"author","embeddable":true,"href":"https:\/\/pressactu.com\/index.php?rest_route=%2Fwp%2Fv2%2Fcoauthors&post=129958"}],"curies":[{"name":"wp","href":"https:\/\/api.w.org\/{rel}","templated":true}]}}