{"id":129947,"date":"2026-04-28T22:14:01","date_gmt":"2026-04-28T22:14:01","guid":{"rendered":"https:\/\/pressactu.com\/?p=129947"},"modified":"2026-04-28T22:14:01","modified_gmt":"2026-04-28T22:14:01","slug":"letablissement-sera-ferme-temporairement-mais-loutil-de-production-a-ete-preserve-le-plafond-dune-boulangerie-seffondre-a-pamiers-les-pompiers-m","status":"publish","type":"post","link":"https:\/\/pressactu.com\/?p=129947","title":{"rendered":"&quot;L\u2019\u00e9tablissement sera ferm\u00e9 temporairement mais l\u2019outil de production a \u00e9t\u00e9 pr\u00e9serv\u00e9&quot;\u00a0: le plafond d\u2019une boulangerie s\u2019effondre \u00e0 Pamiers, les pompiers mobilis\u00e9s"},"content":{"rendered":"<p>\n                                                                    <span class=\"article-full__chapo-label hide-on-small-only\">l&#8217;essentiel<\/span><br \/>\n                                                                Les sapeurs-pompiers sont intervenus ce mardi 28\u00a0avril dans une boulangerie de Pamiers, en Ari\u00e8ge, apr\u00e8s l\u2019effondrement partiel du plafond. Le b\u00e2timent a \u00e9t\u00e9 s\u00e9curis\u00e9 et l\u2019\u00e9tablissement devra fermer temporairement.\n                            <\/p>\n<div rel=\"js-article-content\" data-state=\"fixed-height\" data-selection=\"disabled\">\n                                                                                                                            <!-- Pub DFP Position [outstream] --><\/p>\n<p>Une intervention impressionnante mais sans victime. Les sapeurs-pompiers de Pamiers sont intervenus ce mardi 28\u00a0avril 2026 apr\u00e8s-midi \u00e0 la boulangerie Doussat (cot\u00e9 bayle), apr\u00e8s l\u2019effondrement partiel du plafond de l\u2019\u00e9tablissement.<\/p>\n<p><!-- Pub DFP Position [article] --><\/p>\n<p>Face au risque d\u2019instabilit\u00e9 du b\u00e2timent, deux sp\u00e9cialistes des risques b\u00e2timentaires du SDIS de l\u2019Ari\u00e8ge ont \u00e9t\u00e9 mobilis\u00e9s, aux c\u00f4t\u00e9s de la cha\u00eene de commandement. L\u2019autorit\u00e9 municipale s\u2019est \u00e9galement rendue sur place afin de suivre les op\u00e9rations.<\/p>\n<h2 class=\"txt-int\">Une institution locale<\/h2>\n<p>Les services d\u2019Enedis et de GRDF ont proc\u00e9d\u00e9 \u00e0 la s\u00e9curisation des lieux, tandis qu\u2019une entreprise priv\u00e9e est intervenue pour stabiliser le plancher fragilis\u00e9.<\/p>\n<p>\u00c0 l\u2019issue de l\u2019intervention, &#8220;l\u2019\u00e9tablissement sera ferm\u00e9 temporairement mais l\u2019outil de production a \u00e9t\u00e9 pr\u00e9serv\u00e9&#8221;, ont fait savoir les hommes du service d\u00e9partemental d\u2019incendies et de secours du d\u00e9partement.<\/p>\n<\/p><\/div>\n<p><a href=\"https:\/\/www.ladepeche.fr\/2026\/04\/28\/letablissement-sera-ferme-temporairement-mais-loutil-de-production-a-ete-preserve-le-plafond-dune-boulangerie-seffondre-a-pamiers-les-pompiers-13347934.php\">source<\/a><\/p>\n","protected":false},"excerpt":{"rendered":"<p>l&#8217;essentiel Les sapeurs-pompiers sont intervenus ce mardi 28\u00a0avril dans une boulangerie de Pamiers, en Ari\u00e8ge, apr\u00e8s l\u2019effondrement partiel du plafond. Le b\u00e2timent a \u00e9t\u00e9 s\u00e9curis\u00e9 et l\u2019\u00e9tablissement devra fermer temporairement. Une intervention impressionnante mais sans victime. Les sapeurs-pompiers de Pamiers sont intervenus ce mardi 28\u00a0avril 2026 apr\u00e8s-midi \u00e0 la boulangerie Doussat (cot\u00e9 bayle), apr\u00e8s l\u2019effondrement [&hellip;]<\/p>\n","protected":false},"author":1,"featured_media":129948,"comment_status":"open","ping_status":"open","sticky":false,"template":"","format":"standard","meta":{"_monsterinsights_skip_tracking":false,"_monsterinsights_sitenote_active":false,"_monsterinsights_sitenote_note":"","_monsterinsights_sitenote_category":0,"footnotes":""},"categories":[74],"tags":[],"coauthors":[77],"class_list":["post-129947","post","type-post","status-publish","format-standard","has-post-thumbnail","hentry","category-economie"],"aioseo_notices":[],"_links":{"self":[{"href":"https:\/\/pressactu.com\/index.php?rest_route=\/wp\/v2\/posts\/129947","targetHints":{"allow":["GET"]}}],"collection":[{"href":"https:\/\/pressactu.com\/index.php?rest_route=\/wp\/v2\/posts"}],"about":[{"href":"https:\/\/pressactu.com\/index.php?rest_route=\/wp\/v2\/types\/post"}],"author":[{"embeddable":true,"href":"https:\/\/pressactu.com\/index.php?rest_route=\/wp\/v2\/users\/1"}],"replies":[{"embeddable":true,"href":"https:\/\/pressactu.com\/index.php?rest_route=%2Fwp%2Fv2%2Fcomments&post=129947"}],"version-history":[{"count":0,"href":"https:\/\/pressactu.com\/index.php?rest_route=\/wp\/v2\/posts\/129947\/revisions"}],"wp:featuredmedia":[{"embeddable":true,"href":"https:\/\/pressactu.com\/index.php?rest_route=\/wp\/v2\/media\/129948"}],"wp:attachment":[{"href":"https:\/\/pressactu.com\/index.php?rest_route=%2Fwp%2Fv2%2Fmedia&parent=129947"}],"wp:term":[{"taxonomy":"category","embeddable":true,"href":"https:\/\/pressactu.com\/index.php?rest_route=%2Fwp%2Fv2%2Fcategories&post=129947"},{"taxonomy":"post_tag","embeddable":true,"href":"https:\/\/pressactu.com\/index.php?rest_route=%2Fwp%2Fv2%2Ftags&post=129947"},{"taxonomy":"author","embeddable":true,"href":"https:\/\/pressactu.com\/index.php?rest_route=%2Fwp%2Fv2%2Fcoauthors&post=129947"}],"curies":[{"name":"wp","href":"https:\/\/api.w.org\/{rel}","templated":true}]}}