{"id":129945,"date":"2026-04-28T21:43:21","date_gmt":"2026-04-28T21:43:21","guid":{"rendered":"https:\/\/pressactu.com\/?p=129945"},"modified":"2026-04-28T21:43:21","modified_gmt":"2026-04-28T21:43:21","slug":"portrait-charles-alloncle-jusquou-ira-le-rapporteur-de-la-commission-denquete-sur-laudiovisuel-public-apres-sa-fulgurante-ascension-sous-tension-au-coeur-de-lass","status":"publish","type":"post","link":"https:\/\/pressactu.com\/?p=129945","title":{"rendered":"PORTRAIT. Charles Alloncle : jusqu\u2019o\u00f9 ira le rapporteur de la commission d\u2019enqu\u00eate sur l\u2019audiovisuel public apr\u00e8s sa fulgurante ascension sous tension au c\u0153ur de l\u2019Assembl\u00e9e\u00a0?"},"content":{"rendered":"<p>\n                                                                    <span class=\"article-full__chapo-label hide-on-small-only\">l&#8217;essentiel<\/span><br \/>\n                                                                En quelques mois, le d\u00e9put\u00e9 UDR de l\u2019H\u00e9rault s\u2019est impos\u00e9 comme l\u2019un des visages les plus clivants de l\u2019Assembl\u00e9e. Port\u00e9 par une exposition m\u00e9diatique intense et une commission d\u2019enqu\u00eate sur l\u2019audiovisuel public sous haute tension, Charles Alloncle s\u2019installe dans le paysage politique en assumant une strat\u00e9gie de rupture et une ambition certaine pour la suite de sa carri\u00e8re.\n                            <\/p>\n<div rel=\"js-article-content\">\n                                                                                                                            <!-- Pub DFP Position [outstream] --><\/p>\n<p>\u00c0 32 ans, Charles Alloncle s\u2019est impos\u00e9 comme une anomalie dans le paysage parlementaire\u00a0: un d\u00e9put\u00e9 novice devenu, en quelques mois, une figure centrale du d\u00e9bat politique. \u00c9lu en juillet\u00a02024 dans la 9e circonscription de l\u2019H\u00e9rault, sous l\u2019\u00e9tiquette de l\u2019Union des droites pour la R\u00e9publique (UDR) d\u2019\u00c9ric Ciotti, alli\u00e9e au Rassemblement national de Jordan Bardella et Marine Le Pen, il incarne une g\u00e9n\u00e9ration rompue aux codes m\u00e9diatiques autant qu\u2019aux affrontements id\u00e9ologiques.<\/p>\n<p><!-- Pub DFP Position [article] --><\/p>\n<h2 class=\"txt-int\">Fils de pr\u00e9fet et militant sarkozyste pr\u00e9coce<\/h2>\n<p>N\u00e9 \u00e0 Nancy en 1993, fils de pr\u00e9fet, form\u00e9 \u00e0 Sciences Po Paris puis \u00e0 HEC, pass\u00e9 par l\u2019universit\u00e9 de Berkeley, Charles-Henri Alloncle \u2013 il abandonne son second pr\u00e9nom lors de son entr\u00e9e en politique \u00e9lective \u2013 suit d\u2019abord une trajectoire classique. Militant pr\u00e9coce \u00e0 l\u2019UMP, proche de Nicolas Sarkozy, il tente en 2018 de prendre la t\u00eate des Jeunes R\u00e9publicains face \u00e0 Aurane Reihanian, avant de contester sa d\u00e9faite. D\u00e9j\u00e0, une constante appara\u00eet\u00a0: la conflictualisation des proc\u00e9dures comme levier politique.<\/p>\n<p>Apr\u00e8s un passage dans le priv\u00e9, \u00e0 la t\u00eate des op\u00e9rations de la n\u00e9obanque Blank, il revient en politique dans le sillage de sa rencontre avec Jordan Bardella en 2023. La dissolution de 2024 pr\u00e9cipite son entr\u00e9e en campagne. Parachut\u00e9 dans l\u2019H\u00e9rault, il l\u2019emporte face \u00e0 la gauche avec 51,90\u00a0% des voix au second tour face \u00e0 la candidate de La France insoumise et s\u2019installe \u00e0 l\u2019Assembl\u00e9e nationale.<\/p>\n<h2 class=\"txt-int\">Un &#8220;petit procureur maccarthyste&#8221;<\/h2>\n<p>Mais c\u2019est \u00e0 l\u2019automne 2025 que sa trajectoire bascule. Nomm\u00e9 rapporteur de la commission d\u2019enqu\u00eate sur la neutralit\u00e9, le fonctionnement et le financement de l\u2019audiovisuel public, il transforme cette instance en un espace d\u2019affrontement politique permanent. Face \u00e0 des figures m\u00e9diatiques de France T\u00e9l\u00e9visions ou Radio France, comme Patrick Cohen, L\u00e9a Salam\u00e9, \u00c9lise Lucet, Laurent Delahousse ou encore Delphine Ernotte, il adopte une posture offensive, multipliant les mises en cause.<\/p>\n<p>Ses m\u00e9thodes suscitent des r\u00e9actions en cha\u00eene. La d\u00e9put\u00e9e PS Ayda Hadizadeh d\u00e9nonce un &#8220;petit procureur maccarthyste&#8221;. Xavier Niel et Matthieu Pigasse l\u2019accusent de relayer des &#8220;fake news&#8221;. Nagui engage des poursuites apr\u00e8s des accusations publiques. Jusqu\u2019\u00e0 la pr\u00e9sidente de l\u2019Assembl\u00e9e nationale, Ya\u00ebl Braun-Pivet, qui intervient pour d\u00e9noncer un risque de &#8220;d\u00e9voiement&#8221; de la commission. Son pr\u00e9sident, J\u00e9r\u00e9mie Patrier-Leitus (Horizons), est contraint de suspendre les travaux pour recadrer leur fonctionnement.<\/p>\n<h2 class=\"txt-int\">Le chouchou des m\u00e9dias Bollor\u00e9<\/h2>\n<p>Mais ces tensions nourrissent aussi sa visibilit\u00e9. &#8220;Il est au centre de plus de 47\u00a0300 tweets ces trois derniers jours&#8221;, soulignait d\u00e9but d\u00e9cembre la soci\u00e9t\u00e9 de veille Visibrain. Une exposition amplifi\u00e9e par le soutien tr\u00e8s actif des m\u00e9dias du groupe Bollor\u00e9, o\u00f9 des figures comme Pascal Praud relaient r\u00e9guli\u00e8rement ses interventions. Le d\u00e9put\u00e9 est m\u00eame mis en avant \u00e0 deux reprises \u00e0 la une du magazine dominical JDNews, signe d\u2019un alignement strat\u00e9gique entre sa croisade contre l\u2019audiovisuel public et la ligne \u00e9ditoriale conservatrice de l\u2019\u00e9cosyst\u00e8me de Vincent Bollor\u00e9 \u2013 qui sera lui-m\u00eame auditionn\u00e9.<\/p>\n<div class=\"center-align\" rel=\"js-article-inline-img\" data-protec-aida=\"image\">\n<figure class=\"std-img\" data-src=\"https:\/\/images.ladepeche.fr\/api\/v1\/images\/view\/69f0f3a2a4e0473568032372\/original\/image.png?v=1\">\n        <img decoding=\"async\" class=\"std-img__img responsive-img\" src=\"http:\/\/pressactu.com\/wp-content\/uploads\/2026\/04\/1777412599_124_image.png?v=1\" alt=\"Les unes de l\u2019hebdomadaire JDNews du groupe Bollor\u00e9.\"\/><figcaption class=\"article-full__media-infos\">\n                <span class=\"article-full__media-legend\">Les unes de l\u2019hebdomadaire JDNews du groupe Bollor\u00e9.<\/span><br \/>\n                                    <span class=\"article-full__media-author\">DR<\/span><br \/>\n                            <\/figcaption><\/figure>\n<\/div>\n<p>Dans cet environnement, Charles Alloncle assume une strat\u00e9gie de polarisation. Accus\u00e9 de transformer la commission en &#8220;tribunal politique&#8221; ou en &#8220;chasse aux sorci\u00e8res&#8221;, il revendique au contraire un travail de mise en lumi\u00e8re des &#8220;gabegies&#8221; et des &#8220;dysfonctionnements&#8221;. Ses critiques visent un syst\u00e8me qu\u2019il d\u00e9crit comme id\u00e9ologiquement orient\u00e9, nourrissant une confrontation directe avec des personnalit\u00e9s du secteur.<\/p>\n<h2 class=\"txt-int\">Vote du rapport\u00a0: gagnant sur tous les tableaux<\/h2>\n<p>La s\u00e9quence culmine avec l\u2019adoption de son rapport lundi 27\u00a0avril, \u00e0 une courte majorit\u00e9 (12 voix contre 10 gr\u00e2ce \u00e0 l\u2019abstention des d\u00e9put\u00e9s macronistes Renaissance et MoDem). Un document de 400 pages qui sera publi\u00e9 le 4\u00a0mai et qui devient imm\u00e9diatement un outil politique. Si le texte avait \u00e9t\u00e9 rejet\u00e9, Charles Alloncle se serait pos\u00e9 en victime d\u2019une censure, pr\u00eat \u00e0 publier ailleurs \u2013 une maison d\u2019\u00e9dition du groupe Bollor\u00e9 par exemple \u2013 ses conclusions. Son adoption lui permet au contraire d\u2019endosser le r\u00f4le d\u2019un acteur central du d\u00e9bat, d\u00e9termin\u00e9 \u00e0 prolonger cette dynamique.<\/p>\n<p>Dans son camp, les soutiens ont afflu\u00e9 tout au long de ces mois d\u2019auditions. Le d\u00e9put\u00e9 RN Jean-Philippe Tanguy salue une commission &#8220;parmi les plus suivies&#8221;, tandis que Jordan Bardella, pr\u00e9sident du RN, esp\u00e8re qu\u2019elle rendra la privatisation de l\u2019audiovisuel public &#8220;\u00e9vidente&#8221;. Marine Le Pen, elle, a d\u00e9nonc\u00e9 les &#8220;pressions intol\u00e9rables&#8221; exerc\u00e9es sur le d\u00e9put\u00e9. \u00c0 l\u2019inverse, des figures locales comme Patrick Vignal, l\u2019ancien d\u00e9put\u00e9 Renaissance de l\u2019H\u00e9rault, ont critiqu\u00e9 un &#8220;populisme&#8221; et une opposition syst\u00e9matique entre \u00e9lite et peuple.<\/p>\n<h2 class=\"txt-int\">Et maintenant, quelle est la suite\u00a0?<\/h2>\n<p>Reste la suite. Officiellement, Charles Alloncle affirme n\u2019\u00eatre &#8220;candidat \u00e0 rien&#8221;. Mais dans les cercles de la droite radicale, certains l\u2019imaginent d\u00e9j\u00e0 au-del\u00e0 du Palais-Bourbon. Son investissement sur les questions culturelles alimente les sp\u00e9culations autour d\u2019un \u00e9ventuel r\u00f4le minist\u00e9riel, notamment dans l\u2019hypoth\u00e8se d\u2019une victoire de Jordan Bardella en 2027.<\/p>\n<p>Entre strat\u00e9gie m\u00e9diatique, confrontation politique et utilisation maximale des outils parlementaires et des r\u00e9seaux sociaux, Charles Alloncle s\u2019inscrit dans une nouvelle g\u00e9n\u00e9ration d\u2019acteurs politiques. Une g\u00e9n\u00e9ration pour laquelle une commission d\u2019enqu\u00eate n\u2019est plus seulement un instrument de contr\u00f4le, mais un acc\u00e9l\u00e9rateur de carri\u00e8re\u2026<\/p>\n<\/p><\/div>\n<p><a href=\"https:\/\/www.ladepeche.fr\/2026\/04\/28\/portrait-jusquou-ira-charles-alloncle-apres-sa-fulgurante-ascension-sous-tension-au-coeur-de-lassemblee-13347894.php\">source<\/a><\/p>\n","protected":false},"excerpt":{"rendered":"<p>l&#8217;essentiel En quelques mois, le d\u00e9put\u00e9 UDR de l\u2019H\u00e9rault s\u2019est impos\u00e9 comme l\u2019un des visages les plus clivants de l\u2019Assembl\u00e9e. Port\u00e9 par une exposition m\u00e9diatique intense et une commission d\u2019enqu\u00eate sur l\u2019audiovisuel public sous haute tension, Charles Alloncle s\u2019installe dans le paysage politique en assumant une strat\u00e9gie de rupture et une ambition certaine pour la [&hellip;]<\/p>\n","protected":false},"author":1,"featured_media":129946,"comment_status":"open","ping_status":"open","sticky":false,"template":"","format":"standard","meta":{"_monsterinsights_skip_tracking":false,"_monsterinsights_sitenote_active":false,"_monsterinsights_sitenote_note":"","_monsterinsights_sitenote_category":0,"footnotes":""},"categories":[1],"tags":[],"coauthors":[77],"class_list":["post-129945","post","type-post","status-publish","format-standard","has-post-thumbnail","hentry","category-a-la-une"],"aioseo_notices":[],"_links":{"self":[{"href":"https:\/\/pressactu.com\/index.php?rest_route=\/wp\/v2\/posts\/129945","targetHints":{"allow":["GET"]}}],"collection":[{"href":"https:\/\/pressactu.com\/index.php?rest_route=\/wp\/v2\/posts"}],"about":[{"href":"https:\/\/pressactu.com\/index.php?rest_route=\/wp\/v2\/types\/post"}],"author":[{"embeddable":true,"href":"https:\/\/pressactu.com\/index.php?rest_route=\/wp\/v2\/users\/1"}],"replies":[{"embeddable":true,"href":"https:\/\/pressactu.com\/index.php?rest_route=%2Fwp%2Fv2%2Fcomments&post=129945"}],"version-history":[{"count":0,"href":"https:\/\/pressactu.com\/index.php?rest_route=\/wp\/v2\/posts\/129945\/revisions"}],"wp:featuredmedia":[{"embeddable":true,"href":"https:\/\/pressactu.com\/index.php?rest_route=\/wp\/v2\/media\/129946"}],"wp:attachment":[{"href":"https:\/\/pressactu.com\/index.php?rest_route=%2Fwp%2Fv2%2Fmedia&parent=129945"}],"wp:term":[{"taxonomy":"category","embeddable":true,"href":"https:\/\/pressactu.com\/index.php?rest_route=%2Fwp%2Fv2%2Fcategories&post=129945"},{"taxonomy":"post_tag","embeddable":true,"href":"https:\/\/pressactu.com\/index.php?rest_route=%2Fwp%2Fv2%2Ftags&post=129945"},{"taxonomy":"author","embeddable":true,"href":"https:\/\/pressactu.com\/index.php?rest_route=%2Fwp%2Fv2%2Fcoauthors&post=129945"}],"curies":[{"name":"wp","href":"https:\/\/api.w.org\/{rel}","templated":true}]}}