{"id":129936,"date":"2026-04-28T19:59:30","date_gmt":"2026-04-28T19:59:30","guid":{"rendered":"https:\/\/pressactu.com\/?p=129936"},"modified":"2026-04-28T19:59:30","modified_gmt":"2026-04-28T19:59:30","slug":"espece-de-tare-cest-toi-quon-a-vu-a-la-camera-malik-bentalha-revient-sur-laffaire-du-fumigene-au-parc-des-princes-qui-lui-a-coute-6-mois-d","status":"publish","type":"post","link":"https:\/\/pressactu.com\/?p=129936","title":{"rendered":"&quot;Esp\u00e8ce de tar\u00e9, c\u2019est toi qu\u2019on a vu \u00e0 la cam\u00e9ra\u00a0?&quot;\u00a0: Malik Bentalha revient sur l\u2019affaire du fumig\u00e8ne au Parc des Princes qui lui a co\u00fbt\u00e9 6 mois d\u2019interdiction de stade"},"content":{"rendered":"<p>\n                                                                    <span class=\"article-full__chapo-label hide-on-small-only\">l&#8217;essentiel<\/span><br \/>\n                                                                Interrog\u00e9 par \u00c9lise Lucet, l\u2019humoriste Malik Bentalha revient sur sa bourde au Parc des Princes en 2019, lors d\u2019un match de Ligue des champions face au Real Madrid, lorsqu\u2019il allume un fumig\u00e8ne au milieu des ultras du Collectif Ultra Paris. Il le jure, il &#8220;ne savait pas que c\u2019\u00e9tait interdit&#8221;\n                            <\/p>\n<div rel=\"js-article-content\">\n                                                                                                                            <!-- Pub DFP Position [outstream] --><\/p>\n<p>Des ann\u00e9es apr\u00e8s PSG-Real Madrid, Malik Bentalha rallume l\u2019affaire du fumig\u00e8ne\u2026 mais cette fois-ci sans briquet. Invit\u00e9 ce week-end\u00a0par \u00c9lise Lucet dans son <a href=\"https:\/\/www.youtube.com\/watch?v=3vPBNDDK3u8&amp;t=2981s\" target=\"_blank\">podcast &#8220;Derush&#8221;<\/a>, l\u2019humoriste est revenu avec autod\u00e9rision sur l\u2019\u00e9pisode du fumig\u00e8ne allum\u00e9 lors d\u2019un match de Ligue des champions en 2019.<\/p>\n<p><!-- Pub DFP Position [article] --><\/p>\n<p class=\"std-elt__inline\">\n        <strong>\u00c0 lire aussi :<\/strong><br \/>\n        <a href=\"\/2026\/04\/28\/psg-bayern-a-quelle-heure-et-sur-quelle-chaine-voir-le-choc-au-parc-des-princes-pour-la-demi-finale-aller-de-la-ligue-des-champions-13347221.php\">PSG \u2013 Bayern\u00a0: \u00e0 quelle heure et sur quelle cha\u00eene voir le choc au Parc des Princes pour la demi-finale aller de la Ligue des champions<\/a>\n    <\/p>\n<p>Malik a beau avoir le sens du spectacle, ce soir-l\u00e0 au Parc des Princes, il n\u2019avait pas pr\u00e9vu de se faire griller par la vid\u00e9osurveillance. \u00c0 l\u2019\u00e9poque, il assistait \u00e0 un match avec son ami DJ Snake, non pas en loge VIP, mais au c\u0153ur du virage Auteuil, au milieu des ultras parisiens. &#8220;On voulait passer un match dans l\u2019ambiance&#8221;, explique-t-il. Ambiance r\u00e9ussie\u00a0: le PSG bat le Real Madrid 3-0, le stade explose, et quelqu\u2019un lui propose d\u2019allumer un fumig\u00e8ne.<\/p>\n<h2 class=\"txt-int\">Malik Bentalha commence \u00e0 comprendre son erreur lorsqu\u2019une cagoule lui est propos\u00e9e<\/h2>\n<p>Alors qu\u2019\u00c9lise Lucet semble en douter, il insiste formellement\u00a0sur la na\u00efvet\u00e9 de son geste\u00a0: &#8220;Je te promets, je ne savais pas que c\u2019\u00e9tait interdit, je te le jure. Comme j\u2019en vois tous les jours dans les stades, je me disais que \u00e7a faisait partie du folklore.&#8221;<\/p>\n<p class=\"std-elt__inline\">\n        <strong>\u00c0 lire aussi :<\/strong><br \/>\n        <a href=\"\/2026\/04\/28\/emmanuel-macron-surprend-en-andorre-le-president-fan-de-marseille-mise-sur-une-victoire-3-1-du-psg-face-au-bayern-en-ligue-des-champions-13347348.php\">Emmanuel Macron surprend en Andorre\u00a0: le pr\u00e9sident, fan de Marseille, mise sur une victoire 3-1 du PSG face au Bayern en Ligue des champions<\/a>\n    <\/p>\n<p>Sauf qu\u2019\u00e0 ce moment-l\u00e0, une proposition totalement inattendue va changer la perception de son propre geste\u00a0: &#8220;J\u2019allume le fumig\u00e8ne et le gars me dit &#8216;tiens, mets une cagoule&#8217; et c\u2019est l\u00e0 que je commence \u00e0 me poser des questions. \u00c0 ce moment-l\u00e0, je mets un peu moins d\u2019entrain avec le fumig\u00e8ne&#8221;, dit-il en rigolant, encore loin de conna\u00eetre les cons\u00e9quences de ce type d\u2019acte.<\/p>\n<h2 class=\"txt-int\">&#8220;Esp\u00e8ce de tar\u00e9, c\u2019est toi qu\u2019on a vu \u00e0 la cam\u00e9ra\u00a0?&#8221;<\/h2>\n<p>Sauf que le folklore, c\u00f4t\u00e9 justice, passe moins bien. Apr\u00e8s le match, il est interpell\u00e9 par des membres du club que l\u2019humoriste conna\u00eet et qui n\u2019ont pas h\u00e9sit\u00e9 \u00e0 le pr\u00e9venir de la gravit\u00e9 de la situation\u00a0dans laquelle il venait de se mettre\u00a0: &#8220;Il y a des gens qui bossent au club qui m\u2019ont dit &#8216;Esp\u00e8ce de tar\u00e9, c\u2019est toi qu\u2019on a vu \u00e0 la cam\u00e9ra\u00a0? Tu peux pas faire \u00e7a, c\u2019est interdit'&#8221;, avant d\u2019encha\u00eener par une blague \u00e0 \u00c9lise Lucet\u00a0: &#8220;C\u2019\u00e9tait juste une bougie, c\u2019est un anniversaire.&#8221;<\/p>\n<p class=\"std-elt__inline\">\n        <strong>\u00c0 lire aussi :<\/strong><br \/>\n        <a href=\"\/2026\/04\/27\/gianni-infantino-face-a-ses-responsabilites-la-norvege-soutient-une-plainte-contre-la-fifa-et-reclame-la-suspension-du-prix-pour-la-paix-remis-a-13346157.php\">Gianni Infantino face \u00e0 ses responsabilit\u00e9s\u00a0: la Norv\u00e8ge soutient une plainte contre la FIFA et r\u00e9clame la suspension du prix pour la paix remis \u00e0 Donald Trump<\/a>\n    <\/p>\n<p>Cependant, conscient de la situation, l\u2019humoriste a choisi de reconna\u00eetre ses torts devant la justice. Il a ainsi \u00e9cop\u00e9 d\u2019une amende et d\u2019une interdiction de stade de six mois par le tribunal correctionnel de Paris, une d\u00e9cision radicale malgr\u00e9 la na\u00efvet\u00e9\u00a0qui l\u2019avait anim\u00e9 sur le moment.<\/p>\n<\/p><\/div>\n<p><a href=\"https:\/\/www.ladepeche.fr\/2026\/04\/28\/espece-de-tare-cest-toi-quon-a-vu-a-la-camera-malik-bentalha-revient-sur-laffaire-du-fumigene-au-parc-des-princes-qui-lui-a-coute-6-mois-dinterdiction-13347793.php\">source<\/a><\/p>\n","protected":false},"excerpt":{"rendered":"<p>l&#8217;essentiel Interrog\u00e9 par \u00c9lise Lucet, l\u2019humoriste Malik Bentalha revient sur sa bourde au Parc des Princes en 2019, lors d\u2019un match de Ligue des champions face au Real Madrid, lorsqu\u2019il allume un fumig\u00e8ne au milieu des ultras du Collectif Ultra Paris. Il le jure, il &#8220;ne savait pas que c\u2019\u00e9tait interdit&#8221; Des ann\u00e9es apr\u00e8s PSG-Real [&hellip;]<\/p>\n","protected":false},"author":1,"featured_media":129937,"comment_status":"open","ping_status":"open","sticky":false,"template":"","format":"standard","meta":{"_monsterinsights_skip_tracking":false,"_monsterinsights_sitenote_active":false,"_monsterinsights_sitenote_note":"","_monsterinsights_sitenote_category":0,"footnotes":""},"categories":[71],"tags":[],"coauthors":[77],"class_list":["post-129936","post","type-post","status-publish","format-standard","has-post-thumbnail","hentry","category-sport"],"aioseo_notices":[],"_links":{"self":[{"href":"https:\/\/pressactu.com\/index.php?rest_route=\/wp\/v2\/posts\/129936","targetHints":{"allow":["GET"]}}],"collection":[{"href":"https:\/\/pressactu.com\/index.php?rest_route=\/wp\/v2\/posts"}],"about":[{"href":"https:\/\/pressactu.com\/index.php?rest_route=\/wp\/v2\/types\/post"}],"author":[{"embeddable":true,"href":"https:\/\/pressactu.com\/index.php?rest_route=\/wp\/v2\/users\/1"}],"replies":[{"embeddable":true,"href":"https:\/\/pressactu.com\/index.php?rest_route=%2Fwp%2Fv2%2Fcomments&post=129936"}],"version-history":[{"count":0,"href":"https:\/\/pressactu.com\/index.php?rest_route=\/wp\/v2\/posts\/129936\/revisions"}],"wp:featuredmedia":[{"embeddable":true,"href":"https:\/\/pressactu.com\/index.php?rest_route=\/wp\/v2\/media\/129937"}],"wp:attachment":[{"href":"https:\/\/pressactu.com\/index.php?rest_route=%2Fwp%2Fv2%2Fmedia&parent=129936"}],"wp:term":[{"taxonomy":"category","embeddable":true,"href":"https:\/\/pressactu.com\/index.php?rest_route=%2Fwp%2Fv2%2Fcategories&post=129936"},{"taxonomy":"post_tag","embeddable":true,"href":"https:\/\/pressactu.com\/index.php?rest_route=%2Fwp%2Fv2%2Ftags&post=129936"},{"taxonomy":"author","embeddable":true,"href":"https:\/\/pressactu.com\/index.php?rest_route=%2Fwp%2Fv2%2Fcoauthors&post=129936"}],"curies":[{"name":"wp","href":"https:\/\/api.w.org\/{rel}","templated":true}]}}