{"id":129934,"date":"2026-04-28T18:52:05","date_gmt":"2026-04-28T18:52:05","guid":{"rendered":"https:\/\/pressactu.com\/?p=129934"},"modified":"2026-04-28T18:52:05","modified_gmt":"2026-04-28T18:52:05","slug":"plus-dun-agriculteur-sur-deux-sous-le-smic-en-occitanie-selon-un-rapport-une-precarisation-progressive","status":"publish","type":"post","link":"https:\/\/pressactu.com\/?p=129934","title":{"rendered":"Plus d\u2019un agriculteur sur deux sous le Smic en Occitanie selon un rapport, &quot;une pr\u00e9carisation progressive&quot;"},"content":{"rendered":"<p>\n                                                                    <span class=\"article-full__chapo-label hide-on-small-only\">l&#8217;essentiel<\/span><br \/>\n                                                                La pr\u00e9carit\u00e9 agricole s\u2019aggrave en Occitanie. Plus d\u2019un agriculteur sur deux vit avec moins que le Smic selon l\u2019Observatoire de la r\u00e9mun\u00e9ration agricole \u00e9quitable. Son dernier rapport montre des signes d\u2019une crise rurale durable.\n                            <\/p>\n<div rel=\"js-article-content\">\n                                                                                                                            <!-- Pub DFP Position [outstream] --><\/p>\n<p>En Occitanie, le quotidien de plus d\u2019un agriculteur sur deux est marqu\u00e9 par la pr\u00e9carit\u00e9\u00a0: 29\u00a0600 exploitants, soit 57\u00a0% de la profession, per\u00e7oivent une r\u00e9mun\u00e9ration inf\u00e9rieure au Smic. Un chiffre alarmant r\u00e9v\u00e9l\u00e9 par l\u2019Observatoire de la r\u00e9mun\u00e9ration agricole \u00e9quitable.<\/p>\n<p><!-- Pub DFP Position [article] --><\/p>\n<p class=\"std-elt__inline\">\n        <strong>\u00c0 lire aussi :<\/strong><br \/>\n        <a href=\"\/2026\/04\/26\/je-cherchais-une-agriculture-plus-remuneratrice-ces-nouveaux-agriculteurs-pres-de-toulouse-ont-choisi-le-bambou-pour-tracer-leur-sillon-13341806.php\">&#8220;Je cherchais une agriculture plus r\u00e9mun\u00e9ratrice&#8221;: ces nouveaux agriculteurs pr\u00e8s de Toulouse ont choisi le bambou pour tracer leur sillon<\/a>\n    <\/p>\n<p>Cet organisme indique qu\u2019il manque annuellement 808\u00a0millions d\u2019euros pour assurer un revenu d\u00e9cent \u00e0 l\u2019ensemble des professionnels du secteur. Une somme qui a quasiment doubl\u00e9 par rapport \u00e0 la moyenne de 478\u00a0millions d\u2019euros (2015-2022).<\/p>\n<p class=\"std-elt__inline\">\n        <strong>\u00c0 lire aussi :<\/strong><br \/>\n        <a href=\"\/2026\/04\/28\/entretien-pourtant-controverse-lagrivoltaisme-represente-une-voie-davenir-pour-lagriculture-en-haute-garonne-selon-francis-cadours-ancien-president-de-13345856.php\">ENTRETIEN. Pourtant controvers\u00e9, &#8220;l\u2019agrivolta\u00efsme repr\u00e9sente une voie d\u2019avenir pour l\u2019agriculture&#8221; en Haute-Garonne selon Francis Cadours, ancien pr\u00e9sident de la FDSEA 31<\/a>\n    <\/p>\n<p>La r\u00e9gion subit une pr\u00e9carit\u00e9 durable, avec une part de travailleurs concern\u00e9s sup\u00e9rieure \u00e0 50\u00a0% presque chaque ann\u00e9e. Cette fragilit\u00e9 \u00e9conomique s\u2019est intensifi\u00e9e de deux points en une d\u00e9cennie.<\/p>\n<h2 class=\"txt-int\">Des fili\u00e8res strat\u00e9giques en difficult\u00e9<\/h2>\n<p>L\u2019\u00e9tude souligne que l\u2019ins\u00e9curit\u00e9 financi\u00e8re frappe les productions embl\u00e9matiques du Sud-Ouest. Le secteur des c\u00e9r\u00e9ales et des ol\u00e9oprot\u00e9agineux est le plus impact\u00e9, avec 65\u00a0% d\u2019exploitants r\u00e9mun\u00e9r\u00e9s sous le salaire minimum. Ce constat accablant se d\u00e9cline dans toutes les sp\u00e9cialit\u00e9s\u00a0: 58\u00a0% dans l\u2019\u00e9levage bovin, 54\u00a0% en viticulture et arboriculture, et jusqu\u2019\u00e0 un \u00e9leveur d\u2019ovins ou de caprins sur deux.<\/p>\n<p class=\"std-elt__inline\">\n        <strong>\u00c0 lire aussi :<\/strong><br \/>\n        <a href=\"\/2026\/04\/19\/entretien-dermatose-nodulaire-loi-durgence-agricole-intemperies-revenus-le-cri-dalarme-de-la-confederation-paysanne-pour-lagriculture-13332419.php\">ENTRETIEN. Dermatose nodulaire, Loi d\u2019urgence agricole, intemp\u00e9ries, revenus\u2026 Le cri d\u2019alarme de la Conf\u00e9d\u00e9ration paysanne pour l\u2019agriculture<\/a>\n    <\/p>\n<p>Le besoin de financement pour garantir un revenu \u00e9quitable a donc bondi, illustrant une d\u00e9gradation structurelle de l\u2019\u00e9conomie rurale. &#8220;Cette \u00e9volution traduit une pr\u00e9carisation progressive des exploitations, dont les revenus s\u2019\u00e9loignent de plus en plus du seuil du Smic, rendant plus difficile l\u2019investissement, la transmission des exploitations et la stabilit\u00e9 \u00e9conomique des territoires agricoles&#8221;, d\u00e9plore l\u2019Observatoire.<\/p>\n<\/p><\/div>\n<p><a href=\"https:\/\/www.ladepeche.fr\/2026\/04\/28\/plus-dun-agriculteur-sur-deux-sous-le-smic-en-occitanie-selon-un-rapport-une-precarisation-progressive-13346993.php\">source<\/a><\/p>\n","protected":false},"excerpt":{"rendered":"<p>l&#8217;essentiel La pr\u00e9carit\u00e9 agricole s\u2019aggrave en Occitanie. Plus d\u2019un agriculteur sur deux vit avec moins que le Smic selon l\u2019Observatoire de la r\u00e9mun\u00e9ration agricole \u00e9quitable. Son dernier rapport montre des signes d\u2019une crise rurale durable. En Occitanie, le quotidien de plus d\u2019un agriculteur sur deux est marqu\u00e9 par la pr\u00e9carit\u00e9\u00a0: 29\u00a0600 exploitants, soit 57\u00a0% de [&hellip;]<\/p>\n","protected":false},"author":1,"featured_media":129935,"comment_status":"open","ping_status":"open","sticky":false,"template":"","format":"standard","meta":{"_monsterinsights_skip_tracking":false,"_monsterinsights_sitenote_active":false,"_monsterinsights_sitenote_note":"","_monsterinsights_sitenote_category":0,"footnotes":""},"categories":[74],"tags":[],"coauthors":[77],"class_list":["post-129934","post","type-post","status-publish","format-standard","has-post-thumbnail","hentry","category-economie"],"aioseo_notices":[],"_links":{"self":[{"href":"https:\/\/pressactu.com\/index.php?rest_route=\/wp\/v2\/posts\/129934","targetHints":{"allow":["GET"]}}],"collection":[{"href":"https:\/\/pressactu.com\/index.php?rest_route=\/wp\/v2\/posts"}],"about":[{"href":"https:\/\/pressactu.com\/index.php?rest_route=\/wp\/v2\/types\/post"}],"author":[{"embeddable":true,"href":"https:\/\/pressactu.com\/index.php?rest_route=\/wp\/v2\/users\/1"}],"replies":[{"embeddable":true,"href":"https:\/\/pressactu.com\/index.php?rest_route=%2Fwp%2Fv2%2Fcomments&post=129934"}],"version-history":[{"count":0,"href":"https:\/\/pressactu.com\/index.php?rest_route=\/wp\/v2\/posts\/129934\/revisions"}],"wp:featuredmedia":[{"embeddable":true,"href":"https:\/\/pressactu.com\/index.php?rest_route=\/wp\/v2\/media\/129935"}],"wp:attachment":[{"href":"https:\/\/pressactu.com\/index.php?rest_route=%2Fwp%2Fv2%2Fmedia&parent=129934"}],"wp:term":[{"taxonomy":"category","embeddable":true,"href":"https:\/\/pressactu.com\/index.php?rest_route=%2Fwp%2Fv2%2Fcategories&post=129934"},{"taxonomy":"post_tag","embeddable":true,"href":"https:\/\/pressactu.com\/index.php?rest_route=%2Fwp%2Fv2%2Ftags&post=129934"},{"taxonomy":"author","embeddable":true,"href":"https:\/\/pressactu.com\/index.php?rest_route=%2Fwp%2Fv2%2Fcoauthors&post=129934"}],"curies":[{"name":"wp","href":"https:\/\/api.w.org\/{rel}","templated":true}]}}