{"id":129930,"date":"2026-04-28T18:18:43","date_gmt":"2026-04-28T18:18:43","guid":{"rendered":"https:\/\/pressactu.com\/?p=129930"},"modified":"2026-04-28T18:18:43","modified_gmt":"2026-04-28T18:18:43","slug":"rugby-amateur-insultes-racistes-bagarre-generale-le-derby-de-federale-2-vire-au-chaos-pres-de-toulouse","status":"publish","type":"post","link":"https:\/\/pressactu.com\/?p=129930","title":{"rendered":"Rugby amateur\u00a0: insultes racistes, bagarre g\u00e9n\u00e9rale\u2026 le derby de F\u00e9d\u00e9rale 2 vire au chaos pr\u00e8s de Toulouse"},"content":{"rendered":"<p>\n                                                                    <span class=\"article-full__chapo-label hide-on-small-only\">l&#8217;essentiel<\/span><br \/>\n                                                                Dimanche 26 avril, le duel entre Balma et Castanet-Tolosan a vir\u00e9 \u00e0 l\u2019affrontement sur le terrain. Un rugbyman balmanais aurait \u00e9t\u00e9 vis\u00e9 par des propos racistes. Au coup de sifflet final, la ranc\u0153ur entre les deux clubs a explos\u00e9 en bagarre g\u00e9n\u00e9rale. Une plainte a \u00e9t\u00e9 d\u00e9pos\u00e9e et la F\u00e9d\u00e9ration fran\u00e7aise de rugby saisie.\n                            <\/p>\n<div rel=\"js-article-content\" data-state=\"fixed-height\" data-selection=\"disabled\">\n                                                                                                                            <!-- Pub DFP Position [outstream] --><\/p>\n<p>Ce dimanche 26\u00a0avril, lors de la derni\u00e8re journ\u00e9e de F\u00e9d\u00e9rale 2 entre Balma et Castanet-Tolosan, la rencontre a vir\u00e9 au chaos. Un joueur balmanais aurait \u00e9t\u00e9 vis\u00e9 par des insultes racistes, notamment qualifi\u00e9 de &#8220;sale \u00e9quipe de Noirs&#8221;. Des propos pr\u00e9sum\u00e9s \u00e0 l\u2019origine d\u2019une bagarre g\u00e9n\u00e9rale au coup de sifflet final.<\/p>\n<p><!-- Pub DFP Position [article] --><\/p>\n<p>\u00a0<\/p>\n<h2 class=\"txt-int\">Un derby sous tension<\/h2>\n<p>D\u00e9j\u00e0 rel\u00e9gu\u00e9 en F\u00e9d\u00e9rale 3, Balma disputait son dernier match de la saison. Selon \u00c9lodie Kolbert, copr\u00e9sidente du club pr\u00e9sente sur place, l\u2019incident d\u00e9bute \u00e0 l\u2019heure de jeu. &#8220;Un joueur de Castanet a trait\u00e9 un des n\u00f4tres, \u00c9ric Lakina (originaire de Wallis-et-Futuna), de &#8220;sale \u00e9quipe de Noirs&#8221;, et la situation s\u2019est ensuite envenim\u00e9e&#8221;, explique-t-elle.<\/p>\n<p><iframe width=\"600\" height=\"450\" style=\"border:0;\" allowfullscreen=\"\" loading=\"lazy\" referrerpolicy=\"no-referrer-when-downgrade\" data-src=\"https:\/\/www.google.com\/maps\/embed?pb=!1m18!1m12!1m3!1d2749.952068826097!2d1.5147305759949121!3d43.521101971108685!2m3!1f0!2f0!3f0!3m2!1i1024!2i768!4f13.1!3m3!1m2!1s0x12aebe2578ffae71%3A0x9cc30a545e5e54f6!2sAvenir%20Castan%C3%A9en%20Rugby!5e1!3m2!1sfr!2sfr!4v1777387656289!5m2!1sfr!2sfr\"><\/iframe><\/p>\n<p>Pour calmer les esprits, l\u2019arbitre sort un carton jaune. Mais au coup de sifflet final (33-26 pour Castanet), alors que les joueurs se saluent, la situation d\u00e9g\u00e9n\u00e8re \u00e0 nouveau devant les spectateurs. &#8220;Ce joueur, sur le bord du terrain, a chambr\u00e9 \u00c9ric avec de grands gestes. \u00c0 partir de l\u00e0, tout est parti et la bagarre g\u00e9n\u00e9rale a \u00e9clat\u00e9&#8221;, ajoute la dirigeante du BORC. Il aura fallu plusieurs minutes pour mettre fin aux violences.<\/p>\n<p class=\"std-elt__inline\">\n        <strong>\u00c0 lire aussi :<\/strong><br \/>\n        <a href=\"\/2026\/04\/22\/sur-le-terrain-tout-sest-bien-passe-apres-une-bagarre-entre-supporters-lavenir-moissagais-appelle-a-la-serenite-et-a-la-responsabilite-13336920.php\">&#8220;Sur le terrain, tout s\u2019est bien pass\u00e9\u00a0!&#8221;\u00a0: apr\u00e8s une bagarre entre supporters l\u2019Avenir Moissagais appelle \u00e0 la s\u00e9r\u00e9nit\u00e9 et \u00e0 la responsabilit\u00e9<\/a>\n    <\/p>\n<h2 class=\"txt-int\">Une plainte d\u00e9pos\u00e9e<\/h2>\n<p>\u00c9ric Lakina et le BORC ont d\u00e9pos\u00e9 plainte et un signalement a \u00e9t\u00e9 transmis \u00e0 la FFR. &#8220;On le fait surtout par respect pour les joueurs. On n\u2019attend rien de cette d\u00e9cision, on sait que \u00e7a ne changera rien \u00e0 notre descente. Mais si on laisse passer \u00e7a, on laisse tout passer&#8221;, affirme le club.<\/p>\n<p>Ce n\u2019est pas la premi\u00e8re fois que ce derby est marqu\u00e9 par des d\u00e9bordements. Seulement 13\u00a0km s\u00e9parent ces deux clubs, qui ont l\u2019habitude de se rencontrer. La saison derni\u00e8re d\u00e9j\u00e0, une bagarre g\u00e9n\u00e9rale avait \u00e9clat\u00e9 sur le terrain de Balma. &#8220;On sait qu\u2019il y a une ranc\u0153ur entre notre club et Castanet depuis quelques ann\u00e9es&#8221;, regrette la copr\u00e9sidente du club.<\/p>\n<p class=\"std-elt__inline\">\n        <strong>\u00c0 lire aussi :<\/strong><br \/>\n        <a href=\"\/2026\/03\/21\/rugby-amateur-federale-2-match-arrete-une-grosse-bagarre-contraint-larbitre-a-stopper-une-rencontre-en-lot-et-garonne-13285202.php\">Rugby amateur \u2013 F\u00e9d\u00e9rale 2\u00a0: match arr\u00eat\u00e9\u00a0! Une grosse bagarre contraint l\u2019arbitre \u00e0 stopper une rencontre en Lot-et-Garonne<\/a>\n    <\/p>\n<p>Le club castan\u00e9en avait par ailleurs r\u00e9clam\u00e9 la pr\u00e9sence exceptionnelle de trois arbitres officiels ce jour-l\u00e0.<\/p>\n<h2 class=\"txt-int\">Castanet r\u00e9agit<\/h2>\n<p>Contact\u00e9, l\u2019Avenir castan\u00e9en rugby se r\u00e9f\u00e8re \u00e0 son communiqu\u00e9. Le club indique qu\u2019&#8221;aucun \u00e9l\u00e9ment ne permet d\u2019\u00e9tablir avec certitude la r\u00e9alit\u00e9 des propos tels qu\u2019ils sont avanc\u00e9s&#8221;\u00a0et regrette des accusations rendues publiques avant les conclusions de la FFR.<\/p>\n<p>Castanet r\u00e9affirme son engagement contre les discriminations et pr\u00e9cise que des sanctions seraient prises si les faits \u00e9taient av\u00e9r\u00e9s. Le club condamne aussi les violences de la fin de match\u00a0: &#8220;Nous ne cautionnons en aucun cas les comportements violents observ\u00e9s&#8221;.<\/p>\n<p>\u00c0 l\u2019issue de ce match, quatre r\u00e9clamations contre des joueurs du BORC ont \u00e9t\u00e9 d\u00e9pos\u00e9es par l\u2019Avenir castan\u00e9en.<\/p>\n<\/p><\/div>\n<p><a href=\"https:\/\/www.ladepeche.fr\/2026\/04\/28\/rugby-amateur-insultes-racistes-bagarre-generale-le-derby-vire-au-chaos-pres-de-toulouse-13347673.php\">source<\/a><\/p>\n","protected":false},"excerpt":{"rendered":"<p>l&#8217;essentiel Dimanche 26 avril, le duel entre Balma et Castanet-Tolosan a vir\u00e9 \u00e0 l\u2019affrontement sur le terrain. Un rugbyman balmanais aurait \u00e9t\u00e9 vis\u00e9 par des propos racistes. Au coup de sifflet final, la ranc\u0153ur entre les deux clubs a explos\u00e9 en bagarre g\u00e9n\u00e9rale. Une plainte a \u00e9t\u00e9 d\u00e9pos\u00e9e et la F\u00e9d\u00e9ration fran\u00e7aise de rugby saisie. [&hellip;]<\/p>\n","protected":false},"author":1,"featured_media":129931,"comment_status":"open","ping_status":"open","sticky":false,"template":"","format":"standard","meta":{"_monsterinsights_skip_tracking":false,"_monsterinsights_sitenote_active":false,"_monsterinsights_sitenote_note":"","_monsterinsights_sitenote_category":0,"footnotes":""},"categories":[71],"tags":[],"coauthors":[77],"class_list":["post-129930","post","type-post","status-publish","format-standard","has-post-thumbnail","hentry","category-sport"],"aioseo_notices":[],"_links":{"self":[{"href":"https:\/\/pressactu.com\/index.php?rest_route=\/wp\/v2\/posts\/129930","targetHints":{"allow":["GET"]}}],"collection":[{"href":"https:\/\/pressactu.com\/index.php?rest_route=\/wp\/v2\/posts"}],"about":[{"href":"https:\/\/pressactu.com\/index.php?rest_route=\/wp\/v2\/types\/post"}],"author":[{"embeddable":true,"href":"https:\/\/pressactu.com\/index.php?rest_route=\/wp\/v2\/users\/1"}],"replies":[{"embeddable":true,"href":"https:\/\/pressactu.com\/index.php?rest_route=%2Fwp%2Fv2%2Fcomments&post=129930"}],"version-history":[{"count":0,"href":"https:\/\/pressactu.com\/index.php?rest_route=\/wp\/v2\/posts\/129930\/revisions"}],"wp:featuredmedia":[{"embeddable":true,"href":"https:\/\/pressactu.com\/index.php?rest_route=\/wp\/v2\/media\/129931"}],"wp:attachment":[{"href":"https:\/\/pressactu.com\/index.php?rest_route=%2Fwp%2Fv2%2Fmedia&parent=129930"}],"wp:term":[{"taxonomy":"category","embeddable":true,"href":"https:\/\/pressactu.com\/index.php?rest_route=%2Fwp%2Fv2%2Fcategories&post=129930"},{"taxonomy":"post_tag","embeddable":true,"href":"https:\/\/pressactu.com\/index.php?rest_route=%2Fwp%2Fv2%2Ftags&post=129930"},{"taxonomy":"author","embeddable":true,"href":"https:\/\/pressactu.com\/index.php?rest_route=%2Fwp%2Fv2%2Fcoauthors&post=129930"}],"curies":[{"name":"wp","href":"https:\/\/api.w.org\/{rel}","templated":true}]}}