{"id":129925,"date":"2026-04-28T16:41:36","date_gmt":"2026-04-28T16:41:36","guid":{"rendered":"https:\/\/pressactu.com\/?p=129925"},"modified":"2026-04-28T16:41:36","modified_gmt":"2026-04-28T16:41:36","slug":"ce-quil-denonce-est-tres-documente-lex-directeur-dunicoque-accuse-de-diffamation-la-filiere-noisette-se-deporte-sur-le-terrain-judiciaire","status":"publish","type":"post","link":"https:\/\/pressactu.com\/?p=129925","title":{"rendered":"&quot;Ce qu\u2019il d\u00e9nonce est tr\u00e8s document\u00e9&quot;\u00a0: l\u2019ex-directeur d\u2019Unicoque accus\u00e9 de diffamation, la fili\u00e8re noisette se d\u00e9porte sur le terrain judiciaire"},"content":{"rendered":"<p>\n                                                                    <span class=\"article-full__chapo-label hide-on-small-only\">l&#8217;essentiel<\/span><br \/>\n                                                                Le tribunal correctionnel d\u2019Agen examinera ce mercredi 29\u00a0avril une affaire de diffamation et d\u2019injures publiques qui secoue la fili\u00e8re de la noisette. Au c\u0153ur du litige\u00a0: des propos tenus par l\u2019ex-patron de la coop\u00e9rative Unicoque, Christian Pezzini, visant les dirigeants de son ancienne structure et de l\u2019Association nationale des producteurs de noisettes (ANPN).\n                            <\/p>\n<div rel=\"js-article-content\" data-state=\"fixed-height\" data-selection=\"disabled\">\n                                                                                                                            <!-- Pub DFP Position [outstream] --><\/p>\n<p>Nouvelle crise en vue pour la fili\u00e8re noisette\u00a0? Cette fois-ci, elle n\u2019\u00e9mane pas des vergers mais plut\u00f4t des hautes sph\u00e8res, qui ont d\u00e9cid\u00e9 de se d\u00e9placer sur le terrain judiciaire. Les principaux acteurs de cette fili\u00e8re agricole dont le centre n\u00e9vralgique se situe \u00e0 Cancon, au nord de Villeneuve-sur-Lot \u2013 le d\u00e9partement de Lot-et-Garonne concentre 50\u00a0% de la production nationale \u2013, vont se retrouver au tribunal d\u2019Agen ce mercredi 29\u00a0avril. Un homme est vis\u00e9 par une citation directe pour diffamation et injures publiques\u00a0: Christian Pezzini, directeur\u00a0de la coop\u00e9rative Unicoque jusqu\u2019\u00e0 son d\u00e9part en retraite en 2015.<\/p>\n<p><!-- Pub DFP Position [article] --><\/p>\n<p class=\"std-elt__inline\">\n        <strong>\u00c0 lire aussi :<\/strong><br \/>\n        <a href=\"\/2024\/10\/22\/entretien-la-filiere-est-clairement-en-danger-sinquiete-jean-luc-reigne-le-directeur-de-la-cooperative-unicoque-12277435.php\">ENTRETIEN. &#8220;La fili\u00e8re noisette est clairement en danger&#8221;, s\u2019inqui\u00e8te Jean-Luc Reigne, le directeur de la coop\u00e9rative Unicoque<\/a>\n    <\/p>\n<p>La liste des plaignants est longue et t\u00e9moigne de l\u2019ampleur de la discorde\u00a0: Jean-Luc Reigne, directeur d\u2019Unicoque\u00a0; Thierry Descazeaux, pr\u00e9sident de cette m\u00eame coop\u00e9rative\u00a0; Maud Thomas, directrice de l\u2019ANPN (Association nationale des producteurs de noisettes)\u00a0; Axel Crestian, pr\u00e9sident de l\u2019association\u00a0; mais aussi les personnes morales d\u2019Unicoque et de l\u2019ANPN. Ces derniers reprochent \u00e0 Christian Pezzini\u00a0d\u2019avoir engag\u00e9 une v\u00e9ritable &#8220;vendetta&#8221;\u00a0apr\u00e8s avoir essuy\u00e9 un\u00a0refus pour\u00a0le pr\u00eat d\u2019une nacelle appartenant \u00e0 la coop\u00e9rative.<\/p>\n<h2 class=\"txt-int\">Un mail envoy\u00e9 aux acteurs de la fili\u00e8re qui a tout d\u00e9clench\u00e9<\/h2>\n<p>Retour en arri\u00e8re, \u00e0 l\u2019\u00e9t\u00e9 2025. Depuis l\u2019interdiction de l\u2019ac\u00e9tamipride, n\u00e9onicotino\u00efde utilis\u00e9 par les nuciculteurs pour lutter contre les ravageurs, la fili\u00e8re noisette accuse le coup avec des r\u00e9coltes qui plongent dans le rouge. Dans ce contexte de grands bouleversements, Unicoque et l\u2019ANPN inaugurent leur nouvelle plateforme de transformation &#8220;Kokishop&#8221; <a href=\"https:\/\/www.ladepeche.fr\/2025\/06\/26\/3-eur-pour-un-seul-insecte-pour-vaincre-la-punaise-diabolique-la-piste-dune-solution-naturelle-en-bonne-voie-grace-aux-producteurs-de-noisettes-12788329.php\" target=\"_self\">et une unit\u00e9 de production de parasito\u00efdes sur le site de Louberie, \u00e0 Cancon<\/a>. Les acteurs de la production du fruit \u00e0 coque mettent le paquet pour lutter &#8220;durablement&#8221; contre la punaise diabolique et le balanin, tout en \u00e9tant en premi\u00e8re ligne dans la r\u00e9introduction cibl\u00e9e du produit phytosanitaire au sein de la loi Duplomb. Une strat\u00e9gie qui ne convainc pas tout le monde, \u00e0 commencer par Christian Pezzini.<\/p>\n<p class=\"std-elt__inline\">\n        <strong>\u00c0 lire aussi :<\/strong><br \/>\n        <a href=\"\/2025\/08\/08\/loi-duplomb-on-en-appelle-aux-petitionnaires-pour-financer-la-recherche-la-filiere-noisette-monte-au-creneau-apres-la-censure-sur-lacetamipride-12866767.php\">Loi Duplomb\u00a0: &#8220;On en appelle aux p\u00e9titionnaires pour financer la recherche&#8230;&#8221; la fili\u00e8re noisette monte au cr\u00e9neau apr\u00e8s la censure sur l\u2019ac\u00e9tamipride<\/a>\n    <\/p>\n<p>Il milite pour la cr\u00e9ation d\u2019un label Noisette sans ac\u00e9tamipride et va jusqu\u2019\u00e0 lancer une p\u00e9tition sur le site de l\u2019Assembl\u00e9e nationale pour interdire l\u2019importation de denr\u00e9es trait\u00e9es.\u00a0L\u2019ancien patron d\u2019Unicoque\u00a0dit alors r\u00e9pondre\u00a0aux sollicitations de nombreux producteurs inquiets. L\u2019actuelle direction ne le voit pas du m\u00eame \u0153il\u00a0: dans un mail interne, elle alerte les adh\u00e9rents de la coop\u00e9rative et parle &#8220;d\u2019interf\u00e9rences&#8221;.\u00a0Les mois passent. Jusqu\u2019\u00e0 ce jour de d\u00e9cembre\u00a02025, o\u00f9 Christian Pezzini prend la plume et diffuse un long texte sur nombre de bo\u00eetes mail de producteurs, de membres et d\u2019anciens membres de la coop\u00e9rative. Soit des centaines de personnes.<\/p>\n<h2 class=\"txt-int\">Lanceur d\u2019alerte\u00a0?<\/h2>\n<p>Le moins qu\u2019on puisse dire, c\u2019est que le message est sans filtre. \u00c0 l\u2019image de son auteur, diront les initi\u00e9s.\u00a0L\u2019ancien directeur d\u2019Unicoque y livre une critique ouverte de la situation \u00e9conomique de la coop\u00e9rative et de la pr\u00e9sentation de ses r\u00e9sultats, de certains choix d\u2019investissements\u2026 Il \u00e9voque aussi une &#8220;h\u00e9morragie de personnel&#8221; et une d\u00e9gradation de l\u2019ambiance au sein des deux structures, tout comme des all\u00e9gations de &#8220;n\u00e9potisme&#8221; chez les dirigeants. C\u2019est ce\u00a0mail de d\u00e9cembre\u00a02025 qui a fini de convaincre les plaignants d\u2019engager des poursuites pour diffamation et injures publiques.<\/p>\n<p><iframe width=\"600\" height=\"450\" style=\"border:0;\" allowfullscreen=\"\" loading=\"lazy\" referrerpolicy=\"no-referrer-when-downgrade\" data-src=\"https:\/\/www.google.com\/maps\/embed?pb=!1m18!1m12!1m3!1d5745.694507992533!2d0.6001725487289434!3d44.54209395115742!2m3!1f0!2f0!3f0!3m2!1i1024!2i768!4f13.1!3m3!1m2!1s0x12ab02af9b203827%3A0xdc93c3a9a3a9d91e!2sSca%20Unicoque!5e1!3m2!1sfr!2sfr!4v1777305763315!5m2!1sfr!2sfr\"><\/iframe><\/p>\n<p>Mais le cadre de la citation directe devant le tribunal correctionnel pourrait bien accentuer la mise en lumi\u00e8re d\u2019\u00e9ventuels dysfonctionnements au sein d\u2019Unicoque et de l\u2019ANPN.\u00a0&#8220;Lorsqu\u2019on re\u00e7oit une telle citation, on peut, dans un d\u00e9lai de dix jours, faire une offre de preuve, c\u2019est-\u00e0-dire affirmer\u00a0: &#8216;J\u2019ai peut-\u00eatre dit les choses sur un ton qui ne vous a pas plu, mais tout ce que je dis est vrai&#8217;.\u00a0C\u2019est ce que nous avons fait&#8221;, nous confirme Ma\u00eetre Jean-Fran\u00e7ois Renaudie, conseil de Christian Pezzini.<\/p>\n<p>&#8220;Ce qu\u2019il d\u00e9nonce est tr\u00e8s document\u00e9, m\u00eame si la forme peut \u00eatre abrupte&#8221;, poursuit l\u2019avocat. &#8220;Notre position est claire\u00a0: il n\u2019a fait que d\u00e9crire des faits r\u00e9els, v\u00e9rifiables. Il a d\u00e9nonc\u00e9 un entre-soi, des retards de paiement aux producteurs, des investissements jug\u00e9s inutiles. Tout cela, nous l\u2019avons prouv\u00e9, avec des t\u00e9moignages&#8221;. En r\u00e9sum\u00e9, Christian Pezzini aborde cette \u00e9ch\u00e9ance judiciaire avec la responsabilit\u00e9 d\u2019un lanceur d\u2019alerte.\u00a0Reste \u00e0 savoir si les deux parties pourront d\u00e9battre sur le fond et non sur la forme. R\u00e9ponse mercredi.<\/p>\n<\/p><\/div>\n<p><a href=\"https:\/\/www.ladepeche.fr\/2026\/04\/28\/ce-quil-denonce-est-tres-documente-lex-directeur-dunicoque-accuse-de-diffamation-la-filiere-noisette-se-deporte-sur-le-terrain-judiciaire-13345691.php\">source<\/a><\/p>\n","protected":false},"excerpt":{"rendered":"<p>l&#8217;essentiel Le tribunal correctionnel d\u2019Agen examinera ce mercredi 29\u00a0avril une affaire de diffamation et d\u2019injures publiques qui secoue la fili\u00e8re de la noisette. Au c\u0153ur du litige\u00a0: des propos tenus par l\u2019ex-patron de la coop\u00e9rative Unicoque, Christian Pezzini, visant les dirigeants de son ancienne structure et de l\u2019Association nationale des producteurs de noisettes (ANPN). Nouvelle [&hellip;]<\/p>\n","protected":false},"author":1,"featured_media":129926,"comment_status":"open","ping_status":"open","sticky":false,"template":"","format":"standard","meta":{"_monsterinsights_skip_tracking":false,"_monsterinsights_sitenote_active":false,"_monsterinsights_sitenote_note":"","_monsterinsights_sitenote_category":0,"footnotes":""},"categories":[1],"tags":[],"coauthors":[77],"class_list":["post-129925","post","type-post","status-publish","format-standard","has-post-thumbnail","hentry","category-a-la-une"],"aioseo_notices":[],"_links":{"self":[{"href":"https:\/\/pressactu.com\/index.php?rest_route=\/wp\/v2\/posts\/129925","targetHints":{"allow":["GET"]}}],"collection":[{"href":"https:\/\/pressactu.com\/index.php?rest_route=\/wp\/v2\/posts"}],"about":[{"href":"https:\/\/pressactu.com\/index.php?rest_route=\/wp\/v2\/types\/post"}],"author":[{"embeddable":true,"href":"https:\/\/pressactu.com\/index.php?rest_route=\/wp\/v2\/users\/1"}],"replies":[{"embeddable":true,"href":"https:\/\/pressactu.com\/index.php?rest_route=%2Fwp%2Fv2%2Fcomments&post=129925"}],"version-history":[{"count":0,"href":"https:\/\/pressactu.com\/index.php?rest_route=\/wp\/v2\/posts\/129925\/revisions"}],"wp:featuredmedia":[{"embeddable":true,"href":"https:\/\/pressactu.com\/index.php?rest_route=\/wp\/v2\/media\/129926"}],"wp:attachment":[{"href":"https:\/\/pressactu.com\/index.php?rest_route=%2Fwp%2Fv2%2Fmedia&parent=129925"}],"wp:term":[{"taxonomy":"category","embeddable":true,"href":"https:\/\/pressactu.com\/index.php?rest_route=%2Fwp%2Fv2%2Fcategories&post=129925"},{"taxonomy":"post_tag","embeddable":true,"href":"https:\/\/pressactu.com\/index.php?rest_route=%2Fwp%2Fv2%2Ftags&post=129925"},{"taxonomy":"author","embeddable":true,"href":"https:\/\/pressactu.com\/index.php?rest_route=%2Fwp%2Fv2%2Fcoauthors&post=129925"}],"curies":[{"name":"wp","href":"https:\/\/api.w.org\/{rel}","templated":true}]}}