{"id":129921,"date":"2026-04-28T15:29:38","date_gmt":"2026-04-28T15:29:38","guid":{"rendered":"https:\/\/pressactu.com\/?p=129921"},"modified":"2026-04-28T15:29:38","modified_gmt":"2026-04-28T15:29:38","slug":"un-batiment-agricole-de-350-m%c2%b2-ravage-par-les-flammes-une-ligne-a-20-000-volts-coupee","status":"publish","type":"post","link":"https:\/\/pressactu.com\/?p=129921","title":{"rendered":"Un b\u00e2timent agricole de 350 m\u00b2 ravag\u00e9 par les flammes, une ligne \u00e0 20\u00a0000 volts coup\u00e9e"},"content":{"rendered":"<p>\n                                                                    <span class=\"article-full__chapo-label hide-on-small-only\">l&#8217;essentiel<\/span><br \/>\n                                                                Un incendie agricole a ravag\u00e9 un b\u00e2timent de 350 m\u00b2 \u00e0 Saint-Caprais, ce 28\u00a0avril, mobilisant douze pompiers. Trois lances \u00e0 eau et la coupure d\u2019une ligne de 20\u00a0000 volts ont \u00e9t\u00e9 n\u00e9cessaires pour ma\u00eetriser les flammes.\n                            <\/p>\n<div rel=\"js-article-content\">\n                                                                                                                            <!-- Pub DFP Position [outstream] --><\/p>\n<p>Dans la nuit du\u00a0lundi 27\u00a0avril au mardi 28\u00a0avril, aux alentours de 3\u00a0h\u00a030, les sapeurs-pompiers ont \u00e9t\u00e9 mobilis\u00e9s sur la commune de Saint-Caprais, dans le Gers, pour un violent incendie ayant pris dans un b\u00e2timent agricole d\u2019une superficie de 350\u00a0m\u00e8tres carr\u00e9s.<\/p>\n<p><!-- Pub DFP Position [article] --><\/p>\n<p><iframe width=\"600\" height=\"450\" style=\"border:0;\" allowfullscreen=\"\" loading=\"lazy\" referrerpolicy=\"no-referrer-when-downgrade\" data-src=\"https:\/\/www.google.com\/maps\/embed?pb=!1m18!1m12!1m3!1d22122.9135017443!2d0.7740449116424022!3d43.595642731350765!2m3!1f0!2f0!3f0!3m2!1i1024!2i768!4f13.1!3m3!1m2!1s0x12a96efe3a30bc57%3A0x406f69c2f40f100!2s32200%20Saint-Caprais!5e1!3m2!1sfr!2sfr!4v1777360531108!5m2!1sfr!2sfr\"><\/iframe><\/p>\n<p>Douze sapeurs-pompiers ont \u00e9t\u00e9 rapidement engag\u00e9s sur les lieux afin de ma\u00eetriser le sinistre. Face \u00e0 l\u2019ampleur du feu, les secours ont d\u00fb d\u00e9ployer trois lances \u00e0 eau pour venir \u00e0 bout des flammes.<\/p>\n<p>Les op\u00e9rations ont n\u00e9cessit\u00e9 la coupure d\u2019une ligne \u00e9lectrique \u00e0 haute tension de 20\u00a0000\u00a0volts pour permettre aux soldats du feu d\u2019intervenir en toute s\u00e9curit\u00e9.\u00a0Malgr\u00e9 l\u2019heure tardive, les \u00e9quipes sont parvenues \u00e0 circonscrire l\u2019incendie.<\/p>\n<p>Aucun bless\u00e9 n\u2019est \u00e0 d\u00e9plorer.\u00a0Les causes du sinistre restent \u00e0 d\u00e9terminer.<\/p>\n<p class=\"std-elt__inline\">\n        <strong>\u00c0 lire aussi :<\/strong><br \/>\n        <a href=\"\/2026\/04\/23\/un-batiment-agricole-de-1200-m2-prend-feu-une-cinquantaine-de-vaches-sauvees-dans-le-gers-13340138.php\">Un b\u00e2timent agricole de 1200 m2 prend feu, une cinquantaine de vaches sauv\u00e9es dans le Gers<\/a>\n    <\/p>\n<p>Cinq jours auparavant, c\u2019est sur la commune de Homps, toujours dans le Gers, que les flammes ont touch\u00e9\u00a0un b\u00e2timent agricole d\u2019environ 1\u00a0200\u00a0m\u00b2. Une cinquantaine\u00a0<a href=\"https:\/\/www.ladepeche.fr\/2026\/04\/02\/reportage-ca-tu-ne-le-reverras-jamais-une-vache-mirandaise-donne-naissance-a-des-triples-un-cas-extremement-rare-13304463.php\" target=\"_blank\">de vaches<\/a>\u00a0pr\u00e9sentes dans un b\u00e2timent voisin avaient \u00e9t\u00e9 \u00e9vacu\u00e9es.<\/p>\n<\/p><\/div>\n<p><a href=\"https:\/\/www.ladepeche.fr\/2026\/04\/28\/un-batiment-agricole-de-350-m2-ravage-par-les-flammes-une-ligne-a-20-000-volts-coupee-13347032.php\">source<\/a><\/p>\n","protected":false},"excerpt":{"rendered":"<p>l&#8217;essentiel Un incendie agricole a ravag\u00e9 un b\u00e2timent de 350 m\u00b2 \u00e0 Saint-Caprais, ce 28\u00a0avril, mobilisant douze pompiers. Trois lances \u00e0 eau et la coupure d\u2019une ligne de 20\u00a0000 volts ont \u00e9t\u00e9 n\u00e9cessaires pour ma\u00eetriser les flammes. Dans la nuit du\u00a0lundi 27\u00a0avril au mardi 28\u00a0avril, aux alentours de 3\u00a0h\u00a030, les sapeurs-pompiers ont \u00e9t\u00e9 mobilis\u00e9s sur [&hellip;]<\/p>\n","protected":false},"author":1,"featured_media":129922,"comment_status":"open","ping_status":"open","sticky":false,"template":"","format":"standard","meta":{"_monsterinsights_skip_tracking":false,"_monsterinsights_sitenote_active":false,"_monsterinsights_sitenote_note":"","_monsterinsights_sitenote_category":0,"footnotes":""},"categories":[74],"tags":[],"coauthors":[77],"class_list":["post-129921","post","type-post","status-publish","format-standard","has-post-thumbnail","hentry","category-economie"],"aioseo_notices":[],"_links":{"self":[{"href":"https:\/\/pressactu.com\/index.php?rest_route=\/wp\/v2\/posts\/129921","targetHints":{"allow":["GET"]}}],"collection":[{"href":"https:\/\/pressactu.com\/index.php?rest_route=\/wp\/v2\/posts"}],"about":[{"href":"https:\/\/pressactu.com\/index.php?rest_route=\/wp\/v2\/types\/post"}],"author":[{"embeddable":true,"href":"https:\/\/pressactu.com\/index.php?rest_route=\/wp\/v2\/users\/1"}],"replies":[{"embeddable":true,"href":"https:\/\/pressactu.com\/index.php?rest_route=%2Fwp%2Fv2%2Fcomments&post=129921"}],"version-history":[{"count":0,"href":"https:\/\/pressactu.com\/index.php?rest_route=\/wp\/v2\/posts\/129921\/revisions"}],"wp:featuredmedia":[{"embeddable":true,"href":"https:\/\/pressactu.com\/index.php?rest_route=\/wp\/v2\/media\/129922"}],"wp:attachment":[{"href":"https:\/\/pressactu.com\/index.php?rest_route=%2Fwp%2Fv2%2Fmedia&parent=129921"}],"wp:term":[{"taxonomy":"category","embeddable":true,"href":"https:\/\/pressactu.com\/index.php?rest_route=%2Fwp%2Fv2%2Fcategories&post=129921"},{"taxonomy":"post_tag","embeddable":true,"href":"https:\/\/pressactu.com\/index.php?rest_route=%2Fwp%2Fv2%2Ftags&post=129921"},{"taxonomy":"author","embeddable":true,"href":"https:\/\/pressactu.com\/index.php?rest_route=%2Fwp%2Fv2%2Fcoauthors&post=129921"}],"curies":[{"name":"wp","href":"https:\/\/api.w.org\/{rel}","templated":true}]}}