{"id":129919,"date":"2026-04-28T15:00:35","date_gmt":"2026-04-28T15:00:35","guid":{"rendered":"https:\/\/pressactu.com\/?p=129919"},"modified":"2026-04-28T15:00:35","modified_gmt":"2026-04-28T15:00:35","slug":"etat-regions-qui-fait-quoi-en-matiere-de-reindustrialisation","status":"publish","type":"post","link":"https:\/\/pressactu.com\/?p=129919","title":{"rendered":"\u00c9tat, r\u00e9gions\u00a0: qui fait quoi\u2005en mati\u00e8re de r\u00e9industrialisation\u00a0?"},"content":{"rendered":"<p>La r\u00e9industrialisation fran\u00e7aise s\u2019appuie sur un partage d\u00e9licat entre \u00c9tat et R\u00e9gions. \u00c0 Laroque-d\u2019Olmes, l\u2019usine G\u00e9otex illustre cet \u00e9quilibre, avec plus de 9\u00a0millions d\u2019euros investis par la R\u00e9gion Occitanie.<br \/><a href=\"https:\/\/www.ladepeche.fr\/2026\/04\/28\/etat-regions-qui-fait-quoi-en-matiere-de-reindustrialisation-13346302.php\">source<\/a><\/p>\n","protected":false},"excerpt":{"rendered":"<p>La r\u00e9industrialisation fran\u00e7aise s\u2019appuie sur un partage d\u00e9licat entre \u00c9tat et R\u00e9gions. \u00c0 Laroque-d\u2019Olmes, l\u2019usine G\u00e9otex illustre cet \u00e9quilibre, avec plus de 9\u00a0millions d\u2019euros investis par la R\u00e9gion Occitanie.source<\/p>\n","protected":false},"author":1,"featured_media":129920,"comment_status":"open","ping_status":"open","sticky":false,"template":"","format":"standard","meta":{"_monsterinsights_skip_tracking":false,"_monsterinsights_sitenote_active":false,"_monsterinsights_sitenote_note":"","_monsterinsights_sitenote_category":0,"footnotes":""},"categories":[1],"tags":[],"coauthors":[77],"class_list":["post-129919","post","type-post","status-publish","format-standard","has-post-thumbnail","hentry","category-a-la-une"],"aioseo_notices":[],"_links":{"self":[{"href":"https:\/\/pressactu.com\/index.php?rest_route=\/wp\/v2\/posts\/129919","targetHints":{"allow":["GET"]}}],"collection":[{"href":"https:\/\/pressactu.com\/index.php?rest_route=\/wp\/v2\/posts"}],"about":[{"href":"https:\/\/pressactu.com\/index.php?rest_route=\/wp\/v2\/types\/post"}],"author":[{"embeddable":true,"href":"https:\/\/pressactu.com\/index.php?rest_route=\/wp\/v2\/users\/1"}],"replies":[{"embeddable":true,"href":"https:\/\/pressactu.com\/index.php?rest_route=%2Fwp%2Fv2%2Fcomments&post=129919"}],"version-history":[{"count":0,"href":"https:\/\/pressactu.com\/index.php?rest_route=\/wp\/v2\/posts\/129919\/revisions"}],"wp:featuredmedia":[{"embeddable":true,"href":"https:\/\/pressactu.com\/index.php?rest_route=\/wp\/v2\/media\/129920"}],"wp:attachment":[{"href":"https:\/\/pressactu.com\/index.php?rest_route=%2Fwp%2Fv2%2Fmedia&parent=129919"}],"wp:term":[{"taxonomy":"category","embeddable":true,"href":"https:\/\/pressactu.com\/index.php?rest_route=%2Fwp%2Fv2%2Fcategories&post=129919"},{"taxonomy":"post_tag","embeddable":true,"href":"https:\/\/pressactu.com\/index.php?rest_route=%2Fwp%2Fv2%2Ftags&post=129919"},{"taxonomy":"author","embeddable":true,"href":"https:\/\/pressactu.com\/index.php?rest_route=%2Fwp%2Fv2%2Fcoauthors&post=129919"}],"curies":[{"name":"wp","href":"https:\/\/api.w.org\/{rel}","templated":true}]}}