{"id":129914,"date":"2026-04-28T13:48:27","date_gmt":"2026-04-28T13:48:27","guid":{"rendered":"https:\/\/pressactu.com\/?p=129914"},"modified":"2026-04-28T13:48:27","modified_gmt":"2026-04-28T13:48:27","slug":"au-sud-de-toulouse-des-terres-agricoles-tres-convoitees-pour-lagrivoltaisme","status":"publish","type":"post","link":"https:\/\/pressactu.com\/?p=129914","title":{"rendered":"Au sud de Toulouse, des terres agricoles tr\u00e8s convoit\u00e9es pour l\u2019agrivolta\u00efsme"},"content":{"rendered":"<p>\n                                                                    <span class=\"article-full__chapo-label hide-on-small-only\">l&#8217;essentiel<\/span><br \/>\n                                                                Les projets d\u2019agrivolta\u00efsme mettent parfois des ann\u00e9es \u00e0 voir le jour. Et ils sont souvent \u00e0 l\u2019origine d\u2019inqui\u00e9tudes, comme dans le Volvestre, o\u00f9 les populations restent tr\u00e8s vigilantes.\n                            <\/p>\n<div rel=\"js-article-content\">\n                                                                                                                            <!-- Pub DFP Position [outstream] --><\/p>\n<p>Les projets agrivolta\u00efques se multiplient au sud de Toulouse. De Muret au Volvestre, ces installations suscitent autant d\u2019espoirs que de contestations au sein des communes concern\u00e9es. Au sud-est de la commune de Muret, un projet d\u2019envergure a vu le jour d\u00e9but 2025. Pr\u00e9sent\u00e9e comme une initiative innovante \u00e0 proximit\u00e9 de la base de loisirs de Brioudes, la soci\u00e9t\u00e9 Neoen envisageait d\u2019y d\u00e9velopper une ferme p\u00e9dagogique accompagn\u00e9e d\u2019un parc de panneaux photovolta\u00efques sur 21 hectares. Ce projet agrivolta\u00efque suscitait \u00e0 la fois curiosit\u00e9 et interrogations. Plus d\u2019un an plus tard, malgr\u00e9 les ambitions affich\u00e9es, le dossier est \u00e0 l\u2019arr\u00eat. &#8220;Il a \u00e9t\u00e9 retoqu\u00e9 par les communes d\u2019Eaunes et de Muret, ainsi que par la chambre d\u2019agriculture. Nous ne pouvons rien faire \u00e0 ce stade&#8221;, explique \u00c9ric Maury, directeur de la communication de la ville de Muret.<\/p>\n<p><!-- Pub DFP Position [article] --><\/p>\n<p>Dans le sillage du parc de Brioudes, les projets agrivolta\u00efques se d\u00e9veloppent dans le Volvestre, avec des trajectoires contrast\u00e9es selon les communes.<\/p>\n<p>\u00c0 Rieux-Volvestre, un am\u00e9nagement de 27 hectares a finalement \u00e9t\u00e9 abandonn\u00e9, tout comme celui envisag\u00e9 \u00e0 Bax. \u00c0 l\u2019inverse, \u00e0 Latrape, le dossier a \u00e9t\u00e9 relanc\u00e9 lors d\u2019une r\u00e9union tenue lundi 20 avril en mairie, en pr\u00e9sence de la soci\u00e9t\u00e9 Arkolia. Initialement pr\u00e9vu sur 50 hectares, le projet a cependant \u00e9t\u00e9 revu \u00e0 la baisse et couvrirait 37 hectares. Oppos\u00e9e \u00e0 cette implantation, la municipalit\u00e9 a d\u00e9cid\u00e9 de contraindre l\u2019entreprise \u00e0 pr\u00e9senter son projet devant une commission en septembre prochain.<\/p>\n<p>&#8220;C\u2019est une catastrophe \u00e9cologique et environnementale, et tout cela pour une question d\u2019argent, d\u2019autant que le propri\u00e9taire habite \u00e0 Biarritz et n\u2019a aucune attache au village&#8221;, d\u00e9plore Antoine Diaz, co-pr\u00e9sident de l\u2019association Volvestre Survolt\u00e9 et habitant de Latrape.<\/p>\n<h2 class=\"txt-int\">27 hectares \u00e0 Montesquieu<\/h2>\n<p>\u00c0 Gensac-sur-Garonne, \u00e9galement concern\u00e9e, la situation est pour l\u2019heure fig\u00e9e. Romain Pons, membre de la m\u00eame association et riverain du lieu-dit &#8220;Le Mort&#8221;, indique : &#8220;Nous n\u2019avons plus aucune nouvelle depuis deux ans. Nous esp\u00e9rons qu\u2019il en restera ainsi, mais l\u2019inqui\u00e9tude demeure, en raison de l\u2019aubaine financi\u00e8re que ce type d\u2019op\u00e9ration peut repr\u00e9senter&#8221;.<\/p>\n<p>Plus au sud, \u00e0 Montesquieu-Volvestre, une centrale agrivolta\u00efque port\u00e9e par la soci\u00e9t\u00e9 Nova France Energy a \u00e9t\u00e9 valid\u00e9e et devrait s\u2019\u00e9tendre sur pr\u00e8s de 27 hectares, selon Morvan Beno\u00eet, secr\u00e9taire de Volvestre Survolt\u00e9. &#8220;Personne n\u2019a r\u00e9ellement pris en compte ce qui se jouait, et c\u2019est pass\u00e9 comme une lettre \u00e0 la poste&#8221;, d\u00e9plore-t-il. Dans l\u2019ensemble, ces initiatives t\u00e9moignent d\u2019une dynamique territoriale croissante autour de l\u2019agrivolta\u00efsme. Mais elles soul\u00e8vent toujours de nombreuses interrogations sur l\u2019usage des terres agricoles et, aussi, sur la transformation des paysages.<\/p>\n<\/p><\/div>\n<p><a href=\"https:\/\/www.ladepeche.fr\/2026\/04\/28\/au-sud-de-toulouse-des-terres-agricoles-tres-convoitees-13346854.php\">source<\/a><\/p>\n","protected":false},"excerpt":{"rendered":"<p>l&#8217;essentiel Les projets d\u2019agrivolta\u00efsme mettent parfois des ann\u00e9es \u00e0 voir le jour. Et ils sont souvent \u00e0 l\u2019origine d\u2019inqui\u00e9tudes, comme dans le Volvestre, o\u00f9 les populations restent tr\u00e8s vigilantes. Les projets agrivolta\u00efques se multiplient au sud de Toulouse. De Muret au Volvestre, ces installations suscitent autant d\u2019espoirs que de contestations au sein des communes concern\u00e9es. [&hellip;]<\/p>\n","protected":false},"author":1,"featured_media":129915,"comment_status":"open","ping_status":"open","sticky":false,"template":"","format":"standard","meta":{"_monsterinsights_skip_tracking":false,"_monsterinsights_sitenote_active":false,"_monsterinsights_sitenote_note":"","_monsterinsights_sitenote_category":0,"footnotes":""},"categories":[74],"tags":[],"coauthors":[77],"class_list":["post-129914","post","type-post","status-publish","format-standard","has-post-thumbnail","hentry","category-economie"],"aioseo_notices":[],"_links":{"self":[{"href":"https:\/\/pressactu.com\/index.php?rest_route=\/wp\/v2\/posts\/129914","targetHints":{"allow":["GET"]}}],"collection":[{"href":"https:\/\/pressactu.com\/index.php?rest_route=\/wp\/v2\/posts"}],"about":[{"href":"https:\/\/pressactu.com\/index.php?rest_route=\/wp\/v2\/types\/post"}],"author":[{"embeddable":true,"href":"https:\/\/pressactu.com\/index.php?rest_route=\/wp\/v2\/users\/1"}],"replies":[{"embeddable":true,"href":"https:\/\/pressactu.com\/index.php?rest_route=%2Fwp%2Fv2%2Fcomments&post=129914"}],"version-history":[{"count":0,"href":"https:\/\/pressactu.com\/index.php?rest_route=\/wp\/v2\/posts\/129914\/revisions"}],"wp:featuredmedia":[{"embeddable":true,"href":"https:\/\/pressactu.com\/index.php?rest_route=\/wp\/v2\/media\/129915"}],"wp:attachment":[{"href":"https:\/\/pressactu.com\/index.php?rest_route=%2Fwp%2Fv2%2Fmedia&parent=129914"}],"wp:term":[{"taxonomy":"category","embeddable":true,"href":"https:\/\/pressactu.com\/index.php?rest_route=%2Fwp%2Fv2%2Fcategories&post=129914"},{"taxonomy":"post_tag","embeddable":true,"href":"https:\/\/pressactu.com\/index.php?rest_route=%2Fwp%2Fv2%2Ftags&post=129914"},{"taxonomy":"author","embeddable":true,"href":"https:\/\/pressactu.com\/index.php?rest_route=%2Fwp%2Fv2%2Fcoauthors&post=129914"}],"curies":[{"name":"wp","href":"https:\/\/api.w.org\/{rel}","templated":true}]}}