{"id":129912,"date":"2026-04-28T13:17:47","date_gmt":"2026-04-28T13:17:47","guid":{"rendered":"https:\/\/pressactu.com\/?p=129912"},"modified":"2026-04-28T13:17:47","modified_gmt":"2026-04-28T13:17:47","slug":"il-y-a-des-elus-qui-vivent-dans-cette-impasse-linstallation-dun-panneau-stop-divise-les-automobilistes-et-les-riverains-dans-une-commune","status":"publish","type":"post","link":"https:\/\/pressactu.com\/?p=129912","title":{"rendered":"&quot;Il y a des \u00e9lus qui vivent dans cette impasse\u00a0?&quot;\u00a0: l\u2019installation d\u2019un panneau &quot;stop&quot; divise les automobilistes et les riverains dans une commune"},"content":{"rendered":"<p>\n                                                                    <span class=\"article-full__chapo-label hide-on-small-only\">l&#8217;essentiel<\/span><br \/>\n                                                                \u00c0 Villefranche-de-Rouergue, en Aveyron, l\u2019installation d\u2019un &#8220;stop&#8221; pour quelques maisons divise riverains et automobilistes. Son efficacit\u00e9 sera \u00e9valu\u00e9e apr\u00e8s six mois d\u2019exp\u00e9rimentation.\n                            <\/p>\n<div rel=\"js-article-content\" data-state=\"fixed-height\" data-selection=\"disabled\">\n                                                                                                                            <!-- Pub DFP Position [outstream] --><\/p>\n<p>Il a surgi, il y a quelques semaines. Au grand \u00e9tonnement de nombreux automobilistes, qui descendent le chemin de la Croix de Polier pour \u00e9viter le centre-ville de Villefranche-de-Rouergue en venant de Montauban ou Cahors. Un panneau et un marquage &#8220;stop&#8221; ont \u00e9t\u00e9 implant\u00e9s \u00e0 l\u2019intersection avec l\u2019impasse de la Sesteree.<\/p>\n<p><!-- Pub DFP Position [article] --><\/p>\n<p><iframe width=\"600\" height=\"450\" style=\"border:0;\" allowfullscreen=\"\" loading=\"lazy\" referrerpolicy=\"no-referrer-when-downgrade\" data-src=\"https:\/\/www.google.com\/maps\/embed?pb=!1m18!1m12!1m3!1d3303.001349895083!2d2.0119220764913672!3d44.34208380760421!2m3!1f0!2f0!3f0!3m2!1i1024!2i768!4f13.1!3m3!1m2!1s0x12ada64c6382869f%3A0xbfae3a600c151390!2sChem.%20de%20la%20Croix%20de%20Polier%2C%2012200%20Villefranche-de-Rouergue!5e1!3m2!1sfr!2sfr!4v1777305990006!5m2!1sfr!2sfr\"><\/iframe><\/p>\n<p>Et la signalisation ne pla\u00eet pas \u00e0 tout le monde. &#8220;C\u2019est quoi ce stop\u00a0? C\u2019est nouveau de faire \u00e7a le long d\u2019une route principale\u00a0? Tout \u00e7a pour desservir quatre maisons dans une impasse\u00a0? On va faire \u00e7a \u00e0 chaque fois pour quelques maisons\u00a0? Il y a des \u00e9lus ou quoi dans cette impasse\u00a0?&#8221;, s\u2019insurge un conducteur, qui n\u2019habite pas le quartier mais emprunte r\u00e9guli\u00e8rement\u00a0la route.<\/p>\n<p>Un riverain, qui vit plus haut dans le chemin, n\u2019en d\u00e9mord pas non plus. &#8220;\u00c7a ne sert \u00e0 rien\u00a0! De toute fa\u00e7on, tout le monde grille le stop. Pour quatre maisons\u00a0! Il n\u2019y a pas besoin de r\u00e9duire la vitesse, avec tous les am\u00e9nagements qu\u2019ils ont cr\u00e9\u00e9s, on a d\u00e9j\u00e0 bien r\u00e9duit la vitesse. Ce panneau est arriv\u00e9 du jour au lendemain, sans qu\u2019on soit consult\u00e9s&#8221;, s\u2019agace-t-il, au volant de sa voiture.<\/p>\n<p class=\"std-elt__inline\">\n        <strong>\u00c0 lire aussi :<\/strong><br \/>\n        <a href=\"\/2026\/04\/21\/vrai-ou-faux-le-stationnement-et-la-circulation-evoluent-a-villefranche-de-rouergue-le-point-pour-eviter-une-amende-13334831.php\">VRAI OU FAUX. Le stationnement et la circulation \u00e9voluent \u00e0 Villefranche-de-Rouergue, le point pour \u00e9viter une amende<\/a>\n    <\/p>\n<p>Il est vrai que cette colline ne manque pas d\u2019am\u00e9nagements routiers, entre route partag\u00e9e avec pistes cyclables de chaque c\u00f4t\u00e9, et\u00a0cr\u00e9ation de nombreux\u00a0r\u00e9tr\u00e9cissements\u00a0o\u00f9 il faut attendre pour se croiser, il est difficile de rouler vite. Sans compter que les voies sont \u00e9troites.<\/p>\n<h2 class=\"txt-int\">&#8220;On avait un gros probl\u00e8me de s\u00e9curit\u00e9&#8221;<\/h2>\n<p>Dans l\u2019impasse de la Sesteree, on compte une poign\u00e9e de maisons. Impossible de savoir si des \u00e9lus y vivent, personne n\u2019a indiqu\u00e9 son nom sur les bo\u00eetes \u00e0 lettres.<\/p>\n<p>Une riveraine assure avoir \u00e9t\u00e9 aussi surprise que les utilisateurs du chemin\u00a0de la Croix de Polier. &#8220;Ce n\u2019est pas moi qui ai\u00a0fait la demande du panneau&#8221;, se d\u00e9fend-elle, expliquant n\u2019avoir pas de soucis auparavant\u00a0pour sortir de l\u2019impasse. &#8220;Le stop ne me change rien. Je n\u2019avais pas peur avant qu\u2019il soit install\u00e9&#8221;.<\/p>\n<div class=\"center-align\" rel=\"js-article-inline-img\" data-protec-aida=\"image\">\n<figure class=\"std-img\" data-src=\"https:\/\/images.ladepeche.fr\/api\/v1\/images\/view\/69ef8e41db5e62d3770e1000\/original\/image.jpg?v=1\">\n        <img decoding=\"async\" class=\"std-img__img responsive-img\" src=\"http:\/\/pressactu.com\/wp-content\/uploads\/2026\/04\/1777382267_586_image.jpg?v=1\" alt=\"L\u2019impasse compte quelques maisons. Plus haut, avant cette intersection, on trouve \u00e9galement une impasse c\u00f4t\u00e9 droit apr\u00e8s la cl\u00f4ture blanche. Pour l\u2019instant, pas de panneau stop.\"\/><figcaption class=\"article-full__media-infos\">\n                <span class=\"article-full__media-legend\">L\u2019impasse compte quelques maisons. Plus haut, avant cette intersection, on trouve \u00e9galement une impasse c\u00f4t\u00e9 droit apr\u00e8s la cl\u00f4ture blanche. Pour l\u2019instant, pas de panneau stop.<\/span><br \/>\n                                    <span class=\"article-full__media-author\">MHD<\/span><br \/>\n                            <\/figcaption><\/figure>\n<\/div>\n<p>Des propos qui divergent compl\u00e8tement chez ses voisins. &#8220;On avait un gros probl\u00e8me de s\u00e9curit\u00e9 quand on quittait l\u2019impasse. Les gens ne respectaient pas la priorit\u00e9 \u00e0 droite. C\u2019\u00e9tait beaucoup trop dangereux&#8221;, confie une habitante de l\u2019impasse. Son conjoint, lui, se dit &#8220;tr\u00e8s content&#8221; de la signalisation, et se souvient de la gen\u00e8se de son installation\u00a0: &#8220;La situation a \u00e9t\u00e9 \u00e9voqu\u00e9e lors d\u2019une r\u00e9union de quartier avec la mairie&#8221;.<\/p>\n<h2 class=\"txt-int\">Recours au vote citoyen<\/h2>\n<p>En effet, Jean-Claude Carri\u00e9, alors adjoint aux travaux pour la ville de Villefranche-de-Rouergue, confirme avoir eu connaissance du dossier \u00e0 l\u2019\u00e9t\u00e9 2025. &#8220;La salle du conseil municipal \u00e9tait pleine \u00e0 craquer. Les habitants de l\u2019impasse avaient fait part d\u2019un gros probl\u00e8me de s\u00e9curit\u00e9 routi\u00e8re, les gens descendaient trop vite et oubliaient la priorit\u00e9 \u00e0 droite&#8221;. La municipalit\u00e9 propose alors d\u2019implanter \u00e0 l\u2019intersection un c\u00e9dez le passage, mais les riverains n\u2019en veulent pas.<\/p>\n<p>Le stop est alors privil\u00e9gi\u00e9. Et vot\u00e9. &#8220;Tout a \u00e9t\u00e9 fait en coconstruction, insiste celui qui est devenu pr\u00e9sident d\u2019Ouest Aveyron communaut\u00e9. Les gens ont vot\u00e9 pour \u00e0 main lev\u00e9e&#8221;.<\/p>\n<p class=\"std-elt__inline\">\n        <strong>\u00c0 lire aussi :<\/strong><br \/>\n        <a href=\"\/2026\/04\/17\/apres-plus-dun-an-de-signalement-orange-se-decide-a-debarrasser-le-trottoir-et-les-jardins-de-riverains-de-cables-de-telephonie-13327308.php\">Apr\u00e8s plus d\u2019un an de signalement, Orange se d\u00e9cide \u00e0 d\u00e9barrasser le trottoir et les jardins de riverains de c\u00e2bles de t\u00e9l\u00e9phonie<\/a>\n    <\/p>\n<p>Pour l\u2019instant, le panneau en est \u00e0 sa phase exp\u00e9rimentation. &#8220;Dans six mois, nous allons \u00e9valuer son int\u00e9r\u00eat&#8221;, lors de la r\u00e9union de quartier, cet \u00e9t\u00e9.<\/p>\n<p>Selon l\u2019\u00e9lu, des contr\u00f4les routiers ont \u00e9t\u00e9 r\u00e9clam\u00e9s aupr\u00e8s de la pr\u00e9fecture afin de v\u00e9rifier que les automobilistes respectent le stop. En ce samedi 25\u00a0avril 2026, en tout cas, c\u2019\u00e9tait au bon vouloir des conducteurs. Si certains s\u2019arr\u00eatent bien quelques secondes, d\u2019autres ralentissent mais franchissent sans scrupule le marquage au sol.<\/p>\n<p>Quelques m\u00e8tres plus haut, on trouve \u00e9galement une impasse. Pour l\u2019instant, pas de panneau stop. Mais qui sait\u00a0? Les riverains de l\u2019impasse de la Sesteree vont peut-\u00eatre faire des \u00e9mules\u2026<\/p>\n<\/p><\/div>\n<p><a href=\"https:\/\/www.ladepeche.fr\/2026\/04\/28\/il-y-a-des-elus-qui-vivent-dans-cette-impasse-linstallation-dun-panneau-stop-divise-les-automobilistes-et-les-riverains-dans-une-commune-13345992.php\">source<\/a><\/p>\n","protected":false},"excerpt":{"rendered":"<p>l&#8217;essentiel \u00c0 Villefranche-de-Rouergue, en Aveyron, l\u2019installation d\u2019un &#8220;stop&#8221; pour quelques maisons divise riverains et automobilistes. Son efficacit\u00e9 sera \u00e9valu\u00e9e apr\u00e8s six mois d\u2019exp\u00e9rimentation. Il a surgi, il y a quelques semaines. Au grand \u00e9tonnement de nombreux automobilistes, qui descendent le chemin de la Croix de Polier pour \u00e9viter le centre-ville de Villefranche-de-Rouergue en venant de [&hellip;]<\/p>\n","protected":false},"author":1,"featured_media":129913,"comment_status":"open","ping_status":"open","sticky":false,"template":"","format":"standard","meta":{"_monsterinsights_skip_tracking":false,"_monsterinsights_sitenote_active":false,"_monsterinsights_sitenote_note":"","_monsterinsights_sitenote_category":0,"footnotes":""},"categories":[1],"tags":[],"coauthors":[77],"class_list":["post-129912","post","type-post","status-publish","format-standard","has-post-thumbnail","hentry","category-a-la-une"],"aioseo_notices":[],"_links":{"self":[{"href":"https:\/\/pressactu.com\/index.php?rest_route=\/wp\/v2\/posts\/129912","targetHints":{"allow":["GET"]}}],"collection":[{"href":"https:\/\/pressactu.com\/index.php?rest_route=\/wp\/v2\/posts"}],"about":[{"href":"https:\/\/pressactu.com\/index.php?rest_route=\/wp\/v2\/types\/post"}],"author":[{"embeddable":true,"href":"https:\/\/pressactu.com\/index.php?rest_route=\/wp\/v2\/users\/1"}],"replies":[{"embeddable":true,"href":"https:\/\/pressactu.com\/index.php?rest_route=%2Fwp%2Fv2%2Fcomments&post=129912"}],"version-history":[{"count":0,"href":"https:\/\/pressactu.com\/index.php?rest_route=\/wp\/v2\/posts\/129912\/revisions"}],"wp:featuredmedia":[{"embeddable":true,"href":"https:\/\/pressactu.com\/index.php?rest_route=\/wp\/v2\/media\/129913"}],"wp:attachment":[{"href":"https:\/\/pressactu.com\/index.php?rest_route=%2Fwp%2Fv2%2Fmedia&parent=129912"}],"wp:term":[{"taxonomy":"category","embeddable":true,"href":"https:\/\/pressactu.com\/index.php?rest_route=%2Fwp%2Fv2%2Fcategories&post=129912"},{"taxonomy":"post_tag","embeddable":true,"href":"https:\/\/pressactu.com\/index.php?rest_route=%2Fwp%2Fv2%2Ftags&post=129912"},{"taxonomy":"author","embeddable":true,"href":"https:\/\/pressactu.com\/index.php?rest_route=%2Fwp%2Fv2%2Fcoauthors&post=129912"}],"curies":[{"name":"wp","href":"https:\/\/api.w.org\/{rel}","templated":true}]}}