{"id":129909,"date":"2026-04-28T13:17:45","date_gmt":"2026-04-28T13:17:45","guid":{"rendered":"https:\/\/pressactu.com\/?p=129909"},"modified":"2026-04-28T13:17:45","modified_gmt":"2026-04-28T13:17:45","slug":"lobrc-sest-octroye-un-bonus-merite","status":"publish","type":"post","link":"https:\/\/pressactu.com\/?p=129909","title":{"rendered":"L\u2019OBRC s\u2019est octroy\u00e9 un &quot;bonus m\u00e9rit\u00e9&quot;"},"content":{"rendered":"<div rel=\"js-article-content\">\n                                                                                                                            <!-- Pub DFP Position [outstream] --><\/p>\n<p>Ce fut une belle f\u00eate ce dimanche \u00e0 Bord\u00e8res \/Echez. La f\u00eate \u00e9tait autour (lire dans notre \u00e9dition de mercredi) et sur le terrain avec les victoires bonifi\u00e9es des deux \u00e9quipes. Les hommes de Mathet et Tr\u00e9pout ont tenu 82 minutes de combat face \u00e0 une \u00e9quipe venue chercher sa qualification. Ce fut sans rel\u00e2che et, m\u00eame si par moments ce fut rude, ils n\u2019ont pas l\u00e2ch\u00e9.<\/p>\n<p><!-- Pub DFP Position [article] --><\/p>\n<p>Les premiers mots des deux entra\u00eeneurs furent pour exprimer leur fiert\u00e9 devant cet engagement. Dire aux joueurs que l\u2019objectif de d\u00e9but de saison, m\u00eame revu \u00e0 la hausse, est aujourd\u2019hui atteint. Tout ce qui arrivera maintenant, c\u2019est un bonus bien m\u00e9rit\u00e9.<\/p>\n<p><b>Paul Tr\u00e9pout :<\/b> &#8220;Je tiens \u00e0 f\u00e9liciter tout le groupe s\u00e9niors pour cette phase de poule qui s\u2019est cl\u00f4tur\u00e9e par deux belles victoires bonifi\u00e9es. Les dirigeants aussi, ils ont tout mis en \u0153uvre pour que cette journ\u00e9e soit la plus belle possible. Ce match a \u00e9t\u00e9 un peu dur \u00e0 se dessiner. Des approximations sur notre jeu et la conqu\u00eate, ajout\u00e9es \u00e0 de l\u2019indiscipline ne nous ont pas permis de prendre le large au score rapidement. Mais, on avait parl\u00e9 de 80 minutes de haut niveau sur le plan mental toute la semaine, et sur ce point, on est tr\u00e8s satisfait de nos joueurs. Nous avons retrouv\u00e9 notre d\u00e9fense et c\u2019est important pour la suite. Maintenant un autre championnat commence. Nous avons la chance de recevoir notre barrage donc il faudra saisir l\u2019opportunit\u00e9 \u00e0 fond. Nous esp\u00e9rons un stade plein et vivre encore des \u00e9motions&#8221;.<\/p>\n<p><b>Arnaud Mathet : <\/b>&#8220;Sentiment de satisfaction d\u2019avoir atteint les objectifs. De la fiert\u00e9, devant l\u2019\u00e9tat d\u2019esprit du groupe aussi. On avait tr\u00e8s bien pr\u00e9par\u00e9 cette semaine, on a senti les gars concern\u00e9s tr\u00e8s t\u00f4t et la pr\u00e9paration du match a \u00e9t\u00e9 bonne. C\u2019\u00e9tait une journ\u00e9e sp\u00e9ciale, un match sous pression et mentalement ils ont vraiment relev\u00e9 le d\u00e9fi. C\u2019est s\u00fbrement pour \u00e7a qu\u2019on a si bien attaqu\u00e9 le match, qu\u2019on a \u00e9t\u00e9 disciplin\u00e9 et rigoureux en d\u00e9fense. Tout \u00e7a ce sont les cl\u00e9s pour un match important, pour un match couperet. Le groupe a une super \u00e9nergie et ils m\u00e9ritent de faire ce barrage \u00e0 domicile. On se l\u2019\u00e9tait dit et on y est arriv\u00e9. On esp\u00e8re que les gar\u00e7ons garderont ce m\u00eame \u00e9tat d\u2019esprit cette semaine et qu\u2019on pourra en profiter dimanche \u00e0 Oursbelille&#8221;.<\/p>\n<p>Fiert\u00e9 et satisfaction, deux sentiments totalement l\u00e9gitimes et pas seulement pour les entra\u00eeneurs. Toute la famille OBRC a ressenti la m\u00eame chose.<\/p>\n<p>Il n\u2019y avait que des sourires dimanche \u00e0 Bord\u00e8res, malgr\u00e9 la fatigue pour certains. Mais, avec ce barrage \u00e0 domicile offert dans la sueur par un groupe soud\u00e9 et au mental solide, chacun a h\u00e2te de remettre \u00e7a d\u00e8s dimanche. Tous esp\u00e8rent voir un stade plein certes, mais et surtout un stade qui fait du bruit.<\/p>\n<p>Des supporters tout feu tout flamme qui encourageront cette \u00e9quipe pour, qu\u2019une fois encore, il y ait prolongation de la saison le dimanche d\u2019apr\u00e8s.<\/p>\n<\/p><\/div>\n<p><a href=\"https:\/\/www.ladepeche.fr\/2026\/04\/28\/lobrc-sest-octroye-un-bonus-merite-13346779.php\">source<\/a><\/p>\n","protected":false},"excerpt":{"rendered":"<p>Ce fut une belle f\u00eate ce dimanche \u00e0 Bord\u00e8res \/Echez. La f\u00eate \u00e9tait autour (lire dans notre \u00e9dition de mercredi) et sur le terrain avec les victoires bonifi\u00e9es des deux \u00e9quipes. Les hommes de Mathet et Tr\u00e9pout ont tenu 82 minutes de combat face \u00e0 une \u00e9quipe venue chercher sa qualification. Ce fut sans rel\u00e2che [&hellip;]<\/p>\n","protected":false},"author":1,"featured_media":129910,"comment_status":"open","ping_status":"open","sticky":false,"template":"","format":"standard","meta":{"_monsterinsights_skip_tracking":false,"_monsterinsights_sitenote_active":false,"_monsterinsights_sitenote_note":"","_monsterinsights_sitenote_category":0,"footnotes":""},"categories":[71],"tags":[],"coauthors":[77],"class_list":["post-129909","post","type-post","status-publish","format-standard","has-post-thumbnail","hentry","category-sport"],"aioseo_notices":[],"_links":{"self":[{"href":"https:\/\/pressactu.com\/index.php?rest_route=\/wp\/v2\/posts\/129909","targetHints":{"allow":["GET"]}}],"collection":[{"href":"https:\/\/pressactu.com\/index.php?rest_route=\/wp\/v2\/posts"}],"about":[{"href":"https:\/\/pressactu.com\/index.php?rest_route=\/wp\/v2\/types\/post"}],"author":[{"embeddable":true,"href":"https:\/\/pressactu.com\/index.php?rest_route=\/wp\/v2\/users\/1"}],"replies":[{"embeddable":true,"href":"https:\/\/pressactu.com\/index.php?rest_route=%2Fwp%2Fv2%2Fcomments&post=129909"}],"version-history":[{"count":0,"href":"https:\/\/pressactu.com\/index.php?rest_route=\/wp\/v2\/posts\/129909\/revisions"}],"wp:featuredmedia":[{"embeddable":true,"href":"https:\/\/pressactu.com\/index.php?rest_route=\/wp\/v2\/media\/129910"}],"wp:attachment":[{"href":"https:\/\/pressactu.com\/index.php?rest_route=%2Fwp%2Fv2%2Fmedia&parent=129909"}],"wp:term":[{"taxonomy":"category","embeddable":true,"href":"https:\/\/pressactu.com\/index.php?rest_route=%2Fwp%2Fv2%2Fcategories&post=129909"},{"taxonomy":"post_tag","embeddable":true,"href":"https:\/\/pressactu.com\/index.php?rest_route=%2Fwp%2Fv2%2Ftags&post=129909"},{"taxonomy":"author","embeddable":true,"href":"https:\/\/pressactu.com\/index.php?rest_route=%2Fwp%2Fv2%2Fcoauthors&post=129909"}],"curies":[{"name":"wp","href":"https:\/\/api.w.org\/{rel}","templated":true}]}}