{"id":129903,"date":"2026-04-28T11:37:38","date_gmt":"2026-04-28T11:37:38","guid":{"rendered":"https:\/\/pressactu.com\/?p=129903"},"modified":"2026-04-28T11:37:38","modified_gmt":"2026-04-28T11:37:38","slug":"emmanuel-macron-en-ariege-il-faudrait-doubler-les-effectifs-pour-utiliser-toutes-les-capacites-de-letablissement-le-chef-de-letat-interpelle-sur-le","status":"publish","type":"post","link":"https:\/\/pressactu.com\/?p=129903","title":{"rendered":"Emmanuel Macron en Ari\u00e8ge\u00a0: &quot;Il faudrait doubler les effectifs pour utiliser toutes les capacit\u00e9s de l\u2019\u00e9tablissement\u2026&quot;\u00a0: le chef de l\u2019\u00c9tat interpell\u00e9 sur le manque de personnels m\u00e9dicaux"},"content":{"rendered":"<p>\n                                                                    <span class=\"article-full__chapo-label hide-on-small-only\">l&#8217;essentiel<\/span><br \/>\n                                                                Apr\u00e8s s\u2019\u00eatre rendu \u00e0 Laroque-d\u2019Olmes un peu plus t\u00f4t dans la journ\u00e9e, Emmanuel Macron a visit\u00e9 le nouvel h\u00f4pital de Lavelanet ce lundi 27\u00a0avril 2026. Il en a profit\u00e9 pour \u00e9changer avec plusieurs professionnels de sant\u00e9 qui lui ont notamment fait part du manque d\u2019effectif.\n                            <\/p>\n<div rel=\"js-article-content\" data-state=\"fixed-height\" data-selection=\"disabled\">\n                                                                                                                            <!-- Pub DFP Position [outstream] --><\/p>\n<p>Apr\u00e8s avoir symboliquement pos\u00e9 la premi\u00e8re pierre de la future usine Occitanie G\u00e9otex \u00e0 Laroque-d\u2019Olmes et \u00e9voqu\u00e9 la r\u00e9industrialisation, Emmanuel Macron s\u2019est pench\u00e9 sur le th\u00e8me de la sant\u00e9. Ce lundi 27\u00a0avril 2026, le pr\u00e9sident de la R\u00e9publique s\u2019est rendu au nouvel h\u00f4pital de Lavelanet, qui a ouvert ses portes en novembre\u00a02025\u00a0; une inauguration en pr\u00e9sence de la pr\u00e9sidente de la r\u00e9gion Occitanie Carole Delga.\u00a0Un site enti\u00e8rement reconstruit\u00a0pour un co\u00fbt total de 21,3\u00a0millions d\u2019euros. Il repr\u00e9sente le premier projet hospitalier enti\u00e8rement reconstruit et finalis\u00e9 en Occitanie dans le cadre du S\u00e9gur de la sant\u00e9, un grand plan national d\u2019investissement pour la sant\u00e9 lanc\u00e9 en 2020.<\/p>\n<p><!-- Pub DFP Position [article] --><\/p>\n<p>Le chef de l\u2019\u00c9tat est arriv\u00e9 sur place sur les coups de 12\u00a0h\u00a030 au milieu d\u2019un important cort\u00e8ge qui a impressionn\u00e9 les riverains. Il\u00a0a \u00e9t\u00e9 accueilli dans le hall d\u2019entr\u00e9e\u00a0par les dirigeants de l\u2019\u00e9tablissement et a salu\u00e9 l\u2019ensemble des personnes pr\u00e9sentes. Il a ensuite pris le temps de rencontrer plusieurs professionnels de sant\u00e9. L\u2019occasion pour eux de faire part de leur ressenti quelques mois apr\u00e8s l\u2019ouverture du site.<\/p>\n<div class=\"center-align\" rel=\"js-article-inline-img\" data-protec-aida=\"image\">\n<figure class=\"std-img\" data-src=\"https:\/\/images.ladepeche.fr\/api\/v1\/images\/view\/69ef9c83a547befa990e451e\/original\/image.jpg?v=1\">\n        <img decoding=\"async\" class=\"std-img__img responsive-img\" src=\"http:\/\/pressactu.com\/wp-content\/uploads\/2026\/04\/1777376258_710_image.jpg?v=1\" alt=\"Emmanuel Macron a \u00e9chang\u00e9 avec plusieurs professionnels de sant\u00e9 de l\u2019h\u00f4pital de Lavelanet.\"\/><figcaption class=\"article-full__media-infos\">\n                <span class=\"article-full__media-legend\">Emmanuel Macron a \u00e9chang\u00e9 avec plusieurs professionnels de sant\u00e9 de l\u2019h\u00f4pital de Lavelanet.<\/span><br \/>\n                                    <span class=\"article-full__media-author\">DDM &#8211; Nicolas Calvet<\/span><br \/>\n                            <\/figcaption><\/figure>\n<\/div>\n<h2 class=\"txt-int\">Le manque de personnels m\u00e9dicaux point\u00e9\u00a0du doigt<\/h2>\n<p>Si l\u2019aspect fonctionnel du b\u00e2timent a \u00e9t\u00e9 lou\u00e9, rendant le quotidien des soignants plus agr\u00e9able, la contrainte du manque de personnel a forc\u00e9ment \u00e9t\u00e9 \u00e9voqu\u00e9e. &#8220;Il faudrait doubler les effectifs pour utiliser toutes les capacit\u00e9s de l\u2019\u00e9tablissement, assure un infirmier en soins g\u00e9n\u00e9raux en r\u00e9ponse \u00e0 une question du pr\u00e9sident de la R\u00e9publique. Il y a les effectifs pour la prise en charge actuelle mais si l\u2019on va dans les projets pr\u00e9vus\u2026&#8221;<\/p>\n<p>Malgr\u00e9 une attractivit\u00e9 en hausse gr\u00e2ce au nouveau site flambant neuf, les professionnels expliquent notamment ce manque de personnel par la situation g\u00e9ographique de Lavelanet, \u00e0 l\u2019\u00e9cart de l\u2019axe Toulouse-Andorre. Actuellement, le service\u00a0des urgences de l\u2019h\u00f4pital, ouvert au mois de janvier, n\u2019accueille pour l\u2019instant que du lundi au vendredi, dix heures par jour.<\/p>\n<div class=\"center-align\" rel=\"js-article-inline-img\" data-protec-aida=\"image\">\n<figure class=\"std-img\" data-src=\"https:\/\/images.ladepeche.fr\/api\/v1\/images\/view\/69ef9c8d1b4022263b08668e\/original\/image.jpg?v=1\">\n        <img decoding=\"async\" class=\"std-img__img responsive-img\" src=\"http:\/\/pressactu.com\/wp-content\/uploads\/2026\/04\/1777376258_901_image.jpg?v=1\" alt=\"Emmanuel Macron \u00e0 l\u2019\u00e9coute de la pr\u00e9sentation du nouvel h\u00f4pital de Lavelanet dans le hall d\u2019entr\u00e9e.\"\/><figcaption class=\"article-full__media-infos\">\n                <span class=\"article-full__media-legend\">Emmanuel Macron \u00e0 l\u2019\u00e9coute de la pr\u00e9sentation du nouvel h\u00f4pital de Lavelanet dans le hall d\u2019entr\u00e9e.<\/span><br \/>\n                                    <span class=\"article-full__media-author\">DDM &#8211; Nicolas Calvet<\/span><br \/>\n                            <\/figcaption><\/figure>\n<\/div>\n<h2 class=\"txt-int\">&#8220;Emmanuel Macron m\u2019a dit qu\u2019il s\u2019en occupe, que le n\u00e9cessaire sera fait&#8221;<\/h2>\n<p>Marc Sanchez, le maire de la commune, demande\u00a0une ouverture sept jours sur sept et douze heures par jour. Une requ\u00eate qu\u2019il a reformul\u00e9e de vive voix aupr\u00e8s du pr\u00e9sident de la R\u00e9publique\u00a0: &#8220;Il m\u2019a dit qu\u2019il s\u2019en occupe, que le n\u00e9cessaire sera fait. Il \u00e9tait bien au courant du dossier et ouvert \u00e0 la discussion. \u00c7a me rassure un peu mais comme on dit, je ne crois que ce que je vois. Pour le moment, je maintiens mon petit combat. Je pense que les choses vont avancer&#8221;, affirme Marc Sanchez, militant \u00e9galement pour l\u2019installation d\u2019un scanner. Satisfait des \u00e9changes avec Emmanuel Macron, avec qui il a aussi pu parler d\u2019\u00e9conomie et de tourisme, l\u2019\u00e9lu attend des avanc\u00e9es\u00a0\u00e0 partir du mois de juin prochain pour r\u00e9pondre aux besoins de la population.<\/p>\n<p>Apr\u00e8s cette visite d\u2019environ une heure, Emmanuel Macron a pris la route en direction de Mirepoix, o\u00f9 un\u00a0bain de foule l\u2019attendait. Le chef de l\u2019\u00c9tat a profit\u00e9 d\u2019une halte gourmande\u00a0en compagnie d\u2019\u00e9lus locaux, agriculteurs ou encore professionnels de l\u2019industrie. Avant de franchir la fronti\u00e8re et se rendre\u00a0en Andorre jusqu\u2019\u00e0 ce mardi 28\u00a0avril en tant que co-prince.<\/p>\n<\/p><\/div>\n<p><a href=\"https:\/\/www.ladepeche.fr\/2026\/04\/28\/emmanuel-macron-en-ariege-il-faudrait-doubler-les-effectifs-pour-utiliser-toutes-les-capacites-de-letablissement-le-chef-de-letat-interpelle-sur-le-13346162.php\">source<\/a><\/p>\n","protected":false},"excerpt":{"rendered":"<p>l&#8217;essentiel Apr\u00e8s s\u2019\u00eatre rendu \u00e0 Laroque-d\u2019Olmes un peu plus t\u00f4t dans la journ\u00e9e, Emmanuel Macron a visit\u00e9 le nouvel h\u00f4pital de Lavelanet ce lundi 27\u00a0avril 2026. Il en a profit\u00e9 pour \u00e9changer avec plusieurs professionnels de sant\u00e9 qui lui ont notamment fait part du manque d\u2019effectif. Apr\u00e8s avoir symboliquement pos\u00e9 la premi\u00e8re pierre de la [&hellip;]<\/p>\n","protected":false},"author":1,"featured_media":129904,"comment_status":"open","ping_status":"open","sticky":false,"template":"","format":"standard","meta":{"_monsterinsights_skip_tracking":false,"_monsterinsights_sitenote_active":false,"_monsterinsights_sitenote_note":"","_monsterinsights_sitenote_category":0,"footnotes":""},"categories":[1],"tags":[],"coauthors":[77],"class_list":["post-129903","post","type-post","status-publish","format-standard","has-post-thumbnail","hentry","category-a-la-une"],"aioseo_notices":[],"_links":{"self":[{"href":"https:\/\/pressactu.com\/index.php?rest_route=\/wp\/v2\/posts\/129903","targetHints":{"allow":["GET"]}}],"collection":[{"href":"https:\/\/pressactu.com\/index.php?rest_route=\/wp\/v2\/posts"}],"about":[{"href":"https:\/\/pressactu.com\/index.php?rest_route=\/wp\/v2\/types\/post"}],"author":[{"embeddable":true,"href":"https:\/\/pressactu.com\/index.php?rest_route=\/wp\/v2\/users\/1"}],"replies":[{"embeddable":true,"href":"https:\/\/pressactu.com\/index.php?rest_route=%2Fwp%2Fv2%2Fcomments&post=129903"}],"version-history":[{"count":0,"href":"https:\/\/pressactu.com\/index.php?rest_route=\/wp\/v2\/posts\/129903\/revisions"}],"wp:featuredmedia":[{"embeddable":true,"href":"https:\/\/pressactu.com\/index.php?rest_route=\/wp\/v2\/media\/129904"}],"wp:attachment":[{"href":"https:\/\/pressactu.com\/index.php?rest_route=%2Fwp%2Fv2%2Fmedia&parent=129903"}],"wp:term":[{"taxonomy":"category","embeddable":true,"href":"https:\/\/pressactu.com\/index.php?rest_route=%2Fwp%2Fv2%2Fcategories&post=129903"},{"taxonomy":"post_tag","embeddable":true,"href":"https:\/\/pressactu.com\/index.php?rest_route=%2Fwp%2Fv2%2Ftags&post=129903"},{"taxonomy":"author","embeddable":true,"href":"https:\/\/pressactu.com\/index.php?rest_route=%2Fwp%2Fv2%2Fcoauthors&post=129903"}],"curies":[{"name":"wp","href":"https:\/\/api.w.org\/{rel}","templated":true}]}}