{"id":129899,"date":"2026-04-28T11:37:35","date_gmt":"2026-04-28T11:37:35","guid":{"rendered":"https:\/\/pressactu.com\/?p=129899"},"modified":"2026-04-28T11:37:35","modified_gmt":"2026-04-28T11:37:35","slug":"festival-de-rugby-a-5-a-argeles-les1er-et-2-mai","status":"publish","type":"post","link":"https:\/\/pressactu.com\/?p=129899","title":{"rendered":"Festival de rugby \u00e0 5 \u00e0 Argel\u00e8s, les1er et 2 mai"},"content":{"rendered":"<div rel=\"js-article-content\">\n                                                                                                                            <!-- Pub DFP Position [outstream] --><\/p>\n<p>Ce sera la 9e \u00e9dition du Festival Rugby \u00e0 5 Pyr\u00e9n\u00e9es des Pot\u2019s \u00c2g\u00e9s \u00e0 Argel\u00e8s-Gazost dans l\u2019enceinte Jean Begaries et au Stade du Gymnase.<\/p>\n<p><!-- Pub DFP Position [article] --><\/p>\n<p>Les Argel\u00e9siens accueilleront cette ann\u00e9e encore 88 \u00e9quipes, r\u00e9parties en 4 cat\u00e9gories : f\u00e9minines, mixtes, + de 35 ans et + de 45 ans. Avec pr\u00e8s de 1000 participants (sans compter les accompagnants) ce Festival reste le tournoi Five le plus important de France.<\/p>\n<p>Les Pot\u2019s Ag\u00e9s peuvent compter sur une solide \u00e9quipe d\u2019une centaine de b\u00e9n\u00e9voles qui pr\u00e9parera et servira plus de 5000 repas, qui g\u00e9rera 11 terrains sur 2 sites et qui servira une bi\u00e8re brass\u00e9e localement pour l\u2019occasion.<\/p>\n<p>Bien que sportif avant tout, le Festival reste plac\u00e9 sous le signe de la f\u00eate et de la bonne humeur et tous esp\u00e8rent que les festivaliers feront preuve d\u2019enthousiasme et qu\u2019ils garderont un excellent souvenir de leur s\u00e9jour haut-pyr\u00e9n\u00e9en.<\/p>\n<p>Cette ann\u00e9e, des parrains et des invit\u00e9s de prestige honoreront le festival, pour la grande joie des spectateurs et participants. Michel Dubi\u00e9 (pr\u00e9sident), Bernard Bourtoule, (directeur du Festival) et tous les membres des Pot\u2019s \u00c2g\u00e9s esp\u00e8rent vous avoir donn\u00e9 l\u2019envie d\u2019en savoir plus et de venir d\u00e9couvrir cet \u00e9v\u00e9nement.<\/p>\n<p>Bandas, musique, buvettes agr\u00e9menteront le Festival et contribueront, \u00e0 la promotion du Rugby \u00e0 5, sans oublier de mettre en avant la Bigorre et la belle Vall\u00e9e des Gaves. En ce qui concerne les parrains et les personnalit\u00e9s qui seront pr\u00e9sente \u00e0 cette \u00e9dition il faudra attendre le d\u00e9but de la comp\u00e9tition mais il y aura du beau monde.<\/p>\n<p>Vous \u00eates attendus nombreux \u00e0 Argel\u00e8s-Gazost au stade Jean-Begaries et au Gymnase les vendredi 1er mai d\u00e8s 9h30 et le samedi 2, d\u00e8s 9h30 (phases finales \u00e0 partir de 14h).<\/p>\n<\/p><\/div>\n<p><a href=\"https:\/\/www.ladepeche.fr\/2026\/04\/28\/festival-de-rugby-a-5-a-argeles-les1er-et-2-mai-13346782.php\">source<\/a><\/p>\n","protected":false},"excerpt":{"rendered":"<p>Ce sera la 9e \u00e9dition du Festival Rugby \u00e0 5 Pyr\u00e9n\u00e9es des Pot\u2019s \u00c2g\u00e9s \u00e0 Argel\u00e8s-Gazost dans l\u2019enceinte Jean Begaries et au Stade du Gymnase. Les Argel\u00e9siens accueilleront cette ann\u00e9e encore 88 \u00e9quipes, r\u00e9parties en 4 cat\u00e9gories : f\u00e9minines, mixtes, + de 35 ans et + de 45 ans. Avec pr\u00e8s de 1000 participants (sans [&hellip;]<\/p>\n","protected":false},"author":1,"featured_media":129900,"comment_status":"open","ping_status":"open","sticky":false,"template":"","format":"standard","meta":{"_monsterinsights_skip_tracking":false,"_monsterinsights_sitenote_active":false,"_monsterinsights_sitenote_note":"","_monsterinsights_sitenote_category":0,"footnotes":""},"categories":[71],"tags":[],"coauthors":[77],"class_list":["post-129899","post","type-post","status-publish","format-standard","has-post-thumbnail","hentry","category-sport"],"aioseo_notices":[],"_links":{"self":[{"href":"https:\/\/pressactu.com\/index.php?rest_route=\/wp\/v2\/posts\/129899","targetHints":{"allow":["GET"]}}],"collection":[{"href":"https:\/\/pressactu.com\/index.php?rest_route=\/wp\/v2\/posts"}],"about":[{"href":"https:\/\/pressactu.com\/index.php?rest_route=\/wp\/v2\/types\/post"}],"author":[{"embeddable":true,"href":"https:\/\/pressactu.com\/index.php?rest_route=\/wp\/v2\/users\/1"}],"replies":[{"embeddable":true,"href":"https:\/\/pressactu.com\/index.php?rest_route=%2Fwp%2Fv2%2Fcomments&post=129899"}],"version-history":[{"count":0,"href":"https:\/\/pressactu.com\/index.php?rest_route=\/wp\/v2\/posts\/129899\/revisions"}],"wp:featuredmedia":[{"embeddable":true,"href":"https:\/\/pressactu.com\/index.php?rest_route=\/wp\/v2\/media\/129900"}],"wp:attachment":[{"href":"https:\/\/pressactu.com\/index.php?rest_route=%2Fwp%2Fv2%2Fmedia&parent=129899"}],"wp:term":[{"taxonomy":"category","embeddable":true,"href":"https:\/\/pressactu.com\/index.php?rest_route=%2Fwp%2Fv2%2Fcategories&post=129899"},{"taxonomy":"post_tag","embeddable":true,"href":"https:\/\/pressactu.com\/index.php?rest_route=%2Fwp%2Fv2%2Ftags&post=129899"},{"taxonomy":"author","embeddable":true,"href":"https:\/\/pressactu.com\/index.php?rest_route=%2Fwp%2Fv2%2Fcoauthors&post=129899"}],"curies":[{"name":"wp","href":"https:\/\/api.w.org\/{rel}","templated":true}]}}