{"id":129895,"date":"2026-04-28T10:26:51","date_gmt":"2026-04-28T10:26:51","guid":{"rendered":"https:\/\/pressactu.com\/?p=129895"},"modified":"2026-04-28T10:26:51","modified_gmt":"2026-04-28T10:26:51","slug":"deplacement-demmanuel-macron-en-andorre-il-ny-a-pas-dalternatives-de-transports-en-commun-les-departements-ruraux-durement-touches-par-la-hausse-du-prix","status":"publish","type":"post","link":"https:\/\/pressactu.com\/?p=129895","title":{"rendered":"D\u00e9placement d\u2019Emmanuel Macron en Andorre\u00a0: &quot;Il n\u2019y a pas d\u2019alternatives, de transports en commun&quot;, les d\u00e9partements ruraux durement touch\u00e9s par la hausse du prix de l\u2019essence selon le chef de l\u2019\u00c9tat"},"content":{"rendered":"<p>\n                                                                    <span class=\"article-full__chapo-label hide-on-small-only\">l&#8217;essentiel<\/span><br \/>\n                                                                En visite en Andorre, ce mardi 28\u00a0avril 2026, suite \u00e0 son passage en Ari\u00e8ge, Emmanuel Macron est revenu sur la hausse des prix de l\u2019\u00e9nergie. Il a retenu des difficult\u00e9s plus marqu\u00e9es dans ce secteur rural, tr\u00e8s d\u00e9pendant de la voiture.\n                            <\/p>\n<div rel=\"js-article-content\" data-state=\"fixed-height\" data-selection=\"disabled\">\n                                                                                                                            <!-- Pub DFP Position [outstream] --><\/p>\n<p>Au lendemain de son d\u00e9placement en Ari\u00e8ge, Emmanuel Macron est revenu, mardi 28\u00a0avril, sur son passage \u00e0 Laroque-d\u2019Olmes et Lavelanet, effectu\u00e9 en amont de sa visite officielle en principaut\u00e9 d\u2019Andorre, dont il est le coprince. L\u2019occasion, pour les habitants et les professionnels du territoire, d\u2019alerter le chef de l\u2019\u00c9tat sur les difficult\u00e9s du quotidien, en particulier la flamb\u00e9e des prix de l\u2019essence et du gazole.<\/p>\n<p><!-- Pub DFP Position [article] --><\/p>\n<p>Face aux \u00e9lus et aux acteurs locaux, le pr\u00e9sident de la R\u00e9publique a soulign\u00e9 l\u2019impact de cette hausse sur les zones rurales. &#8220;Tous nos compatriotes qui habitent en ruralit\u00e9 sont touch\u00e9s&#8221;, a-t-il d\u00e9clar\u00e9 lors d\u2019une allocution consacr\u00e9e au contexte g\u00e9opolitique et \u00e0 la guerre au Liban.<\/p>\n<h2 class=\"txt-int\">&#8220;Il n\u2019y a pas d\u2019alternatives, de transports en commun&#8221;<\/h2>\n<p>Emmanuel Macron a notamment insist\u00e9 sur la forte d\u00e9pendance de l\u2019Ari\u00e8ge \u00e0 la voiture. &#8220;Il n\u2019y a pas d\u2019alternatives, de transports en commun&#8221;, a-t-il observ\u00e9, relevant que le d\u00e9partement constitue &#8220;un secteur pour les gros rouleurs&#8221;, ces conducteurs parcourant de longues distances que le gouvernement dit accompagner depuis le d\u00e9but de la crise.<\/p>\n<p>Pour le chef de l\u2019\u00c9tat, les aides ponctuelles ne pourront toutefois pas constituer une r\u00e9ponse durable. &#8220;Il faut qu\u2019on traite le probl\u00e8me \u00e0 sa racine&#8221;, a-t-il estim\u00e9. Selon lui, la principale difficult\u00e9 reste li\u00e9e au blocage du d\u00e9troit d\u2019Ormuz et \u00e0 la situation en Iran. &#8220;Le cessez-le-feu est en place, c\u2019est une bonne chose. [\u2026] On fait tout pour que le trafic puisse reprendre de mani\u00e8re normale&#8221;, a assur\u00e9 Emmanuel Macron.<\/p>\n<p>En attendant une am\u00e9lioration de la situation, plusieurs professions particuli\u00e8rement d\u00e9pendantes du carburant continuent de subir de plein fouet la hausse des prix. Taxis, ambulanciers, auxiliaires de vie, transporteurs ou encore auto-\u00e9coles voient leurs d\u00e9penses augmenter fortement. &#8220;On est surtout \u00e0 la t\u00e2che pour que les choses repartent dans les bonnes directions&#8221;, a r\u00e9p\u00e9t\u00e9 le pr\u00e9sident de la R\u00e9publique.<\/p>\n<\/p><\/div>\n<p><a href=\"https:\/\/www.ladepeche.fr\/2026\/04\/28\/deplacement-demmanuel-macron-en-andorre-il-ny-a-pas-dalternatives-de-transports-en-commun-les-departements-ruraux-durement-touches-par-la-hausse-du-13347056.php\">source<\/a><\/p>\n","protected":false},"excerpt":{"rendered":"<p>l&#8217;essentiel En visite en Andorre, ce mardi 28\u00a0avril 2026, suite \u00e0 son passage en Ari\u00e8ge, Emmanuel Macron est revenu sur la hausse des prix de l\u2019\u00e9nergie. Il a retenu des difficult\u00e9s plus marqu\u00e9es dans ce secteur rural, tr\u00e8s d\u00e9pendant de la voiture. Au lendemain de son d\u00e9placement en Ari\u00e8ge, Emmanuel Macron est revenu, mardi 28\u00a0avril, [&hellip;]<\/p>\n","protected":false},"author":1,"featured_media":129896,"comment_status":"open","ping_status":"open","sticky":false,"template":"","format":"standard","meta":{"_monsterinsights_skip_tracking":false,"_monsterinsights_sitenote_active":false,"_monsterinsights_sitenote_note":"","_monsterinsights_sitenote_category":0,"footnotes":""},"categories":[74],"tags":[],"coauthors":[77],"class_list":["post-129895","post","type-post","status-publish","format-standard","has-post-thumbnail","hentry","category-economie"],"aioseo_notices":[],"_links":{"self":[{"href":"https:\/\/pressactu.com\/index.php?rest_route=\/wp\/v2\/posts\/129895","targetHints":{"allow":["GET"]}}],"collection":[{"href":"https:\/\/pressactu.com\/index.php?rest_route=\/wp\/v2\/posts"}],"about":[{"href":"https:\/\/pressactu.com\/index.php?rest_route=\/wp\/v2\/types\/post"}],"author":[{"embeddable":true,"href":"https:\/\/pressactu.com\/index.php?rest_route=\/wp\/v2\/users\/1"}],"replies":[{"embeddable":true,"href":"https:\/\/pressactu.com\/index.php?rest_route=%2Fwp%2Fv2%2Fcomments&post=129895"}],"version-history":[{"count":0,"href":"https:\/\/pressactu.com\/index.php?rest_route=\/wp\/v2\/posts\/129895\/revisions"}],"wp:featuredmedia":[{"embeddable":true,"href":"https:\/\/pressactu.com\/index.php?rest_route=\/wp\/v2\/media\/129896"}],"wp:attachment":[{"href":"https:\/\/pressactu.com\/index.php?rest_route=%2Fwp%2Fv2%2Fmedia&parent=129895"}],"wp:term":[{"taxonomy":"category","embeddable":true,"href":"https:\/\/pressactu.com\/index.php?rest_route=%2Fwp%2Fv2%2Fcategories&post=129895"},{"taxonomy":"post_tag","embeddable":true,"href":"https:\/\/pressactu.com\/index.php?rest_route=%2Fwp%2Fv2%2Ftags&post=129895"},{"taxonomy":"author","embeddable":true,"href":"https:\/\/pressactu.com\/index.php?rest_route=%2Fwp%2Fv2%2Fcoauthors&post=129895"}],"curies":[{"name":"wp","href":"https:\/\/api.w.org\/{rel}","templated":true}]}}