{"id":129893,"date":"2026-04-28T09:56:57","date_gmt":"2026-04-28T09:56:57","guid":{"rendered":"https:\/\/pressactu.com\/?p=129893"},"modified":"2026-04-28T09:56:57","modified_gmt":"2026-04-28T09:56:57","slug":"entretien-macron-veut-reindustrialiser-la-france-dans-un-pays-riche-il-est-normal-que-la-part-de-lindustrie-baisse-explique-leconomiste-eric-heyer","status":"publish","type":"post","link":"https:\/\/pressactu.com\/?p=129893","title":{"rendered":"ENTRETIEN. Macron veut r\u00e9industrialiser la France : &quot;Dans un pays riche, il est normal que la part de l&#039;industrie baisse&quot;, explique l\u2019\u00e9conomiste \u00c9ric Heyer"},"content":{"rendered":"<p>\n                                                                    <span class=\"article-full__chapo-label hide-on-small-only\">l&#8217;essentiel<\/span><br \/>\n                                                                Emmanuel Macron, en d\u00e9placement en Ari\u00e8ge, r\u00e9p\u00e8te qu&#8217;il souhaite r\u00e9industrialiser la France. L&#8217;\u00e9conomiste \u00c9ric Heyer, directeur du d\u00e9partement Analyse et pr\u00e9vision \u00e0 l\u2019OFCE, pr\u00e9vient qu&#8217;il s&#8217;agit d&#8217;un secteur o\u00f9 l&#8217;on cr\u00e9e moins d&#8217;emplois que dans celui des services.\u00a0\n                            <\/p>\n<div rel=\"js-article-content\">\n                                                                                                                            <!-- Pub DFP Position [outstream] --><\/p>\n<p class=\"txt-question\">La D\u00e9p\u00eache du Midi : La r\u00e9industrialisation de la France est un des chevaux de bataille d&#8217;Emmanuel Macron. Quel regard portez-vous sur son bilan en la mati\u00e8re ?<\/p>\n<p><!-- Pub DFP Position [article] --><\/p>\n<p><strong>\u00c9ric Heyer*<\/strong> : On peut juger ce bilan selon deux crit\u00e8res : l&#8217;emploi ou la production.\u00a0Si l&#8217;on regarde l&#8217;emploi, les performances sont bonnes. Mais si l&#8217;on regarde la valeur ajout\u00e9e, c&#8217;est-\u00e0-dire ce que l&#8217;on produit vraiment, le constat est m\u00e9diocre. Depuis l\u2019arriv\u00e9e d\u2019Emmanuel Macron, la production industrielle est rest\u00e9e relativement stable ; il n\u2019y a pas eu de croissance r\u00e9elle.<\/p>\n<p class=\"txt-question\">Qu&#8217;est-ce que signifie, concr\u00e8tement, cette stagnation de la production ?<\/p>\n<p>Prenons l&#8217;exemple d&#8217;Airbus. La valeur ajout\u00e9e d&#8217;Airbus en France, c&#8217;est l&#8217;assemblage. On importe les ailes et les composants, puis on les monte chez nous. La richesse cr\u00e9\u00e9e, c&#8217;est le prix de l&#8217;avion moins tout ce qu&#8217;on a d\u00fb importer pour le construire. Si cette valeur n&#8217;augmente pas, il n&#8217;y a pas de croissance industrielle r\u00e9elle.<\/p>\n<div class=\"center-align\" rel=\"js-article-inline-img\" data-protec-aida=\"image\">\n<figure class=\"std-img\" data-src=\"https:\/\/images.ladepeche.fr\/api\/v1\/images\/view\/69ef7ed8ef12f452ad0310cf\/original\/image.jpg?v=1\">\n        <img decoding=\"async\" class=\"std-img__img responsive-img\" src=\"http:\/\/pressactu.com\/wp-content\/uploads\/2026\/04\/1777370217_649_image.jpg?v=1\" alt=\"Eric Heyer est directeur du d\u00e9partement Analyse et Pr\u00e9vision de l\u2019OFCE.\"\/><figcaption class=\"article-full__media-infos\">\n                <span class=\"article-full__media-legend\">Eric Heyer est directeur du d\u00e9partement Analyse et Pr\u00e9vision de l\u2019OFCE.<\/span><br \/>\n                                    <span class=\"article-full__media-author\">OFCE<\/span><br \/>\n                            <\/figcaption><\/figure>\n<\/div>\n<p class=\"txt-question\">On cr\u00e9e pourtant des emplois. Comment est-ce possible si l&#8217;activit\u00e9 n&#8217;augmente pas ?<\/p>\n<p>C&#8217;est ce qui interpelle. On arrive \u00e0 cr\u00e9er plus d&#8217;emplois qu&#8217;on en d\u00e9truit sans avoir de croissance. Cela veut dire que la productivit\u00e9 a chut\u00e9. Le gouvernement dit qu&#8217;on a &#8220;enrichi la croissance en emplois&#8221;, mais en r\u00e9alit\u00e9, on a surtout baiss\u00e9 en productivit\u00e9. Et quand la productivit\u00e9 baisse, c&#8217;est une partie de notre comp\u00e9titivit\u00e9 qui s&#8217;en va.<\/p>\n<p class=\"txt-question\">Qui paie pour cette baisse de productivit\u00e9 ?<\/p>\n<p>Il n&#8217;y a pas trente-six solutions, ce sont soit les salari\u00e9s, soit les entreprises, soit l\u2019\u00c9tat. Pour les salari\u00e9s, cela se traduit par une perte de pouvoir d&#8217;achat : les salaires ne suivent pas l&#8217;inflation. Pour les entreprises, cela pourrait faire chuter les marges, ce qui limiterait l&#8217;investissement futur. Mais ce qu&#8217;on a vu surtout depuis 2020, c&#8217;est que l&#8217;\u00c9tat a pay\u00e9 la facture via des aides massives. C&#8217;est pour cela que nos d\u00e9ficits sont \u00e0 des niveaux records par rapport \u00e0 nos partenaires. Aujourd&#8217;hui, un r\u00e9tablissement s&#8217;op\u00e8re, les entreprises r\u00e9ajustent\u00a0l&#8217;emploi \u00e0 la production r\u00e9elle. On voit ainsi appara\u00eetre de nouvelles destructions d&#8217;emplois : la d\u00e9sindustrialisation est encore pr\u00e9sente.<\/p>\n<p class=\"txt-question\">L&#8217;industrie repr\u00e9sente moins de 10 % du PIB. Est-ce un chiffre inqui\u00e9tant pour l&#8217;avenir ?<\/p>\n<p>Le poids dans le PIB n&#8217;est pas forc\u00e9ment le meilleur indicateur. Aux \u00c9tats-Unis, il est encore plus bas que chez nous, car ils ont d\u00e9velopp\u00e9 massivement les services num\u00e9riques. Dans un pays riche, il est normal que la part de l&#8217;industrie baisse au profit des services comme le num\u00e9rique, la restauration ou l&#8217;\u00e9ducation. Une fois que vous avez votre voiture et vos \u00e9quipements, vous utilisez votre surplus de richesse pour des services.<\/p>\n<p class=\"txt-question\">Le progr\u00e8s technique ne condamne-t-il pas l&#8217;emploi industriel ?<\/p>\n<p>C\u2019est ce qu&#8217;on appelle la destruction cr\u00e9atrice. Le progr\u00e8s technique remplace les hommes par des machines, surtout dans les usines. C\u2019est beaucoup plus difficile de remplacer un coiffeur ou un serveur par un robot. L&#8217;enjeu est donc de redistribuer les gains de productivit\u00e9 de l&#8217;industrie pour cr\u00e9er des emplois dans de nouveaux secteurs de services.<\/p>\n<p class=\"txt-question\">La souverainet\u00e9 industrielle consiste-t-elle \u00e0 tout produire en France ?<\/p>\n<p>Pas du tout. \u00catre souverain ne veut pas dire tout faire soi-m\u00eame. Si vous produisez tout au m\u00eame endroit et qu&#8217;un probl\u00e8me survient, vous n&#8217;\u00eates plus approvisionn\u00e9. La souverainet\u00e9, c\u2019est la diversification. Il faut ma\u00eetriser la cha\u00eene, conna\u00eetre ses sous-traitants et s&#8217;assurer qu&#8217;il y a toujours un &#8220;plan B&#8221;\u00a0si un fournisseur fait d\u00e9faut. C&#8217;est cette gestion des risques qui garantit notre ind\u00e9pendance.<\/p>\n<hr\/>\n<p>Eric Heyer est \u00e9conomiste,\u00a0directeur du D\u00e9partement Analyse et Pr\u00e9vision de l\u2019OFCE et membre du <a href=\"https:\/\/www.hcfp.fr\/eric-heyer\" target=\"_self\">Haut Conseil des finances publiques<\/a>.<\/p>\n<\/p><\/div>\n<p><a href=\"https:\/\/www.ladepeche.fr\/2026\/04\/28\/entretien-macron-veut-reindustrialiser-la-france-dans-un-pays-riche-il-est-normal-que-la-part-de-lindustrie-baisse-explique-leconomiste-eric-heyer-13346020.php\">source<\/a><\/p>\n","protected":false},"excerpt":{"rendered":"<p>l&#8217;essentiel Emmanuel Macron, en d\u00e9placement en Ari\u00e8ge, r\u00e9p\u00e8te qu&#8217;il souhaite r\u00e9industrialiser la France. L&#8217;\u00e9conomiste \u00c9ric Heyer, directeur du d\u00e9partement Analyse et pr\u00e9vision \u00e0 l\u2019OFCE, pr\u00e9vient qu&#8217;il s&#8217;agit d&#8217;un secteur o\u00f9 l&#8217;on cr\u00e9e moins d&#8217;emplois que dans celui des services.\u00a0 La D\u00e9p\u00eache du Midi : La r\u00e9industrialisation de la France est un des chevaux de bataille [&hellip;]<\/p>\n","protected":false},"author":1,"featured_media":129894,"comment_status":"open","ping_status":"open","sticky":false,"template":"","format":"standard","meta":{"_monsterinsights_skip_tracking":false,"_monsterinsights_sitenote_active":false,"_monsterinsights_sitenote_note":"","_monsterinsights_sitenote_category":0,"footnotes":""},"categories":[1],"tags":[],"coauthors":[77],"class_list":["post-129893","post","type-post","status-publish","format-standard","has-post-thumbnail","hentry","category-a-la-une"],"aioseo_notices":[],"_links":{"self":[{"href":"https:\/\/pressactu.com\/index.php?rest_route=\/wp\/v2\/posts\/129893","targetHints":{"allow":["GET"]}}],"collection":[{"href":"https:\/\/pressactu.com\/index.php?rest_route=\/wp\/v2\/posts"}],"about":[{"href":"https:\/\/pressactu.com\/index.php?rest_route=\/wp\/v2\/types\/post"}],"author":[{"embeddable":true,"href":"https:\/\/pressactu.com\/index.php?rest_route=\/wp\/v2\/users\/1"}],"replies":[{"embeddable":true,"href":"https:\/\/pressactu.com\/index.php?rest_route=%2Fwp%2Fv2%2Fcomments&post=129893"}],"version-history":[{"count":0,"href":"https:\/\/pressactu.com\/index.php?rest_route=\/wp\/v2\/posts\/129893\/revisions"}],"wp:featuredmedia":[{"embeddable":true,"href":"https:\/\/pressactu.com\/index.php?rest_route=\/wp\/v2\/media\/129894"}],"wp:attachment":[{"href":"https:\/\/pressactu.com\/index.php?rest_route=%2Fwp%2Fv2%2Fmedia&parent=129893"}],"wp:term":[{"taxonomy":"category","embeddable":true,"href":"https:\/\/pressactu.com\/index.php?rest_route=%2Fwp%2Fv2%2Fcategories&post=129893"},{"taxonomy":"post_tag","embeddable":true,"href":"https:\/\/pressactu.com\/index.php?rest_route=%2Fwp%2Fv2%2Ftags&post=129893"},{"taxonomy":"author","embeddable":true,"href":"https:\/\/pressactu.com\/index.php?rest_route=%2Fwp%2Fv2%2Fcoauthors&post=129893"}],"curies":[{"name":"wp","href":"https:\/\/api.w.org\/{rel}","templated":true}]}}