{"id":129888,"date":"2026-04-28T08:45:57","date_gmt":"2026-04-28T08:45:57","guid":{"rendered":"https:\/\/pressactu.com\/?p=129888"},"modified":"2026-04-28T08:45:57","modified_gmt":"2026-04-28T08:45:57","slug":"frelon-asiatique-letat-lance-un-plan-national-de-3-millions-deuros-pour-endiguer-les-degats-causes-par-cette-espece-invasive","status":"publish","type":"post","link":"https:\/\/pressactu.com\/?p=129888","title":{"rendered":"Frelon asiatique : l&#039;\u00c9tat lance un plan national de 3 millions d&#039;euros pour &quot;endiguer les d\u00e9g\u00e2ts caus\u00e9s&quot; par cette esp\u00e8ce invasive"},"content":{"rendered":"<p>\n                                                                    <span class=\"article-full__chapo-label hide-on-small-only\">l&#8217;essentiel<\/span><br \/>\n                                                                Le ministre de la Transition \u00e9cologique, Mathieu Lef\u00e8vre, a annonc\u00e9 lundi 27 avril le lancement d\u2019un fonds de trois millions d\u2019euros pour lutter contre le frelon asiatique. Ce dispositif, ouvert d\u00e8s le 1er mai, vise \u00e0 soutenir financi\u00e8rement les apiculteurs et les collectivit\u00e9s dans la protection des ruches et la destruction des nids.\n                            <\/p>\n<div rel=\"js-article-content\">\n                                                                                                                            <!-- Pub DFP Position [outstream] --><\/p>\n<p>Face \u00e0 la prolif\u00e9ration du frelon asiatique, le ministre de la Transition \u00e9cologique, Mathieu Lef\u00e8vre, a annonc\u00e9 lundi 27 avril \u00e0 Rossfeld (Bas-Rhin) la cr\u00e9ation d\u2019un fonds d\u2019aide de 3 millions d\u2019euros. L\u2019objectif est d\u2019aider les acteurs de terrain \u00e0 prot\u00e9ger les ruches et \u00e0 limiter les d\u00e9g\u00e2ts de cette esp\u00e8ce invasive.<\/p>\n<p><!-- Pub DFP Position [article] --><\/p>\n<p>&#8220;Il faut \u00eatre lucide : il est impossible de l\u2019\u00e9radiquer \u00e0 ce stade&#8221;, a reconnu le ministre lors de son d\u00e9placement. Si l\u2019\u00e9radication totale n\u2019est plus \u00e0 l\u2019ordre du jour, l\u2019\u00c9tat entend n\u00e9anmoins passer \u00e0 l\u2019offensive pour &#8220;endiguer les d\u00e9g\u00e2ts caus\u00e9s par le frelon asiatique&#8221;, arriv\u00e9 en France en 2004 et d\u00e9sormais solidement implant\u00e9.<\/p>\n<p class=\"std-elt__inline\">\n        <strong>\u00c0 lire aussi :<\/strong><br \/>\n        <a href=\"\/2026\/03\/23\/lutte-contre-le-frelon-asiatique-comment-pieger-les-reines-13287812.php\">VIDEO. Lutte contre le frelon asiatique\u00a0: comment pi\u00e9ger les reines\u00a0?<\/a>\n    <\/p>\n<p>Ce dispositif, qui s\u2019inscrit dans la strat\u00e9gie nationale de lutte pr\u00e9vue pour les six prochaines ann\u00e9es en application de la loi de mars 2025, se veut op\u00e9rationnel rapidement. D\u00e8s le 1er mai, les collectivit\u00e9s et groupements d\u2019apiculteurs pourront d\u00e9poser leurs dossiers sur la plateforme Aides-territoires.<\/p>\n<h2 class=\"txt-int\">Ajustement du dispositif<\/h2>\n<p>Les aides accord\u00e9es repr\u00e9senteront un montant minimum de 10 000 euros par dossier et permettront de financer le pi\u00e9geage, la destruction des nids, les dispositifs de protection des ruches, ainsi que les formations et la recherche appliqu\u00e9e. Le guichet restera ouvert jusqu\u2019\u00e0 la fin de l\u2019ann\u00e9e 2026.<\/p>\n<p>Le minist\u00e8re a pr\u00e9cis\u00e9 qu\u2019un ajustement du dispositif serait r\u00e9alis\u00e9 ult\u00e9rieurement, en fonction des retours d\u2019exp\u00e9rience et des besoins remont\u00e9s par les b\u00e9n\u00e9ficiaires sur le terrain.<\/p>\n<p class=\"std-elt__inline\">\n        <strong>\u00c0 lire aussi :<\/strong><br \/>\n        <a href=\"\/2026\/02\/25\/on-arrive-a-en-vivre-on-voudrait-que-ca-continue-canicules-gels-tardifs-frelon-asiatique-comment-les-35-000-ruches-tarnaises-font-face-au-dereglement-13243588.php\">&#8220;On arrive \u00e0 en vivre, on voudrait que \u00e7a continue&#8221; Canicules, gels tardifs, frelon asiatique, comment les 35\u00a0000 ruches tarnaises font face au d\u00e9r\u00e8glement climatique<\/a>\n    <\/p>\n<p>Pour les professionnels, cet appui financier vient r\u00e9pondre \u00e0 un \u00e9puisement croissant face \u00e0 l\u2019ampleur de la menace. Astride Didier, apicultrice \u00e0 Nothalten, a t\u00e9moign\u00e9 devant le ministre des ravages subis en 2025. &#8220;Nos ruches ont \u00e9t\u00e9 d\u00e9cim\u00e9es. Nous avons mont\u00e9 un collectif pour lutter contre sa prolif\u00e9ration. Mais ce temps de mobilisation, ce n\u2019est pas notre c\u0153ur de m\u00e9tier, c\u2019est du b\u00e9n\u00e9volat&#8221;, a-t-elle confi\u00e9, rapporte <a href=\"https:\/\/www.dna.fr\/environnement\/2026\/04\/27\/un-plan-national-de-3-millions-d-euros-pour-lutter-contre-le-frelon-asiatique\" target=\"_blank\"><em>Les Derni\u00e8res Nouvelles d\u2019Alsace<\/em><\/a>.<\/p>\n<\/p><\/div>\n<p><a href=\"https:\/\/www.ladepeche.fr\/2026\/04\/28\/frelon-asiatique-letat-lance-un-plan-national-de-3-millions-deuros-pour-endiguer-les-degats-causes-par-cette-espece-invasive-13347079.php\">source<\/a><\/p>\n","protected":false},"excerpt":{"rendered":"<p>l&#8217;essentiel Le ministre de la Transition \u00e9cologique, Mathieu Lef\u00e8vre, a annonc\u00e9 lundi 27 avril le lancement d\u2019un fonds de trois millions d\u2019euros pour lutter contre le frelon asiatique. Ce dispositif, ouvert d\u00e8s le 1er mai, vise \u00e0 soutenir financi\u00e8rement les apiculteurs et les collectivit\u00e9s dans la protection des ruches et la destruction des nids. Face [&hellip;]<\/p>\n","protected":false},"author":1,"featured_media":129889,"comment_status":"open","ping_status":"open","sticky":false,"template":"","format":"standard","meta":{"_monsterinsights_skip_tracking":false,"_monsterinsights_sitenote_active":false,"_monsterinsights_sitenote_note":"","_monsterinsights_sitenote_category":0,"footnotes":""},"categories":[74],"tags":[],"coauthors":[77],"class_list":["post-129888","post","type-post","status-publish","format-standard","has-post-thumbnail","hentry","category-economie"],"aioseo_notices":[],"_links":{"self":[{"href":"https:\/\/pressactu.com\/index.php?rest_route=\/wp\/v2\/posts\/129888","targetHints":{"allow":["GET"]}}],"collection":[{"href":"https:\/\/pressactu.com\/index.php?rest_route=\/wp\/v2\/posts"}],"about":[{"href":"https:\/\/pressactu.com\/index.php?rest_route=\/wp\/v2\/types\/post"}],"author":[{"embeddable":true,"href":"https:\/\/pressactu.com\/index.php?rest_route=\/wp\/v2\/users\/1"}],"replies":[{"embeddable":true,"href":"https:\/\/pressactu.com\/index.php?rest_route=%2Fwp%2Fv2%2Fcomments&post=129888"}],"version-history":[{"count":0,"href":"https:\/\/pressactu.com\/index.php?rest_route=\/wp\/v2\/posts\/129888\/revisions"}],"wp:featuredmedia":[{"embeddable":true,"href":"https:\/\/pressactu.com\/index.php?rest_route=\/wp\/v2\/media\/129889"}],"wp:attachment":[{"href":"https:\/\/pressactu.com\/index.php?rest_route=%2Fwp%2Fv2%2Fmedia&parent=129888"}],"wp:term":[{"taxonomy":"category","embeddable":true,"href":"https:\/\/pressactu.com\/index.php?rest_route=%2Fwp%2Fv2%2Fcategories&post=129888"},{"taxonomy":"post_tag","embeddable":true,"href":"https:\/\/pressactu.com\/index.php?rest_route=%2Fwp%2Fv2%2Ftags&post=129888"},{"taxonomy":"author","embeddable":true,"href":"https:\/\/pressactu.com\/index.php?rest_route=%2Fwp%2Fv2%2Fcoauthors&post=129888"}],"curies":[{"name":"wp","href":"https:\/\/api.w.org\/{rel}","templated":true}]}}