{"id":129886,"date":"2026-04-28T08:16:20","date_gmt":"2026-04-28T08:16:20","guid":{"rendered":"https:\/\/pressactu.com\/?p=129886"},"modified":"2026-04-28T08:16:20","modified_gmt":"2026-04-28T08:16:20","slug":"reportage-prix-des-carburants-ils-sont-super-en-espagne-et-ils-aident-leur-population-les-francais-de-plus-en-plus-nombreux-a-faire-le-plein-a-la-jonquera","status":"publish","type":"post","link":"https:\/\/pressactu.com\/?p=129886","title":{"rendered":"REPORTAGE. Prix des carburants\u00a0: &quot;Ils sont super en Espagne et ils aident leur population\u00a0!&quot; Les Fran\u00e7ais de plus en plus nombreux \u00e0 faire le plein \u00e0 La Jonquera"},"content":{"rendered":"<p>\n                                                                    <span class=\"article-full__chapo-label hide-on-small-only\">l&#8217;essentiel<\/span><br \/>\n                                                                Le ph\u00e9nom\u00e8ne n\u2019est pas nouveau. Mais depuis le d\u00e9but de la guerre am\u00e9ricaine en Iran, il s\u2019est nettement amplifi\u00e9\u00a0: en deux mois, le nombre de Fran\u00e7ais venant faire le plein \u00e0 La Jonquera a bondi de 22\u00a0%. Mais ce &#8220;tourisme du carburant&#8221; fait parfois grincer des dents.\n                            <\/p>\n<div rel=\"js-article-content\">\n                                                                                                                            <!-- Pub DFP Position [outstream] --><\/p>\n<p>&#8220;Avant, je faisais le plein \u00e0 La Jonquera. Maintenant, je descends un peu plus bas car c\u2019est encore moins cher.&#8221; Andr\u00e9, 67 ans, habite \u00e0 Rivesaltes, pr\u00e8s de Perpignan. Depuis plusieurs ann\u00e9es d\u00e9j\u00e0, il traverse la fronti\u00e8re pour ses courses et pour ravitailler son v\u00e9hicule dans cette ville devenue un vaste centre commercial \u00e0 ciel ouvert pour les consommateurs fran\u00e7ais. &#8220;J\u2019ach\u00e8te du pastis, des produits m\u00e9nagers et de la viande. Et surtout, je fais le plein.&#8221;<\/p>\n<p><!-- Pub DFP Position [article] --><\/p>\n<p>Dimanche apr\u00e8s-midi, apr\u00e8s avoir consult\u00e9 une application de comparaison des prix, le retrait\u00e9 a toutefois pouss\u00e9 plus loin, jusqu\u2019\u00e0 une station &#8220;Petrem&#8221;, situ\u00e9e \u00e0 Pont de Molins, \u00e0 18 kilom\u00e8tres de la fronti\u00e8re, pour alimenter son Duster vert olive. &#8220;C\u2019est encore moins cher qu\u2019\u00e0 La Jonquera\u00a0: le diesel est \u00e0 1,63\u00a0euro\u00a0! Chez moi, \u00e0 Rivesaltes, c\u2019est autour de 2,15\u00a0euros. Sur un plein, j\u2019\u00e9conomise \u00e0 peu pr\u00e8s 25\u00a0euros.&#8221;<\/p>\n<p>Dans cette station low cost en libre-service, la majorit\u00e9 des clients sont fran\u00e7ais. Ils viennent des Pyr\u00e9n\u00e9es-Orientales, de l\u2019Aude, de l\u2019H\u00e9rault et parfois m\u00eame de plus loin.<\/p>\n<p>Comme Andr\u00e9, ils profitent des tarifs attractifs propos\u00e9s par les pr\u00e8s de 250 stations que compte la seule province de G\u00e9rone, contre 71 dans les Pyr\u00e9n\u00e9es-Orientales.<\/p>\n<p class=\"std-elt__inline\">\n        <strong>\u00c0 lire aussi :<\/strong><br \/>\n        <a href=\"\/2026\/04\/25\/la-guerre-en-iran-fait-grimper-les-prix-des-carburants-mais-frappe-aussi-de-multiples-secteurs-de-leconomie-13338843.php\">La guerre en Iran fait grimper les prix des carburants mais frappe aussi de multiples secteurs de l\u2019\u00e9conomie<\/a>\n    <\/p>\n<p>En quelques semaines, la fr\u00e9quentation fran\u00e7aise dans les pompes de la zone frontali\u00e8re a ainsi progress\u00e9 de 22\u00a0%. Le week-end, le ph\u00e9nom\u00e8ne s\u2019accentue encore, avec de longues files d\u2019attente \u00e0 La Jonquera, mais aussi plus au sud, \u00e0 Figueres, \u00e0 une trentaine de kilom\u00e8tres de la fronti\u00e8re.<\/p>\n<h2 class=\"txt-int\">\n<div class=\"center-align\" rel=\"js-article-inline-img\" data-protec-aida=\"image\">\n<figure class=\"std-img\" data-src=\"https:\/\/images.ladepeche.fr\/api\/v1\/images\/view\/69ef9df5949b8d868c07beb2\/original\/image.jpg?v=1\">\n        <img decoding=\"async\" class=\"std-img__img responsive-img\" src=\"http:\/\/pressactu.com\/wp-content\/uploads\/2026\/04\/1777364179_11_image.jpg?v=1\" alt=\"Une station de La Jonquera.\"\/><figcaption class=\"article-full__media-infos\">\n                <span class=\"article-full__media-legend\">Une station de La Jonquera.<\/span><br \/>\n                                    <span class=\"article-full__media-author\">DDM &#8211; H. de L.<\/span><br \/>\n                            <\/figcaption><\/figure>\n<\/div>\n<p>&#8220;C\u2019est scandaleux, on finance l\u2019essence des Europ\u00e9ens&#8221;<\/h2>\n<p>Si l\u2019essence a toujours \u00e9t\u00e9 moins ch\u00e8re en Espagne, l\u2019\u00e9cart s\u2019est creus\u00e9 depuis le d\u00e9but des frappes am\u00e9ricaines en Iran. Gr\u00e2ce \u00e0 un d\u00e9ficit public ramen\u00e9 \u00e0 2,2\u00a0% du PIB, son plus bas niveau depuis 2008, le gouvernement espagnol a pu all\u00e9ger la fiscalit\u00e9 sur les carburants. R\u00e9sultat\u00a0: le litre de sans-plomb 95 co\u00fbte entre 1,35\u00a0euro et 1,50\u00a0euro selon les stations, soit 30 \u00e0 50 centimes de moins qu\u2019en France. Pour le diesel, les prix varient de 1,60\u00a0euro \u00e0 1,80.<\/p>\n<p>&#8220;Ils sont super en Espagne et ils aident leur population\u00a0!&#8221; explique Val\u00e9rie, originaire de B\u00e9ziers, rencontr\u00e9e \u00e0 &#8220;La Tramuntana&#8221;, l\u2019une des 18 stations de La Jonquera. &#8220;On se demande ce qu\u2019attend notre gouvernement pour aider les Fran\u00e7ais.&#8221;<\/p>\n<p class=\"std-elt__inline\">\n        <strong>\u00c0 lire aussi :<\/strong><br \/>\n        <a href=\"\/2026\/04\/22\/reportage-hausse-des-carburants-15-fois-plus-dappels-des-prix-bondissant-de-15-a-25-en-un-jour-comment-les-transporteurs-font-face-a-la-crise-13336670.php\">REPORTAGE. Hausse des carburants\u00a0: 15 fois plus d\u2019appels, des prix bondissant de 15 \u00e0 25\u00a0% en un jour\u2026 Comment les transporteurs font face \u00e0 la crise<\/a>\n    <\/p>\n<p>Si l\u2019afflux de conducteurs hexagonaux fait le bonheur des exploitants espagnols, il provoque aussi des critiques, notamment sur les r\u00e9seaux sociaux. Car ces aides publiques repr\u00e9sentent un co\u00fbt pour l\u2019\u00c9tat. &#8220;C\u2019est scandaleux, on finance l\u2019essence des Europ\u00e9ens\u00a0!&#8221;<\/p>\n<p>Les r\u00e9ductions ne devraient s\u2019appliquer qu\u2019aux nationaux\u00a0\u00bb, r\u00e9agit sur X un internaute anonyme. \u00ab\u00a0Les Fran\u00e7ais profitent de l\u2019essence avec la r\u00e9duction de la TVA qu\u2019on paye avec nos imp\u00f4ts\u00a0! Et puis, dans les stations des supermarch\u00e9s de Figueres, certains remplissent aussi des bidons d\u2019essence. C\u2019est dangereux\u00a0!\u00a0\u00bb \u00e9crit Joan Budo.<\/p>\n<p>La r\u00e9duction de la TVA sur les carburants en Espagne est pour l\u2019heure en vigueur jusqu\u2019au 30\u00a0juin prochain. Reste \u00e0 savoir si elle sera prolong\u00e9e. Le gouvernement de Pedro S\u00e1nchez se garde bien, pour l\u2019instant, de toute annonce. Lors des crises pr\u00e9c\u00e9dentes, comme celle du Covid, les aides mises en place avaient \u00e9t\u00e9 assez limit\u00e9es dans le temps.<\/p>\n<\/p><\/div>\n<p><a href=\"https:\/\/www.ladepeche.fr\/2026\/04\/28\/reportage-prix-des-carburants-ils-sont-super-en-espagne-et-ils-aident-leur-population-les-francais-de-plus-en-plus-nombreux-a-faire-le-plein-a-la-13346296.php\">source<\/a><\/p>\n","protected":false},"excerpt":{"rendered":"<p>l&#8217;essentiel Le ph\u00e9nom\u00e8ne n\u2019est pas nouveau. Mais depuis le d\u00e9but de la guerre am\u00e9ricaine en Iran, il s\u2019est nettement amplifi\u00e9\u00a0: en deux mois, le nombre de Fran\u00e7ais venant faire le plein \u00e0 La Jonquera a bondi de 22\u00a0%. Mais ce &#8220;tourisme du carburant&#8221; fait parfois grincer des dents. &#8220;Avant, je faisais le plein \u00e0 La [&hellip;]<\/p>\n","protected":false},"author":1,"featured_media":129887,"comment_status":"open","ping_status":"open","sticky":false,"template":"","format":"standard","meta":{"_monsterinsights_skip_tracking":false,"_monsterinsights_sitenote_active":false,"_monsterinsights_sitenote_note":"","_monsterinsights_sitenote_category":0,"footnotes":""},"categories":[1],"tags":[],"coauthors":[77],"class_list":["post-129886","post","type-post","status-publish","format-standard","has-post-thumbnail","hentry","category-a-la-une"],"aioseo_notices":[],"_links":{"self":[{"href":"https:\/\/pressactu.com\/index.php?rest_route=\/wp\/v2\/posts\/129886","targetHints":{"allow":["GET"]}}],"collection":[{"href":"https:\/\/pressactu.com\/index.php?rest_route=\/wp\/v2\/posts"}],"about":[{"href":"https:\/\/pressactu.com\/index.php?rest_route=\/wp\/v2\/types\/post"}],"author":[{"embeddable":true,"href":"https:\/\/pressactu.com\/index.php?rest_route=\/wp\/v2\/users\/1"}],"replies":[{"embeddable":true,"href":"https:\/\/pressactu.com\/index.php?rest_route=%2Fwp%2Fv2%2Fcomments&post=129886"}],"version-history":[{"count":0,"href":"https:\/\/pressactu.com\/index.php?rest_route=\/wp\/v2\/posts\/129886\/revisions"}],"wp:featuredmedia":[{"embeddable":true,"href":"https:\/\/pressactu.com\/index.php?rest_route=\/wp\/v2\/media\/129887"}],"wp:attachment":[{"href":"https:\/\/pressactu.com\/index.php?rest_route=%2Fwp%2Fv2%2Fmedia&parent=129886"}],"wp:term":[{"taxonomy":"category","embeddable":true,"href":"https:\/\/pressactu.com\/index.php?rest_route=%2Fwp%2Fv2%2Fcategories&post=129886"},{"taxonomy":"post_tag","embeddable":true,"href":"https:\/\/pressactu.com\/index.php?rest_route=%2Fwp%2Fv2%2Ftags&post=129886"},{"taxonomy":"author","embeddable":true,"href":"https:\/\/pressactu.com\/index.php?rest_route=%2Fwp%2Fv2%2Fcoauthors&post=129886"}],"curies":[{"name":"wp","href":"https:\/\/api.w.org\/{rel}","templated":true}]}}