{"id":129883,"date":"2026-04-28T08:16:17","date_gmt":"2026-04-28T08:16:17","guid":{"rendered":"https:\/\/pressactu.com\/?p=129883"},"modified":"2026-04-28T08:16:17","modified_gmt":"2026-04-28T08:16:17","slug":"rencontre-on-les-amenait-chez-lentraineur-qui-etait-assez-sovietique-comment-depuis-leur-plus-tendre-enfance-cette-famille-pratique-un-sport-insolite-autour-du-velo","status":"publish","type":"post","link":"https:\/\/pressactu.com\/?p=129883","title":{"rendered":"RENCONTRE. &quot;On les amenait chez l\u2019entra\u00eeneur qui \u00e9tait assez sovi\u00e9tique&#8230;&quot;\u00a0: comment depuis leur plus tendre enfance, cette famille pratique un sport insolite autour du v\u00e9lo"},"content":{"rendered":"<p>\n                                                                    <span class=\"article-full__chapo-label hide-on-small-only\">l&#8217;essentiel<\/span><br \/>\n                                                                La course d\u2019orientation \u00e0 VTT unit la famille Conter autour d\u2019une m\u00eame passion. Entre podiums nationaux et esprit d\u2019aventure, ce sport m\u00eale effort, strat\u00e9gie et plaisir partag\u00e9, bien au-del\u00e0 de la comp\u00e9tition. Rencontre.\n                            <\/p>\n<div rel=\"js-article-content\" data-state=\"fixed-height\" data-selection=\"disabled\">\n                                                                                                                            <!-- Pub DFP Position [outstream] --><\/p>\n<p>Dans un coin recul\u00e9, non loin d\u2019Arcambal (Lot), entre for\u00eats et champs, vit la famille Conter. Munis d\u2019une carte et d\u2019une boussole, Magalie, la m\u00e8re, et Tristan, le fils cadet, ont respectivement atteint la premi\u00e8re et la deuxi\u00e8me place des championnats de France de course d\u2019orientation VTT, \u00e0 Capbreton. Un sport m\u00e9connu que la tribu pratique ensemble depuis ses d\u00e9buts, y trouvant le moyen id\u00e9al pour partager des moments rassembleurs \u00e0 cinq.<\/p>\n<p><!-- Pub DFP Position [article] --><\/p>\n<p><iframe width=\"600\" height=\"450\" style=\"border:0;\" allowfullscreen=\"\" loading=\"lazy\" referrerpolicy=\"no-referrer-when-downgrade\" data-src=\"https:\/\/www.google.com\/maps\/embed?pb=!1m18!1m12!1m3!1d5695.470921745078!2d1.4822188738603455!3d44.45909540735406!2m3!1f0!2f0!3f0!3m2!1i1024!2i768!4f13.1!3m3!1m2!1s0x12ac8b78538624c1%3A0x6e1e98e3a4104ecf!2sCavani%C3%A8s%2C%2046000%20Cahors!5e0!3m2!1sfr!2sfr!4v1777300854275!5m2!1sfr!2sfr\"><\/iframe><\/p>\n<h2 class=\"txt-int\">&#8220;On les tractait en VTT quand ils \u00e9taient trop petits&#8221;<\/h2>\n<p>C\u2019est un amour pour la discipline qui ne date pas d\u2019hier. D\u00e9j\u00e0 enceinte de quelques mois, Magalie Conter participait \u00e0 des courses, une mani\u00e8re d\u2019inculquer le sport d\u00e8s le plus jeune \u00e2ge \u00e0 ses enfants. &#8220;En fait, ils n\u2019ont pas trop eu le choix, s\u2019amuse la championne de France. La premi\u00e8re course d\u2019orientation de Lilou (l\u2019a\u00een\u00e9e), elle \u00e9tait dans mon ventre. La suivante, elle \u00e9tait dans le sac porte-b\u00e9b\u00e9. On les tractait en VTT quand ils \u00e9taient trop petits.&#8221;<\/p>\n<div class=\"center-align\" rel=\"js-article-inline-img\" data-protec-aida=\"image\">\n<figure class=\"std-img\" data-src=\"https:\/\/images.ladepeche.fr\/api\/v1\/images\/view\/69ef6f87e4b95f5d8f0e9086\/original\/image.jpg?v=1\">\n        <img decoding=\"async\" class=\"std-img__img responsive-img\" src=\"http:\/\/pressactu.com\/wp-content\/uploads\/2026\/04\/1777364176_457_image.jpg?v=1\" alt=\"Tristan Conter et Magalie Conter sur le podium des championnats de France\"\/><figcaption class=\"article-full__media-infos\">\n                <span class=\"article-full__media-legend\">Tristan Conter et Magalie Conter sur le podium des championnats de France<\/span><br \/>\n                                    <span class=\"article-full__media-author\">FiNO &#8211; Fr\u00e9d\u00e9ric Rambli\u00e8re<\/span><br \/>\n                            <\/figcaption><\/figure>\n<\/div>\n<p>M\u00eame lorsque la famille vivait en Russie, les enfants n\u2019\u00e9chappaient pas \u00e0 la pratique sportive\u00a0: &#8220;Ils ont commenc\u00e9 tr\u00e8s t\u00f4t l\u00e0-bas, sans parler la langue. On les amenait chez l\u2019entra\u00eeneur qui \u00e9tait assez &#8220;sovi\u00e9tique&#8221; dans son fonctionnement. \u00c7a forge le caract\u00e8re.&#8221;<\/p>\n<p class=\"std-elt__inline\">\n        <strong>\u00c0 lire aussi :<\/strong><br \/>\n        <a href=\"\/2026\/02\/10\/canicross-trail-vtt-la-voie-verte-xperience-selancera-pour-sa-premiere-edition-en-mai-13217246.php\">Canicross, trail, VTT\u2026 La voie verte Xp\u00e9rience s\u2019\u00e9lancera pour sa premi\u00e8re \u00e9dition en mai<\/a>\n    <\/p>\n<p>Ce mode de vie s\u2019accompagne toutefois d\u2019une condition essentielle\u00a0: l\u2019envie. &#8220;Entre nous, on ne se force pas, sinon c\u2019est moins marrant. Il faut que les enfants aient envie, d\u2019eux-m\u00eames. De temps en temps, on pousse un petit peu, mais on ne force jamais&#8221;, confie la m\u00e8re. Une philosophie qui permet de pr\u00e9server le plaisir de faire du sport. Pour la famille Conter, l\u2019important ne r\u00e9side pas dans la victoire sur les podiums, mais c\u2019est le partage et le d\u00e9passement de soi qui comptent.<\/p>\n<div class=\"center-align\" rel=\"js-article-inline-img\" data-protec-aida=\"image\">\n<figure class=\"std-img\" data-src=\"https:\/\/images.ladepeche.fr\/api\/v1\/images\/view\/69ef6ffde4b95f5d8f0e908e\/original\/image.jpg?v=1\">\n        <img decoding=\"async\" class=\"std-img__img responsive-img\" src=\"http:\/\/pressactu.com\/wp-content\/uploads\/2026\/04\/1777364176_416_image.jpg?v=1\" alt=\"Tristan Conter et Magalie Conter sur leurs v\u00e9los.\"\/><figcaption class=\"article-full__media-infos\">\n                <span class=\"article-full__media-legend\">Tristan Conter et Magalie Conter sur leurs v\u00e9los.<\/span><br \/>\n                                    <span class=\"article-full__media-author\">Photo fournie par la famille<\/span><br \/>\n                            <\/figcaption><\/figure>\n<\/div>\n<p>Une passion qui guide aussi leurs vacances. Loin du confort des lieux touristiques, la famille privil\u00e9gie l\u2019immersion totale. &#8220;On ne part jamais en vacances \u00e0 l\u2019h\u00f4tel, ce n\u2019est pas notre truc. On part avec la tente pour d\u00e9couvrir le pays de l\u2019int\u00e9rieur. C\u2019est une question de priorit\u00e9\u00a0: on aime dormir, manger et vivre dehors&#8221;, r\u00e9sume Magalie Conter.<\/p>\n<h2 class=\"txt-int\">La course d\u2019orientation \u00e0 VTT\u00a0: un sport m\u00e9connu mais formateur<\/h2>\n<p>La course d\u2019orientation \u00e0 VTT est une discipline qui reste dans l\u2019ombre par rapport \u00e0 ses homologues sur route ou sur piste. Mais selon elle, ce sport tr\u00e8s complet, qui oscille entre performance physique et r\u00e9flexion, m\u00e9riterait d\u2019\u00eatre davantage m\u00e9diatis\u00e9. Elle pr\u00e9cise\u00a0: &#8220;On ne fait pas que courir en suivant un itin\u00e9raire trac\u00e9, il faut r\u00e9fl\u00e9chir \u00e0 la meilleure strat\u00e9gie. Intellectuellement, il faut trouver le juste \u00e9quilibre\u00a0: se donner \u00e0 fond physiquement tout en gardant une capacit\u00e9 d\u2019analyse du terrain.&#8221;<\/p>\n<p class=\"std-elt__inline\">\n        <strong>\u00c0 lire aussi :<\/strong><br \/>\n        <a href=\"\/2025\/06\/17\/le-montat-capitale-regionale-du-vtt-cross-country-dimanche-22-juin-12762353.php\">Le Montat capitale r\u00e9gionale du VTT cross-country dimanche 22\u00a0juin<\/a>\n    <\/p>\n<p>Ici, pas de ballon ni de raquette, mais une carte, une boussole et un v\u00e9lo. Durant plusieurs heures, les participants doivent rallier des balises dans un ordre impos\u00e9, en tra\u00e7ant leur propre chemin \u00e0 travers le paysage. Un sport qui s\u2019apparente \u00e0 un jeu\u00a0: &#8220;Pour les enfants, c\u2019est hyper joueur. C\u2019est comme un jeu de piste ou une chasse au tr\u00e9sor. Ma fille, par exemple, elle y va \u00e0 son rythme, elle se concentre sur la r\u00e9ussite de ses trac\u00e9s, peu importe le classement.&#8221;<\/p>\n<h2 class=\"txt-int\">&#8220;Ils sont seuls dans la for\u00eat avec une carte et doivent \u00eatre en mesure de d\u00e9cider&#8221;<\/h2>\n<div class=\"center-align\" rel=\"js-article-inline-img\" data-protec-aida=\"image\">\n<figure class=\"std-img\" data-src=\"https:\/\/images.ladepeche.fr\/api\/v1\/images\/view\/69ef6ffc1d539c94f60b4daa\/original\/image.jpg?v=1\">\n        <img decoding=\"async\" class=\"std-img__img responsive-img\" src=\"http:\/\/pressactu.com\/wp-content\/uploads\/2026\/04\/1777364176_599_image.jpg?v=1\" alt=\"Toute la famille Conter avant une course\"\/><figcaption class=\"article-full__media-infos\">\n                <span class=\"article-full__media-legend\">Toute la famille Conter avant une course<\/span><br \/>\n                                    <span class=\"article-full__media-author\">Photo fournie par la famille.<\/span><br \/>\n                            <\/figcaption><\/figure>\n<\/div>\n<p>Cette discipline transmet plusieurs valeurs fondatrices, utiles dans le sport mais aussi dans tous les domaines du quotidien. Magalie en liste quelques-unes\u00a0: &#8220;Pour un enfant, \u00e7a apprend tr\u00e8s vite \u00e0 accepter la prise de d\u00e9cision. Ils sont seuls dans la for\u00eat avec une carte et doivent \u00eatre en mesure de d\u00e9cider. \u00c7a apprend la r\u00e9silience et la confiance en soi\u00a0: s\u2019ils ont fait une erreur qui leur co\u00fbte une place, ils se rel\u00e8vent et continuent.&#8221;<\/p>\n<\/p><\/div>\n<p><a href=\"https:\/\/www.ladepeche.fr\/2026\/04\/28\/rencontre-on-les-amenait-chez-lentraineur-qui-etait-assez-sovietique-comment-depuis-leur-plus-tendre-enfance-cette-famille-pratique-un-sport-insolite-13345989.php\">source<\/a><\/p>\n","protected":false},"excerpt":{"rendered":"<p>l&#8217;essentiel La course d\u2019orientation \u00e0 VTT unit la famille Conter autour d\u2019une m\u00eame passion. Entre podiums nationaux et esprit d\u2019aventure, ce sport m\u00eale effort, strat\u00e9gie et plaisir partag\u00e9, bien au-del\u00e0 de la comp\u00e9tition. Rencontre. Dans un coin recul\u00e9, non loin d\u2019Arcambal (Lot), entre for\u00eats et champs, vit la famille Conter. Munis d\u2019une carte et d\u2019une [&hellip;]<\/p>\n","protected":false},"author":1,"featured_media":129884,"comment_status":"open","ping_status":"open","sticky":false,"template":"","format":"standard","meta":{"_monsterinsights_skip_tracking":false,"_monsterinsights_sitenote_active":false,"_monsterinsights_sitenote_note":"","_monsterinsights_sitenote_category":0,"footnotes":""},"categories":[71],"tags":[],"coauthors":[77],"class_list":["post-129883","post","type-post","status-publish","format-standard","has-post-thumbnail","hentry","category-sport"],"aioseo_notices":[],"_links":{"self":[{"href":"https:\/\/pressactu.com\/index.php?rest_route=\/wp\/v2\/posts\/129883","targetHints":{"allow":["GET"]}}],"collection":[{"href":"https:\/\/pressactu.com\/index.php?rest_route=\/wp\/v2\/posts"}],"about":[{"href":"https:\/\/pressactu.com\/index.php?rest_route=\/wp\/v2\/types\/post"}],"author":[{"embeddable":true,"href":"https:\/\/pressactu.com\/index.php?rest_route=\/wp\/v2\/users\/1"}],"replies":[{"embeddable":true,"href":"https:\/\/pressactu.com\/index.php?rest_route=%2Fwp%2Fv2%2Fcomments&post=129883"}],"version-history":[{"count":0,"href":"https:\/\/pressactu.com\/index.php?rest_route=\/wp\/v2\/posts\/129883\/revisions"}],"wp:featuredmedia":[{"embeddable":true,"href":"https:\/\/pressactu.com\/index.php?rest_route=\/wp\/v2\/media\/129884"}],"wp:attachment":[{"href":"https:\/\/pressactu.com\/index.php?rest_route=%2Fwp%2Fv2%2Fmedia&parent=129883"}],"wp:term":[{"taxonomy":"category","embeddable":true,"href":"https:\/\/pressactu.com\/index.php?rest_route=%2Fwp%2Fv2%2Fcategories&post=129883"},{"taxonomy":"post_tag","embeddable":true,"href":"https:\/\/pressactu.com\/index.php?rest_route=%2Fwp%2Fv2%2Ftags&post=129883"},{"taxonomy":"author","embeddable":true,"href":"https:\/\/pressactu.com\/index.php?rest_route=%2Fwp%2Fv2%2Fcoauthors&post=129883"}],"curies":[{"name":"wp","href":"https:\/\/api.w.org\/{rel}","templated":true}]}}