{"id":129878,"date":"2026-04-28T07:03:33","date_gmt":"2026-04-28T07:03:33","guid":{"rendered":"https:\/\/pressactu.com\/?p=129878"},"modified":"2026-04-28T07:03:33","modified_gmt":"2026-04-28T07:03:33","slug":"on-vous-explique-pourquoi-le-reacteur-n-2-de-la-centrale-nucleaire-de-golfech-a-ete-arrete-ce-week-end","status":"publish","type":"post","link":"https:\/\/pressactu.com\/?p=129878","title":{"rendered":"On vous explique pourquoi le r\u00e9acteur n.2 de la centrale nucl\u00e9aire de Golfech a \u00e9t\u00e9 arr\u00eat\u00e9 ce week-end"},"content":{"rendered":"<p>\n                                                                    <span class=\"article-full__chapo-label hide-on-small-only\">l&#8217;essentiel<\/span><br \/>\n                                                                Pendant une trentaine d\u2019heures, entre le samedi 25\u00a0avril et le dimanche 26\u00a0avril 2026, l\u2019unit\u00e9 de production num\u00e9ro\u00a02 de la centrale nucl\u00e9aire de Golfech (Tarn-et-Garonne) a \u00e9t\u00e9 d\u00e9connect\u00e9e du r\u00e9seau \u00e9lectrique national. Le temps pour EDF de proc\u00e9der \u00e0 une op\u00e9ration de maintenance.\n                            <\/p>\n<div rel=\"js-article-content\" data-state=\"fixed-height\" data-selection=\"disabled\">\n                                                                                                                            <!-- Pub DFP Position [outstream] --><\/p>\n<p>Ce week-end des 25\u00a0et 26\u00a0avril 2026 a \u00e9t\u00e9 studieux pour les agents d\u2019EDF de la centrale nucl\u00e9aire de Golfech (Tarn-et-Garonne). Ils ont d\u00fb proc\u00e9der \u00e0 un arr\u00eat de l\u2019unit\u00e9 n\u00b0\u00a02, celle-l\u00e0 m\u00eame qui a connu entre avril\u00a02025 et f\u00e9vrier\u00a02026 sa 3e visite d\u00e9cennale, un &#8220;super checking&#8221; de toutes les installations, d\u2019une dur\u00e9e exceptionnelle, qui a permis \u00e0 EDF d\u2019exploiter ce r\u00e9acteur n\u00b0\u00a02 dix ann\u00e9es suppl\u00e9mentaires.<\/p>\n<p><!-- Pub DFP Position [article] --><\/p>\n<p>Cette fois, les choses ont \u00e9t\u00e9 beaucoup plus rapides. &#8220;Dans la nuit du vendredi\u00a024 au samedi 25\u00a0avril 2026, l\u2019unit\u00e9 de production n\u00b0\u00a02 de la centrale nucl\u00e9aire de Golfech a \u00e9t\u00e9 d\u00e9connect\u00e9e du r\u00e9seau \u00e9lectrique national afin de r\u00e9aliser une op\u00e9ration de maintenance sur un syst\u00e8me d\u2019instrumentation assurant la mesure de puissance du r\u00e9acteur&#8221;, fait savoir EDF, qui pr\u00e9cise que &#8220;ce syst\u00e8me est situ\u00e9 dans la partie nucl\u00e9aire des installations&#8221;.<\/p>\n<p>Cette op\u00e9ration de maintenance a occup\u00e9 toute la journ\u00e9e de samedi et une partie de celle de dimanche. C\u2019est \u00e0 16\u00a0h\u00a030 ce dimanche 26\u00a0avril que l\u2019unit\u00e9 n\u00b0\u00a02 a \u00e9t\u00e9 reconnect\u00e9e au r\u00e9seau \u00e9lectrique national. La centrale nucl\u00e9aire de Golfech fonctionne donc \u00e0 nouveau au maximum de ses capacit\u00e9s avec ses deux r\u00e9acteurs \u00e0 eau sous pression de 1\u00a0300\u00a0m\u00e9gawatts.<\/p>\n<h2 class=\"txt-int\">Le rechargement du combustible de l\u2019unit\u00e9 n\u00b0\u00a01 en vue<\/h2>\n<p>Certes moins charg\u00e9 que l\u2019ann\u00e9e derni\u00e8re, le programme industriel de 2026 \u00e0 Golfech sera marqu\u00e9 par l\u2019arr\u00eat pour maintenance et rechargement du combustible de l\u2019unit\u00e9 n\u00b0\u00a01 pendant trois mois et par la pr\u00e9paration de l\u2019arr\u00eat de l\u2019unit\u00e9 n\u00b0\u00a02 pr\u00e9vu en 2027.<\/p>\n<\/p><\/div>\n<p><a href=\"https:\/\/www.ladepeche.fr\/2026\/04\/27\/on-vous-explique-pourquoi-le-reacteur-n2-de-la-centrale-nucleaire-de-golfech-a-ete-arrete-ce-week-end-13345795.php\">source<\/a><\/p>\n","protected":false},"excerpt":{"rendered":"<p>l&#8217;essentiel Pendant une trentaine d\u2019heures, entre le samedi 25\u00a0avril et le dimanche 26\u00a0avril 2026, l\u2019unit\u00e9 de production num\u00e9ro\u00a02 de la centrale nucl\u00e9aire de Golfech (Tarn-et-Garonne) a \u00e9t\u00e9 d\u00e9connect\u00e9e du r\u00e9seau \u00e9lectrique national. Le temps pour EDF de proc\u00e9der \u00e0 une op\u00e9ration de maintenance. Ce week-end des 25\u00a0et 26\u00a0avril 2026 a \u00e9t\u00e9 studieux pour les agents [&hellip;]<\/p>\n","protected":false},"author":1,"featured_media":129879,"comment_status":"open","ping_status":"open","sticky":false,"template":"","format":"standard","meta":{"_monsterinsights_skip_tracking":false,"_monsterinsights_sitenote_active":false,"_monsterinsights_sitenote_note":"","_monsterinsights_sitenote_category":0,"footnotes":""},"categories":[74],"tags":[],"coauthors":[77],"class_list":["post-129878","post","type-post","status-publish","format-standard","has-post-thumbnail","hentry","category-economie"],"aioseo_notices":[],"_links":{"self":[{"href":"https:\/\/pressactu.com\/index.php?rest_route=\/wp\/v2\/posts\/129878","targetHints":{"allow":["GET"]}}],"collection":[{"href":"https:\/\/pressactu.com\/index.php?rest_route=\/wp\/v2\/posts"}],"about":[{"href":"https:\/\/pressactu.com\/index.php?rest_route=\/wp\/v2\/types\/post"}],"author":[{"embeddable":true,"href":"https:\/\/pressactu.com\/index.php?rest_route=\/wp\/v2\/users\/1"}],"replies":[{"embeddable":true,"href":"https:\/\/pressactu.com\/index.php?rest_route=%2Fwp%2Fv2%2Fcomments&post=129878"}],"version-history":[{"count":0,"href":"https:\/\/pressactu.com\/index.php?rest_route=\/wp\/v2\/posts\/129878\/revisions"}],"wp:featuredmedia":[{"embeddable":true,"href":"https:\/\/pressactu.com\/index.php?rest_route=\/wp\/v2\/media\/129879"}],"wp:attachment":[{"href":"https:\/\/pressactu.com\/index.php?rest_route=%2Fwp%2Fv2%2Fmedia&parent=129878"}],"wp:term":[{"taxonomy":"category","embeddable":true,"href":"https:\/\/pressactu.com\/index.php?rest_route=%2Fwp%2Fv2%2Fcategories&post=129878"},{"taxonomy":"post_tag","embeddable":true,"href":"https:\/\/pressactu.com\/index.php?rest_route=%2Fwp%2Fv2%2Ftags&post=129878"},{"taxonomy":"author","embeddable":true,"href":"https:\/\/pressactu.com\/index.php?rest_route=%2Fwp%2Fv2%2Fcoauthors&post=129878"}],"curies":[{"name":"wp","href":"https:\/\/api.w.org\/{rel}","templated":true}]}}