{"id":129876,"date":"2026-04-28T06:31:07","date_gmt":"2026-04-28T06:31:07","guid":{"rendered":"https:\/\/pressactu.com\/?p=129876"},"modified":"2026-04-28T06:31:07","modified_gmt":"2026-04-28T06:31:07","slug":"george-sand-hantee-par-les-loups-de-pompiey-la-decouverte-dun-carnet-secret-revele-les-debuts-passionnes-de-lecrivaine-a-guillery","status":"publish","type":"post","link":"https:\/\/pressactu.com\/?p=129876","title":{"rendered":"George Sand hant\u00e9e par les loups de Pompiey\u00a0: la d\u00e9couverte d\u2019un carnet secret r\u00e9v\u00e8le les d\u00e9buts passionn\u00e9s de l\u2019\u00e9crivaine \u00e0 Guillery"},"content":{"rendered":"<p>\n                                                                    <span class=\"article-full__chapo-label hide-on-small-only\">l&#8217;essentiel<\/span><br \/>\n                                                                Samedi, Hubert Delpont, fondateur des Amis du Vieux N\u00e9rac, a donn\u00e9 une conf\u00e9rence sur la jeunesse de George Sand. Et l\u2019historien place Pompiey et le ch\u00e2teau de Guillery comme lieu n\u00e9vralgique dans la transformation de la jeune \u00e9pouse en une figure litt\u00e9raire.\n                            <\/p>\n<div rel=\"js-article-content\" data-state=\"fixed-height\" data-selection=\"disabled\">\n                                                                                                                            <!-- Pub DFP Position [outstream] --><\/p>\n<p>Est-ce \u00e0 Pompiey que George Sand a fait ses d\u00e9buts d\u2019\u00e9crivain\u00a0? C\u2019est en tout cas une hypoth\u00e8se issue des recherches entreprises par Hubert Delpont. Cet historien, enseignant retrait\u00e9, \u00e0 l\u2019origine de la cr\u00e9ation des Amis du Vieux N\u00e9rac, donnait une conf\u00e9rence le 25\u00a0avril dernier \u00e0 Buzet ayant pour th\u00e8me la vie d\u2019Aurore Dupin, devenue plus tard George Sand. Une conf\u00e9rence organis\u00e9e par l\u2019association biblioth\u00e8que et culture pour tous de Buzet.<\/p>\n<p><!-- Pub DFP Position [article] --><\/p>\n<h2 class=\"txt-int\">Des loups qui r\u00f4dent entre Casteljaloux et Guillery<\/h2>\n<p>Nous sommes en octobre\u00a01825. Trois ans plus t\u00f4t, Aurore Dupin alors \u00e2g\u00e9e de 18 ans, avait \u00e9pous\u00e9 le baron Casimir Dudevant, r\u00e9sidant au ch\u00e2teau de Guillery sur la commune de Pompiey. D\u00e9j\u00e0 atteinte du &#8220;splee&#8221; comme on nommait la d\u00e9prime \u00e0 l\u2019\u00e9poque, son cadre de vie n\u2019\u00e9tait pas fait pour am\u00e9liorer son moral. Voici la description peu flatteuse qu\u2019elle fait de son environnement\u00a0: &#8220;Un pays fort laid, un d\u00e9sert affreux, une lande d\u00e9sol\u00e9e couverte d\u2019arbres li\u00e8ge, arbre le plus triste et le plus sombre\u2026 Son feuillage noir\u00e2tre ne change jamais\u2026 On fait des lieux sans rencontrer \u00e2me qui vive, on marche dans le sable jusqu\u2019aux genoux.&#8221; Elle \u00e9voque aussi &#8220;les loups qui l\u2019escort\u00e8rent de Casteljaloux \u00e0 Guillery et qui r\u00f4daient souvent autour du manoir, \u00e9gorgeant les jeunes chiens et hurlant lugubrement sous les fen\u00eatres&#8221;. Ambiance\u2026<\/p>\n<p class=\"std-elt__inline\">\n        <strong>\u00c0 lire aussi :<\/strong><br \/>\n        <a href=\"\/2026\/01\/16\/et-si-george-sand-etait-woke-une-nouvelle-revue-des-amis-du-vieux-nerac-tres-eclectique-13164458.php\">&#8220;Et si George Sand \u00e9tait woke\u00a0?&#8221; Une nouvelle revue des Amis du Vieux N\u00e9rac tr\u00e8s \u00e9clectique<\/a>\n    <\/p>\n<p>Guillery n\u2019avait toutefois pas que des mauvais c\u00f4t\u00e9s. Dans ses nombreuses lettres \u00e9crites (mais pour la plupart jamais envoy\u00e9es) au jeune Aur\u00e9lien de S\u00e8ze, elle \u00e9voque ses longues parties de chasse au cours desquelles elle se montrait une cavali\u00e8re infatigable, ses joyeuses r\u00e9ceptions au ch\u00e2teau, ou ses visites chez les aristocrates locaux (dont le comte de Beaumont dans son nid d\u2019aigle de Buzet). Selon Hubert Delpont, ces lettres consign\u00e9es dans un carnet r\u00e9v\u00e9laient d\u00e9j\u00e0 les talents d\u2019\u00e9crivain d\u2019Aurore Dupin.<\/p>\n<h2 class=\"txt-int\">La d\u00e9couverte d\u2019un carnet qui change tout<\/h2>\n<p>Un carnet &#8220;oubli\u00e9&#8221; sur une table et &#8220;d\u00e9couvert&#8221; par le mari Casimir Dudevant confirmait ainsi l\u2019idylle de la jeune femme avec Aur\u00e9lien de S\u00e8ze. Il s\u2019agit l\u00e0, toujours d\u2019apr\u00e8s Hubert Delpont, d\u2019une &#8220;transposition de la Nouvelle H\u00e9lo\u00efse de Jean-Jacques Rousseau. C\u2019est un projet litt\u00e9raire \u00e0 l\u2019\u00e9vidence conscient et r\u00e9fl\u00e9chi. C\u2019est le d\u00e9but de l\u2019\u00e9crivaine. Aurore Dupin devient maintenant et ici \u00e0 Guillery, la grande George Sand&#8221;, affirme-t-il.<\/p>\n<p class=\"std-elt__inline\">\n        <strong>\u00c0 lire aussi :<\/strong><br \/>\n        <a href=\"\/2026\/01\/15\/george-sand-figure-du-feminisme-13162997.php\">George Sand : figure du f\u00e9minisme ?<\/a>\n    <\/p>\n<p>\u00c0 la suite de cette conf\u00e9rence, Alain Paraillous a pris le relais en organisant la visite guid\u00e9e du parc du ch\u00e2teau de Guillery en pr\u00e9sence du propri\u00e9taire, Christophe d\u2019Armancourt. Cet \u00e9difice a \u00e9t\u00e9 construit fin XVIIIe\u00a0si\u00e8cle par Fran\u00e7ois Dudevant, le p\u00e8re de Casimir. On y voit encore la porte qui, selon certains, a \u00e9t\u00e9 rong\u00e9e par les loups affam\u00e9s. On y devine aussi l\u2019ancienne route haussmannienne qui se dirigeait vers Casteljaloux.<\/p>\n<div class=\"center-align\" rel=\"js-article-inline-img\" data-protec-aida=\"image\">\n<figure class=\"std-img\" data-src=\"https:\/\/images.ladepeche.fr\/api\/v1\/images\/view\/69ef74095aa30e2dd7087a82\/original\/image.jpg?v=1\">\n        <img decoding=\"async\" class=\"std-img__img responsive-img\" src=\"http:\/\/pressactu.com\/wp-content\/uploads\/2026\/04\/1777357867_394_image.jpg?v=1\" alt=\"Alain Paraillous sur le perron du ch\u00e2teau de Guillery.\"\/><figcaption class=\"article-full__media-infos\">\n                <span class=\"article-full__media-legend\">Alain Paraillous sur le perron du ch\u00e2teau de Guillery.<\/span><br \/>\n                                    <span class=\"article-full__media-author\">DDM &#8211; Ph. B.<\/span><br \/>\n                            <\/figcaption><\/figure>\n<\/div>\n<p>George Sand serait revenue une derni\u00e8re fois \u00e0 Guillery en 1865 (par le train cette fois-ci), \u00e0 l\u2019occasion de la mort de son petit-fils. L\u2019auteure de la Mare au Diable (1846), de La Petite Fadette (1849), est d\u00e9c\u00e9d\u00e9e en 1876 \u00e0 Nohant-Vic, dans l\u2019Indre.<\/p>\n<\/p><\/div>\n<p><a href=\"https:\/\/www.ladepeche.fr\/2026\/04\/28\/george-sand-hantee-par-les-loups-de-pompiey-la-decouverte-dun-carnet-secret-revele-les-debuts-passionnes-de-lecrivaine-a-guillery-13346024.php\">source<\/a><\/p>\n","protected":false},"excerpt":{"rendered":"<p>l&#8217;essentiel Samedi, Hubert Delpont, fondateur des Amis du Vieux N\u00e9rac, a donn\u00e9 une conf\u00e9rence sur la jeunesse de George Sand. Et l\u2019historien place Pompiey et le ch\u00e2teau de Guillery comme lieu n\u00e9vralgique dans la transformation de la jeune \u00e9pouse en une figure litt\u00e9raire. Est-ce \u00e0 Pompiey que George Sand a fait ses d\u00e9buts d\u2019\u00e9crivain\u00a0? C\u2019est [&hellip;]<\/p>\n","protected":false},"author":1,"featured_media":129877,"comment_status":"open","ping_status":"open","sticky":false,"template":"","format":"standard","meta":{"_monsterinsights_skip_tracking":false,"_monsterinsights_sitenote_active":false,"_monsterinsights_sitenote_note":"","_monsterinsights_sitenote_category":0,"footnotes":""},"categories":[1],"tags":[],"coauthors":[77],"class_list":["post-129876","post","type-post","status-publish","format-standard","has-post-thumbnail","hentry","category-a-la-une"],"aioseo_notices":[],"_links":{"self":[{"href":"https:\/\/pressactu.com\/index.php?rest_route=\/wp\/v2\/posts\/129876","targetHints":{"allow":["GET"]}}],"collection":[{"href":"https:\/\/pressactu.com\/index.php?rest_route=\/wp\/v2\/posts"}],"about":[{"href":"https:\/\/pressactu.com\/index.php?rest_route=\/wp\/v2\/types\/post"}],"author":[{"embeddable":true,"href":"https:\/\/pressactu.com\/index.php?rest_route=\/wp\/v2\/users\/1"}],"replies":[{"embeddable":true,"href":"https:\/\/pressactu.com\/index.php?rest_route=%2Fwp%2Fv2%2Fcomments&post=129876"}],"version-history":[{"count":0,"href":"https:\/\/pressactu.com\/index.php?rest_route=\/wp\/v2\/posts\/129876\/revisions"}],"wp:featuredmedia":[{"embeddable":true,"href":"https:\/\/pressactu.com\/index.php?rest_route=\/wp\/v2\/media\/129877"}],"wp:attachment":[{"href":"https:\/\/pressactu.com\/index.php?rest_route=%2Fwp%2Fv2%2Fmedia&parent=129876"}],"wp:term":[{"taxonomy":"category","embeddable":true,"href":"https:\/\/pressactu.com\/index.php?rest_route=%2Fwp%2Fv2%2Fcategories&post=129876"},{"taxonomy":"post_tag","embeddable":true,"href":"https:\/\/pressactu.com\/index.php?rest_route=%2Fwp%2Fv2%2Ftags&post=129876"},{"taxonomy":"author","embeddable":true,"href":"https:\/\/pressactu.com\/index.php?rest_route=%2Fwp%2Fv2%2Fcoauthors&post=129876"}],"curies":[{"name":"wp","href":"https:\/\/api.w.org\/{rel}","templated":true}]}}