{"id":129873,"date":"2026-04-28T06:31:04","date_gmt":"2026-04-28T06:31:04","guid":{"rendered":"https:\/\/pressactu.com\/?p=129873"},"modified":"2026-04-28T06:31:04","modified_gmt":"2026-04-28T06:31:04","slug":"portrait-on-le-prend-avec-nous-pour-boire-un-coup-mascotte-du-fenix-toulouse-handball-pierre-jean-suit-les-joueurs-jusquau-bout-de-la-nuit","status":"publish","type":"post","link":"https:\/\/pressactu.com\/?p=129873","title":{"rendered":"PORTRAIT. &quot;On le prend avec nous pour boire un coup&quot;\u00a0: mascotte du Fenix Toulouse Handball, Pierre-Jean suit les joueurs jusqu\u2019au bout de la nuit"},"content":{"rendered":"<p>\n                                                                    <span class=\"article-full__chapo-label hide-on-small-only\">l&#8217;essentiel<\/span><br \/>\n                                                                Supporter inconditionnel du Toulouse M\u00e9tropole Basket et du Fenix Handball, Pierre-Jean Attane a tiss\u00e9 des liens particuliers avec plusieurs handballeurs du club toulousain. Il voue notamment une affection particuli\u00e8re pour son \u00ab\u00a0chouchou\u00a0\u00bb, l\u2019ailier gauche et capitaine Nemanja Ilic. Pour les joueurs, il est devenu source de motivation et m\u00eame une mascotte\u00a0: il les suit dans les troisi\u00e8mes mi-temps. Portrait.\n                            <\/p>\n<div rel=\"js-article-content\" data-state=\"fixed-height\" data-selection=\"disabled\">\n                                                                                                                            <!-- Pub DFP Position [outstream] --><\/p>\n<p><span><span><span><span><span><span><span><span><span><span><span><span><span><span><span><span><span><span><span><span><span>&#8220;Quand j\u2019ai emm\u00e9nag\u00e9 aux Minimes, mon p\u00e8re m\u2019a dit que le Palais des sports n\u2019\u00e9tait pas loin, alors j\u2019ai d\u00e9cid\u00e9 d\u2019y aller pour voir un match du Fenix&#8221;, rembobine Pierre-Jean Attane. Depuis\u00a0? &#8220;Je n\u2019en ai quasiment rat\u00e9 aucun&#8221;, rigole notre dr\u00f4le de supporter. Abonn\u00e9 depuis plus de quinze ans, il fait aujourd\u2019hui partie de ceux que tout le monde salue \u00e0 chaque rencontre des Toulousains au Palais des sports. Et c\u2019est la m\u00eame chose au &#8220;petit&#8221; palais quand &#8220;son autre club de c\u0153ur&#8221;, le Toulouse M\u00e9tropole Basket (Ligue f\u00e9minine), y \u00e9volue. &#8220;J\u2019ai de bons contacts avec tout le monde, mais plus encore avec la capitaine Margot de Freitas&#8221;, sourit celui qui, dix jours apr\u00e8s sa naissance, il y a 42 ans \u00e0 Toulouse, est devenu infirme moteur et c\u00e9r\u00e9bral. Depuis, il est contraint de se d\u00e9placer en fauteuil, sauf pour les petits trajets o\u00f9 il utilise une canne. &#8220;Il est toujours porte 4 et on a un rituel \u00e0 chaque d\u00e9but d\u2019\u00e9chauffement en \u00e9changeant un signe de la main&#8221;, sourit Nemanja Ilic. &#8220;Lui, c\u2019est mon chouchou, le meilleur joueur que j\u2019ai vu&#8221;, s\u2019extasie Pierre-Jean en \u00e9voquant le capitaine du Fenix, arriv\u00e9 de sa Serbie natale en 2013. &#8220;Il est rapidement venu me voir, on a beaucoup \u00e9chang\u00e9, et depuis c\u2019est devenu une personne de confiance. J\u2019ai son maillot et sa chemise officielle que je mets \u00e0 tous les matchs\u00a0!&#8221;<\/span><\/span><\/span><\/span><\/span><\/span><\/span><\/span><\/span><\/span><\/span><\/span><\/span><\/span><\/span><\/span><\/span><\/span><\/span><\/span><\/span><\/p>\n<p><!-- Pub DFP Position [article] --><\/p>\n<h2 class=\"txt-int\">&#8220;Quand il va arr\u00eater, j\u2019ai peur d\u2019entrer en d\u00e9pression&#8221;<\/h2>\n<p><span><span><span><span><span><span><span><span><span><span><span><span><span><span><span><span><span><span>&#8220;Je connais bien tous les joueurs, ils m\u2019int\u00e8grent souvent \u00e0 ce qu\u2019ils font, on a d\u00e9j\u00e0 partag\u00e9 des soir\u00e9es en ville, mais c\u2019est vrai que j\u2019ai une relation particuli\u00e8re avec &#8216;Ike&#8217; (le surnom du capitaine toulousain, NDLR). Franchement, le jour o\u00f9 il va arr\u00eater, j\u2019ai peur de faire une d\u00e9pression&#8221;, se marre Pierre-Jean. \u00c0 bient\u00f4t 36 ans, Ilic a d\u00e9j\u00e0 pris sa retraite internationale et la question se posera forc\u00e9ment dans les ann\u00e9es \u00e0 venir, &#8220;mais je vais faire en sorte qu\u2019il reste dans l\u2019entourage du club&#8221;, plaisante ce gestionnaire administratif au sein de la R\u00e9gion, plus sp\u00e9cifiquement charg\u00e9 de l\u2019orientation scolaire. &#8220;Il fait tellement de choses pour moi que, quand il joue, j\u2019ai l\u2019impression d\u2019\u00eatre sur le terrain&#8221;, l\u00e2che-t-il, \u00e9mu. Une tendresse partag\u00e9e. &#8220;Franchement, on aime tous bien passer du temps avec lui\u00a0: c\u2019est un mec qui a toujours le sourire, tout le temps de bonne humeur, qui a beaucoup d\u2019humour. On le prend souvent avec nous boire un coup apr\u00e8s les matchs pour f\u00eater les victoires&#8221;, d\u00e9voile Ilic. Dans un monde o\u00f9 les sportifs de haut niveau sont d\u2019ordinaire surtout enclins \u00e0 se prot\u00e9ger, Pierre-Jean, au contraire, a eu la chance, lui, de vivre des moments rares et privil\u00e9gi\u00e9s\u00a0: &#8220;Je me souviens qu\u2019il m\u2019avait dit que son r\u00eave, c\u2019\u00e9tait de marquer un but au Palais (des sports, NDLR), alors un jour, apr\u00e8s un entra\u00eenement, on l\u2019a mis au milieu du terrain sur son fauteuil et, \u00e0 pleine vitesse, il s\u2019est rapproch\u00e9 des cages pour marquer\u00a0: il \u00e9tait tout content et nous aussi\u00a0!&#8221;<\/span><\/span><\/span><\/span><\/span><\/span><\/span><\/span><\/span><\/span><\/span><\/span><\/span><\/span><\/span><\/span><\/span><\/span><\/p>\n<p class=\"std-elt__inline\">\n        <strong>\u00c0 lire aussi :<\/strong><br \/>\n        <a href=\"\/2025\/11\/13\/stado-qui-se-cache-derriere-le-super-supporter-ce-tarbais-qui-anime-les-matchs-avec-passion-et-dynamisme-13045926.php\">Stado\u00a0: Qui se cache derri\u00e8re le &#8220;Super Supporter &#8221;\u00a0? Ce Tarbais qui anime les matchs avec passion et dynamisme<\/a>\n    <\/p>\n<h2 class=\"txt-int\"><span><span><span><span><span><span><span><span><span><span><span><span><span><span><span><span><span><span>En guest star sur une vid\u00e9o du Fenix\u2026<\/span><\/span><\/span><\/span><\/span><\/span><\/span><\/span><\/span><\/span><\/span><\/span><\/span><\/span><\/span><\/span><\/span><\/span><\/h2>\n<p><span><span><span><span><span><span><span><span><span><span><span><span><span><span><span><span><span><span>Ces souvenirs \u2013 &#8220;grav\u00e9s pour toujours&#8221; \u2013 Pierre-Jean en a accumul\u00e9 un certain nombre, aussi bien avec le Fenix qu\u2019avec le TMB. &#8220;C\u2019est un peu comme une famille pour moi&#8221;, dit-il \u00e0 propos des deux clubs. Logique, finalement, qu\u2019il ait donc \u00e9t\u00e9 convi\u00e9 l\u2019\u00e9t\u00e9 dernier par le Fenix pour la traditionnelle photo de pr\u00e9sentation des maillots, tourn\u00e9e place du Capitole. On l\u2019y voit entour\u00e9 des joueurs et des proches du club, &#8220;des \u00e9toiles plein les yeux&#8221;. &#8220;En plus du clin d\u2019\u0153il sur l\u2019inclusion, qui fait partie des th\u00e9matiques de notre fonds de dotation, on tenait vraiment \u00e0 le faire participer, car c\u2019est un fid\u00e8le du club&#8221;, explique Anthony Baquer, charg\u00e9 de communication au Fenix\u00a0: &#8220;On le c\u00f4toie r\u00e9guli\u00e8rement, il nous suit de pr\u00e8s, comme il le fait avec le TMB. C\u2019est un mec en or, super agr\u00e9able. On essaie de lui rendre ce qu\u2019il nous donne par sa passion.&#8221; &#8220;Cette vid\u00e9o, c\u2019est un cadeau incroyable&#8221;, acquiesce l\u2019int\u00e9ress\u00e9. Et s\u2019il pr\u00e9f\u00e8re d\u00e9finitivement les sports de salle, ce dernier nous a quand m\u00eame annonc\u00e9 son objectif pour la saison prochaine\u00a0: aller voir &#8220;trois matchs&#8221; des filles du TFC, qui viennent de valider leur accession en premi\u00e8re division. Et agrandir la famille, peut-\u00eatre bien\u2026<\/span><\/span><\/span><\/span><\/span><\/span><\/span><\/span><\/span><\/span><\/span><\/span><\/span><\/span><\/span><\/span><\/span><\/span><\/p>\n<\/p><\/div>\n<p><a href=\"https:\/\/www.ladepeche.fr\/2026\/04\/28\/portrait-on-le-prend-avec-nous-pour-boire-un-coup-mascotte-du-fenix-toulouse-handball-pierre-jean-suit-les-joueurs-jusquau-bout-de-la-nuit-13345678.php\">source<\/a><\/p>\n","protected":false},"excerpt":{"rendered":"<p>l&#8217;essentiel Supporter inconditionnel du Toulouse M\u00e9tropole Basket et du Fenix Handball, Pierre-Jean Attane a tiss\u00e9 des liens particuliers avec plusieurs handballeurs du club toulousain. Il voue notamment une affection particuli\u00e8re pour son \u00ab\u00a0chouchou\u00a0\u00bb, l\u2019ailier gauche et capitaine Nemanja Ilic. Pour les joueurs, il est devenu source de motivation et m\u00eame une mascotte\u00a0: il les suit [&hellip;]<\/p>\n","protected":false},"author":1,"featured_media":129874,"comment_status":"open","ping_status":"open","sticky":false,"template":"","format":"standard","meta":{"_monsterinsights_skip_tracking":false,"_monsterinsights_sitenote_active":false,"_monsterinsights_sitenote_note":"","_monsterinsights_sitenote_category":0,"footnotes":""},"categories":[71],"tags":[],"coauthors":[77],"class_list":["post-129873","post","type-post","status-publish","format-standard","has-post-thumbnail","hentry","category-sport"],"aioseo_notices":[],"_links":{"self":[{"href":"https:\/\/pressactu.com\/index.php?rest_route=\/wp\/v2\/posts\/129873","targetHints":{"allow":["GET"]}}],"collection":[{"href":"https:\/\/pressactu.com\/index.php?rest_route=\/wp\/v2\/posts"}],"about":[{"href":"https:\/\/pressactu.com\/index.php?rest_route=\/wp\/v2\/types\/post"}],"author":[{"embeddable":true,"href":"https:\/\/pressactu.com\/index.php?rest_route=\/wp\/v2\/users\/1"}],"replies":[{"embeddable":true,"href":"https:\/\/pressactu.com\/index.php?rest_route=%2Fwp%2Fv2%2Fcomments&post=129873"}],"version-history":[{"count":0,"href":"https:\/\/pressactu.com\/index.php?rest_route=\/wp\/v2\/posts\/129873\/revisions"}],"wp:featuredmedia":[{"embeddable":true,"href":"https:\/\/pressactu.com\/index.php?rest_route=\/wp\/v2\/media\/129874"}],"wp:attachment":[{"href":"https:\/\/pressactu.com\/index.php?rest_route=%2Fwp%2Fv2%2Fmedia&parent=129873"}],"wp:term":[{"taxonomy":"category","embeddable":true,"href":"https:\/\/pressactu.com\/index.php?rest_route=%2Fwp%2Fv2%2Fcategories&post=129873"},{"taxonomy":"post_tag","embeddable":true,"href":"https:\/\/pressactu.com\/index.php?rest_route=%2Fwp%2Fv2%2Ftags&post=129873"},{"taxonomy":"author","embeddable":true,"href":"https:\/\/pressactu.com\/index.php?rest_route=%2Fwp%2Fv2%2Fcoauthors&post=129873"}],"curies":[{"name":"wp","href":"https:\/\/api.w.org\/{rel}","templated":true}]}}