{"id":129871,"date":"2026-04-28T05:21:45","date_gmt":"2026-04-28T05:21:45","guid":{"rendered":"https:\/\/pressactu.com\/?p=129871"},"modified":"2026-04-28T05:21:45","modified_gmt":"2026-04-28T05:21:45","slug":"audiovisuel-public-le-rapport-du-depute-charles-alloncle-est-adopte-par-les-deputes-apres-plus-de-quatre-heures-de-debat","status":"publish","type":"post","link":"https:\/\/pressactu.com\/?p=129871","title":{"rendered":"Audiovisuel public\u00a0: le rapport du d\u00e9put\u00e9 Charles Alloncle est adopt\u00e9 par les d\u00e9put\u00e9s apr\u00e8s plus de quatre heures de d\u00e9bat"},"content":{"rendered":"<p>\n                                                                    <span class=\"article-full__chapo-label hide-on-small-only\">l&#8217;essentiel<\/span><br \/>\n                                                                Apr\u00e8s des mois de d\u00e9bats sous tr\u00e8s haute tension, le rapport sur l\u2019audiovisuel public r\u00e9dig\u00e9 par le d\u00e9put\u00e9 UDR Charles Alloncle a \u00e9t\u00e9 vot\u00e9 ce lundi 27\u00a0avril par ses coll\u00e8gues de la commission d\u2019enqu\u00eate.\n                            <\/p>\n<div rel=\"js-article-content\">\n                                                                                                                            <!-- Pub DFP Position [outstream] --><\/p>\n<p>Apr\u00e8s plus de quatre heures de d\u00e9bat, la commission a finalement adopt\u00e9 le rapport de Charles Alloncle au terme d\u2019un vote serr\u00e9\u00a0: 12 voix &#8220;pour&#8221; et 10 &#8220;contre&#8221;. Le texte sera donc rendu public le 4\u00a0mai prochain.<\/p>\n<p><!-- Pub DFP Position [article] --><\/p>\n<p>Adopt\u00e9 ce lundi 27\u00a0avril par la commission d\u2019enqu\u00eate parlementaire sur l\u2019audiovisuel public, le rapport pilot\u00e9 par le d\u00e9put\u00e9 UDR propose une refonte profonde du paysage audiovisuel public fran\u00e7ais, avec des mesures particuli\u00e8rement radicales visant \u00e0 r\u00e9duire ses co\u00fbts, restructurer ses cha\u00eenes et renforcer le contr\u00f4le politique sur sa gouvernance.<\/p>\n<p class=\"std-elt__inline\">\n        <strong>\u00c0 lire aussi :<\/strong><br \/>\n        <a href=\"\/2026\/04\/27\/commission-denquete-sur-laudiovisuel-public-proposition-de-loi-censure-que-va-devenir-le-rapport-de-charles-alloncle-13345450.php\">Commission d\u2019enqu\u00eate sur l\u2019audiovisuel public : proposition de loi, censure&#8230; que va devenir le rapport de Charles Alloncle ?<\/a>\n    <\/p>\n<h2 class=\"txt-int\">L\u2019ouverture \u00e0 une futur proposition de loi<\/h2>\n<p>Les travaux de cette commission, lanc\u00e9e fin 2025, ont \u00e9t\u00e9 marqu\u00e9s par de fortes tensions politiques, plusieurs auditions controvers\u00e9es et des critiques r\u00e9p\u00e9t\u00e9es sur la m\u00e9thode employ\u00e9e par le rapporteur. Certaines figures du secteur audiovisuel, comme Xavier Niel ou Nagui, ont publiquement d\u00e9nonc\u00e9 ce qu\u2019ils consid\u00e9raient comme une instrumentalisation id\u00e9ologique de la commission.<\/p>\n<p class=\"std-elt__inline\">\n        <strong>\u00c0 lire aussi :<\/strong><br \/>\n        <a href=\"\/2026\/04\/02\/cirque-fake-news-et-fausses-accusations-echanges-tres-tendus-entre-xavier-niel-et-le-rapporteur-de-la-commission-denquete-sur-laudiovisuel-public-13306468.php\">&#8220;Cirque&#8221;, &#8220;fake news&#8221; et &#8220;fausses accusations&#8221; : \u00e9changes tr\u00e8s tendus entre Xavier Niel et le rapporteur de la commission d\u2019enqu\u00eate sur l\u2019audiovisuel public Charles Alloncle<\/a>\n    <\/p>\n<p>Bien que l\u2019adoption du rapport constitue une \u00e9tape politique importante, ses recommandations ne sont pas automatiquement applicables. Elles pourraient n\u00e9anmoins servir de base \u00e0 une future proposition de loi port\u00e9e par le groupe UDR dans les prochains mois, relan\u00e7ant le d\u00e9bat sur l\u2019avenir, le financement et l\u2019ind\u00e9pendance de l\u2019audiovisuel public en France.<\/p>\n<p><em>Plus d\u2019informations \u00e0 venir\u2026<\/em><\/p>\n<\/p><\/div>\n<p><a href=\"https:\/\/www.ladepeche.fr\/2026\/04\/27\/audiovisuel-public-le-rapport-du-depute-charles-alloncle-est-adopte-par-les-deputes-apres-plus-de-quatre-heures-de-debat-13346252.php\">source<\/a><\/p>\n","protected":false},"excerpt":{"rendered":"<p>l&#8217;essentiel Apr\u00e8s des mois de d\u00e9bats sous tr\u00e8s haute tension, le rapport sur l\u2019audiovisuel public r\u00e9dig\u00e9 par le d\u00e9put\u00e9 UDR Charles Alloncle a \u00e9t\u00e9 vot\u00e9 ce lundi 27\u00a0avril par ses coll\u00e8gues de la commission d\u2019enqu\u00eate. Apr\u00e8s plus de quatre heures de d\u00e9bat, la commission a finalement adopt\u00e9 le rapport de Charles Alloncle au terme d\u2019un [&hellip;]<\/p>\n","protected":false},"author":1,"featured_media":129872,"comment_status":"open","ping_status":"open","sticky":false,"template":"","format":"standard","meta":{"_monsterinsights_skip_tracking":false,"_monsterinsights_sitenote_active":false,"_monsterinsights_sitenote_note":"","_monsterinsights_sitenote_category":0,"footnotes":""},"categories":[74],"tags":[],"coauthors":[77],"class_list":["post-129871","post","type-post","status-publish","format-standard","has-post-thumbnail","hentry","category-economie"],"aioseo_notices":[],"_links":{"self":[{"href":"https:\/\/pressactu.com\/index.php?rest_route=\/wp\/v2\/posts\/129871","targetHints":{"allow":["GET"]}}],"collection":[{"href":"https:\/\/pressactu.com\/index.php?rest_route=\/wp\/v2\/posts"}],"about":[{"href":"https:\/\/pressactu.com\/index.php?rest_route=\/wp\/v2\/types\/post"}],"author":[{"embeddable":true,"href":"https:\/\/pressactu.com\/index.php?rest_route=\/wp\/v2\/users\/1"}],"replies":[{"embeddable":true,"href":"https:\/\/pressactu.com\/index.php?rest_route=%2Fwp%2Fv2%2Fcomments&post=129871"}],"version-history":[{"count":0,"href":"https:\/\/pressactu.com\/index.php?rest_route=\/wp\/v2\/posts\/129871\/revisions"}],"wp:featuredmedia":[{"embeddable":true,"href":"https:\/\/pressactu.com\/index.php?rest_route=\/wp\/v2\/media\/129872"}],"wp:attachment":[{"href":"https:\/\/pressactu.com\/index.php?rest_route=%2Fwp%2Fv2%2Fmedia&parent=129871"}],"wp:term":[{"taxonomy":"category","embeddable":true,"href":"https:\/\/pressactu.com\/index.php?rest_route=%2Fwp%2Fv2%2Fcategories&post=129871"},{"taxonomy":"post_tag","embeddable":true,"href":"https:\/\/pressactu.com\/index.php?rest_route=%2Fwp%2Fv2%2Ftags&post=129871"},{"taxonomy":"author","embeddable":true,"href":"https:\/\/pressactu.com\/index.php?rest_route=%2Fwp%2Fv2%2Fcoauthors&post=129871"}],"curies":[{"name":"wp","href":"https:\/\/api.w.org\/{rel}","templated":true}]}}