{"id":129869,"date":"2026-04-28T04:50:38","date_gmt":"2026-04-28T04:50:38","guid":{"rendered":"https:\/\/pressactu.com\/?p=129869"},"modified":"2026-04-28T04:50:38","modified_gmt":"2026-04-28T04:50:38","slug":"les-clefs-de-saint-pierre-ouvrent-les-portes-a-la-musique-du-xxe-siecle","status":"publish","type":"post","link":"https:\/\/pressactu.com\/?p=129869","title":{"rendered":"Les Clefs de Saint-Pierre ouvrent les portes \u00e0 la musique du XXe\u00a0si\u00e8cle"},"content":{"rendered":"<p>\n                                                                    <span class=\"article-full__chapo-label hide-on-small-only\">l&#8217;essentiel<\/span><br \/>\n                                                                Pour clore sa saison de musique de chambre, l\u2019association Internotes d\u00e9localise Les Clefs de Saint-Pierre, le 11\u00a0mai, au mus\u00e9e des Abattoirs \u00e0 Toulouse, avec de grands compositeurs du XXe\u00a0si\u00e8cle.\n                            <\/p>\n<div rel=\"js-article-content\">\n                                                                                                                            <!-- Pub DFP Position [outstream] --><\/p>\n<p>Si proche et en m\u00eame temps moins connue que celle des p\u00e9riodes\u00a0pr\u00e9c\u00e9dentes, la musique du XX<sup>e<\/sup>\u00a0si\u00e8cle sera\u00a0\u00e0 l\u2019affiche des\u00a0<a href=\"https:\/\/lesclefsdesaintpierre.org\/programmation\/cuivres-marteles\/#\/\" target=\"_blank\">Clefs de Saint-Pierre<\/a>, le 11\u00a0mai. Pour son dernier concert de la saison, l\u2019association Internotes, qui regroupe des musiciens de l\u2019Orchestre national du Capitole, en formation de chambre, quitte l\u2019auditorium Saint-Pierre des Cuisines pour s\u2019installer au mus\u00e9e des Abattoirs.<\/p>\n<p><!-- Pub DFP Position [article] --><\/p>\n<p class=\"std-elt__inline\">\n        <strong>\u00c0 lire aussi :<\/strong><br \/>\n        <a href=\"\/2026\/03\/25\/roberto-alagna-juliette-mey-tout-ce-quil-faut-savoir-sur-la-nouvelle-saison-de-lopera-du-capitole-des-septembre-13281174.php\">Roberto Alagna, Juliette Mey\u00a0: tout ce qu\u2019il faut savoir sur la nouvelle saison de l\u2019Op\u00e9ra du Capitole d\u00e8s septembre<\/a>\n    <\/p>\n<p>Le programme intitul\u00e9\u00a0&#8220;Les Cuivres martel\u00e9s&#8221;\u00a0abordera les \u0153uvres de\u00a0Ricardo Moll\u00e1 (&#8220;Diamond hands&#8221;), Georges Enesco (&#8220;L\u00e9gende&#8221;), Henri Tomasi (&#8220;Marine et Clairi\u00e8re&#8221;, extrait de &#8220;Paysages&#8221;), \u00c9ric Ewazen (&#8220;Pastorale&#8221;), Henri Tomasi (extraits de &#8220;Concerto pour trombone&#8221;) et Jacques Cast\u00e9r\u00e8de (&#8220;Concertino pour trompette et trombone&#8221;).<\/p>\n<p>&#8220;Si on y retrouve des compositeurs embl\u00e9matiques de la musique du XX<sup>e<\/sup>\u00a0si\u00e8cle comme Georges Enesco ou Henri Tomasi, dont les paysages sonores sont \u00e9vocateurs et m\u00e9ditatifs, on a h\u00e2te de partir \u00e0 la d\u00e9couverte des lignes douces d\u2019\u00c9ric Ewazen ou de la cr\u00e9ativit\u00e9 de Ricardo Moll\u00e1&#8221;, s\u2019enthousiasme la tromboniste Louise Ognois, qui a\u00a0int\u00e9gr\u00e9 en 2023\u00a0l\u2019Orchestre national du Capitole en tant que trombone solo.\u00a0&#8220;Le trombone et la trompette prennent \u00e9galement une dimension th\u00e9\u00e2trale dans le Concertino de Cast\u00e9r\u00e8de, dans lequel on pourra admirer les cuivres dans tous leurs \u00e9clats.&#8221;<\/p>\n<p class=\"std-elt__inline\">\n        <strong>\u00c0 lire aussi :<\/strong><br \/>\n        <a href=\"\/2026\/04\/10\/hommage-a-cesaria-evora-escale-a-cuba-et-tour-du-monde-musical-des-iles-en-40-concerts-avec-rio-loco-13317611.php\">Hommage \u00e0 Ces\u00e1ria Evora, escale \u00e0 Cuba et tour du monde musical des \u00eeles en 40 concerts avec Rio Loco<\/a>\n    <\/p>\n<p>La jeune musicienne sera accompagn\u00e9e du trompettiste Thomas Pesquet, qui est aussi\u00a0cornet solo\u00a0au sein de la formation toulousaine, ainsi que de Jean-S\u00e9bastien Borsarello, qui occupe le poste de timbalier solo mais qui jouera\u00a0du piano \u00e0 cette occasion, un instrument qu\u2019il pratique depuis l\u2019\u00e2ge de 5 ans.<\/p>\n<footer class=\"txt-note\">Lundi 11\u00a0mai \u00e0 20\u00a0h, \u00e0 l\u2019auditorium du mus\u00e9e des Abattoirs (76, all\u00e9es Charles-de-Fitte) \u00e0\u00a0Toulouse. Tarif\u00a0: 25\u00a0\u20ac. lesclefsdesaintpierre.org<\/footer>\n<\/p><\/div>\n<p><a href=\"https:\/\/www.ladepeche.fr\/2026\/04\/28\/les-clefs-de-saint-pierre-ouvrent-les-portes-a-la-musique-du-xxe-siecle-13345716.php\">source<\/a><\/p>\n","protected":false},"excerpt":{"rendered":"<p>l&#8217;essentiel Pour clore sa saison de musique de chambre, l\u2019association Internotes d\u00e9localise Les Clefs de Saint-Pierre, le 11\u00a0mai, au mus\u00e9e des Abattoirs \u00e0 Toulouse, avec de grands compositeurs du XXe\u00a0si\u00e8cle. Si proche et en m\u00eame temps moins connue que celle des p\u00e9riodes\u00a0pr\u00e9c\u00e9dentes, la musique du XXe\u00a0si\u00e8cle sera\u00a0\u00e0 l\u2019affiche des\u00a0Clefs de Saint-Pierre, le 11\u00a0mai. Pour son [&hellip;]<\/p>\n","protected":false},"author":1,"featured_media":129870,"comment_status":"open","ping_status":"open","sticky":false,"template":"","format":"standard","meta":{"_monsterinsights_skip_tracking":false,"_monsterinsights_sitenote_active":false,"_monsterinsights_sitenote_note":"","_monsterinsights_sitenote_category":0,"footnotes":""},"categories":[1],"tags":[],"coauthors":[77],"class_list":["post-129869","post","type-post","status-publish","format-standard","has-post-thumbnail","hentry","category-a-la-une"],"aioseo_notices":[],"_links":{"self":[{"href":"https:\/\/pressactu.com\/index.php?rest_route=\/wp\/v2\/posts\/129869","targetHints":{"allow":["GET"]}}],"collection":[{"href":"https:\/\/pressactu.com\/index.php?rest_route=\/wp\/v2\/posts"}],"about":[{"href":"https:\/\/pressactu.com\/index.php?rest_route=\/wp\/v2\/types\/post"}],"author":[{"embeddable":true,"href":"https:\/\/pressactu.com\/index.php?rest_route=\/wp\/v2\/users\/1"}],"replies":[{"embeddable":true,"href":"https:\/\/pressactu.com\/index.php?rest_route=%2Fwp%2Fv2%2Fcomments&post=129869"}],"version-history":[{"count":0,"href":"https:\/\/pressactu.com\/index.php?rest_route=\/wp\/v2\/posts\/129869\/revisions"}],"wp:featuredmedia":[{"embeddable":true,"href":"https:\/\/pressactu.com\/index.php?rest_route=\/wp\/v2\/media\/129870"}],"wp:attachment":[{"href":"https:\/\/pressactu.com\/index.php?rest_route=%2Fwp%2Fv2%2Fmedia&parent=129869"}],"wp:term":[{"taxonomy":"category","embeddable":true,"href":"https:\/\/pressactu.com\/index.php?rest_route=%2Fwp%2Fv2%2Fcategories&post=129869"},{"taxonomy":"post_tag","embeddable":true,"href":"https:\/\/pressactu.com\/index.php?rest_route=%2Fwp%2Fv2%2Ftags&post=129869"},{"taxonomy":"author","embeddable":true,"href":"https:\/\/pressactu.com\/index.php?rest_route=%2Fwp%2Fv2%2Fcoauthors&post=129869"}],"curies":[{"name":"wp","href":"https:\/\/api.w.org\/{rel}","templated":true}]}}