{"id":129855,"date":"2026-04-28T03:10:27","date_gmt":"2026-04-28T03:10:27","guid":{"rendered":"https:\/\/pressactu.com\/?p=129855"},"modified":"2026-04-28T03:10:27","modified_gmt":"2026-04-28T03:10:27","slug":"direct-guerre-en-ukraine-un-mort-dans-une-frappe-de-drone-pres-de-la-centrale-nucleaire-controlee-par-moscou","status":"publish","type":"post","link":"https:\/\/pressactu.com\/?p=129855","title":{"rendered":"DIRECT. Guerre en Ukraine : un mort dans une frappe de drone pr\u00e8s de la centrale nucl\u00e9aire contr\u00f4l\u00e9e par Moscou"},"content":{"rendered":"<div id=\"live_post_EVMOHNQLVS4U86O\"><span class=\"live-post__date\">22h36.<\/span><\/p>\n<div class=\"live-post__content\">\n<h2 class=\"live-post__title\">C&#8217;est la fin de ce direct<\/h2>\n<p class=\"live-post__amorce\">Merci de nous avoir suivi<\/p>\n<\/div>\n<\/div>\n<div id=\"live_post_EVMOHKC8NTHJT1D\"><span class=\"live-post__date\">21h01.<\/span><\/p>\n<div class=\"live-post__content\">\n<h2 class=\"live-post__title\">Le chancelier allemand sugg\u00e8re que l\u2019Ukraine pourrait c\u00e9der du territoire pour garantir la paix et son chemin vers l\u2019UE<\/h2>\n<p class=\"live-post__amorce\">Le chancelier allemand Friedrich Merz a d\u00e9clar\u00e9 que l&#8217;Ukraine pourrait perdre du territoire pour parvenir \u00e0 un accord de paix avec la Russie, mais a laiss\u00e9 entendre que cela pourrait ouvrir la voie \u00e0 une adh\u00e9sion \u00e0 l&#8217;UE. &#8220;J\u2019esp\u00e8re qu\u2019un trait\u00e9 de paix avec la Russie sera finalement conclu. Alors, il est possible qu\u2019une partie du territoire ukrainien ne soit plus ukrainienne&#8221;, a d\u00e9clar\u00e9 Merz lors d\u2019une discussion avec des \u00e9tudiants dans la ville allemande de Marsberg. <\/p>\n<p class=\"live-post__amorce\">Le chancelier a d\u00e9clar\u00e9 que le pr\u00e9sident Volodymyr Zelensky aurait besoin d&#8217;une majorit\u00e9 par r\u00e9f\u00e9rendum pour une telle mesure.  <\/p>\n<p class=\"live-post__amorce\">La Russie occupe actuellement environ 20 % du territoire ukrainien et exige que Kiev c\u00e8de des terres suppl\u00e9mentaires dans l&#8217;oblast de Donetsk pour conclure un accord de cessez-le-feu.<\/p>\n<\/div>\n<\/div>\n<div id=\"live_post_EVMOHKA45D6V6MY\"><span class=\"live-post__date\">20h05.<\/span><\/p>\n<div class=\"live-post__content\">\n<h2 class=\"live-post__title\">&#8220;La Russie veut notre territoire pour pouvoir s&#8217;emparer des territoires des autres&#8221;, alerte Zelensky<\/h2>\n<p class=\"live-post__amorce\">Le pr\u00e9sident ukrainien a mis en garde les pays Europ\u00e9ens sur X concernant la mainmise de la Russie \u00e0 l&#8217;\u00e9gard de leurs territoires : &#8220;Il est tout aussi important, en particulier pour l&#8217;Europe, que tous les partenaires se souviennent que l&#8217;Ukraine ne d\u00e9fend pas seulement elle-m\u00eame dans cette guerre. La Russie veut notre territoire pour pouvoir s&#8217;emparer des territoires des autres. Si elle r\u00e9ussit avec un pays \u2013 un voisin \u2013 elle fera de m\u00eame avec les autres&#8221;, avertit-il sur X.<\/p>\n<div class=\"extemb-container\">\n<blockquote data-class=\"twitter-tweet\">\n<p lang=\"en\" dir=\"ltr\">Ukraine always expresses its gratitude and always remembers clearly who supported us and how after this war began. But it is equally important, especially for Europe, that all partners remember that Ukraine is defending not only itself in this war. Russia wants our territory so\u2026 <a href=\"https:\/\/t.co\/Z6CzerAjSx\">pic.twitter.com\/Z6CzerAjSx<\/a><\/p>\n<p>\u2014 Volodymyr Zelenskyy \/ \u0412\u043e\u043b\u043e\u0434\u0438\u043c\u0438\u0440 \u0417\u0435\u043b\u0435\u043d\u0441\u044c\u043a\u0438\u0439 (@ZelenskyyUa) <a href=\"https:\/\/twitter.com\/ZelenskyyUa\/status\/2048814909513666848?ref_src=twsrc%5Etfw\">April 27, 2026<\/a><\/p><\/blockquote><\/div>\n<\/div>\n<\/div>\n<div id=\"live_post_EVMOHG8XU5UJGJ0\"><span class=\"live-post__date\">19h06.<\/span><\/p>\n<div class=\"live-post__content\">\n<h2 class=\"live-post__title\">&#8220;Quand allons-nous nous battre pour de vrai ?&#8221;\u2026 Un ancien haut grad\u00e9 russe \u00e9trille Vladimir Poutine sur sa gestion du conflit<\/h2>\n<p class=\"live-post__amorce\">Youri Balou\u00efevski, ancien chef d\u2019\u00e9tat-major des arm\u00e9es russes, a publiquement critiqu\u00e9 la conduite de la guerre en Ukraine par Vladimir Poutine. Dans un discours devant l\u2019Assembl\u00e9e nationale russe, le g\u00e9n\u00e9ral \u00e0 la retraite a fustig\u00e9 la strat\u00e9gie actuelle, d\u00e9non\u00e7ant une faiblesse qui, selon lui, menace l\u2019avenir de la Russie.<\/p>\n<p class=\"std-elt__inline\">\n        <strong>\u00c0 lire aussi :<\/strong><br \/>\n        <a href=\"\/2026\/04\/27\/guerre-en-ukraine-quand-allons-nous-nous-battre-pour-de-vrai-un-ancien-haut-grade-russe-etrille-vladimir-poutine-sur-sa-gestion-du-conflit-13345704.php\">Guerre en Ukraine\u00a0: &#8220;Quand allons-nous nous battre pour de vrai\u00a0?&#8221;\u2026 Un ancien haut grad\u00e9 russe \u00e9trille Vladimir Poutine sur sa gestion du conflit<\/a>\n    <\/p>\n<\/div>\n<\/div>\n<div id=\"live_post_EVMOHG7UXXYMGLS\"><span class=\"live-post__date\">18h40.<\/span><\/p>\n<div class=\"live-post__content\">\n<h2 class=\"live-post__title\">Trois navires russes et un MiG-31 endommag\u00e9s dans une attaque massive de drones en Crim\u00e9e<\/h2>\n<p class=\"live-post__amorce\">L\u2019Ukraine a men\u00e9 une offensive d\u2019envergure en Crim\u00e9e et en Russie dans la nuit du 26 avril, ciblant des infrastructures militaires et \u00e9nerg\u00e9tiques, selon le SBU.<\/p>\n<p class=\"std-elt__inline\">\n        <strong>\u00c0 lire aussi :<\/strong><br \/>\n        <a href=\"\/2026\/04\/27\/guerre-en-ukraine-trois-navires-russes-et-un-mig-31-endommages-dans-une-attaque-massive-de-drones-en-crimee-13345955.php\">Guerre en Ukraine\u00a0: trois navires russes et un MiG-31 endommag\u00e9s dans une attaque massive de drones en Crim\u00e9e<\/a>\n    <\/p>\n<\/div>\n<\/div>\n<div id=\"live_post_EVMOHG5EHTPWXUZ\"><span class=\"live-post__date\">18h20.<\/span><\/p>\n<div class=\"live-post__content\">\n<h2 class=\"live-post__title\">La Lituanie inculpe 13 personnes li\u00e9es \u00e0 la Russie pour tentative de meurtre et terrorisme<\/h2>\n<p class=\"live-post__amorce\">En Lituanie, treize individus li\u00e9s au renseignement militaire russe (GRU) ont \u00e9t\u00e9 inculp\u00e9s pour deux tentatives de meurtre et espionnage industriel. Ce r\u00e9seau, soup\u00e7onn\u00e9 de planifier des sabotages incendiaires contre du mat\u00e9riel militaire destin\u00e9 \u00e0 l&#8217;Ukraine, a d\u00e9j\u00e0 vu neuf de ses membres plac\u00e9s en d\u00e9tention, tandis que les quatre restants font l&#8217;objet d&#8217;un mandat d&#8217;arr\u00eat europ\u00e9en.<\/p>\n<\/div>\n<\/div>\n<div id=\"live_post_EVMOHG1RU5CJE6P\"><span class=\"live-post__date\">17h30.<\/span><\/p>\n<div class=\"live-post__content\">\n<h2 class=\"live-post__title\">L&#8217;UE\u00a0et la Hongrie doivent discuter cette semaine des r\u00e9formes n\u00e9cessaires au d\u00e9blocage des fonds gel\u00e9s<\/h2>\n<p class=\"live-post__amorce\">Face \u00e0 l&#8217;urgence budg\u00e9taire, la Commission europ\u00e9enne et P\u00e9ter Magyar engagent des discussions cruciales pour d\u00e9bloquer les fonds destin\u00e9s \u00e0 la Hongrie. Avec 11 milliards d&#8217;euros menac\u00e9s de forclusion d&#8217;ici la mi-ao\u00fbt, ces r\u00e9unions de la derni\u00e8re chance visent \u00e0 lever le gel des aides post-pand\u00e9mie.<\/p>\n<\/div>\n<\/div>\n<div id=\"live_post_EVMOH9UGUS6MMNU\"><span class=\"live-post__date\">16h07.<\/span><\/p>\n<div class=\"live-post__content\">\n<h2 class=\"live-post__title\">Les discussions autour d&#8217;une adh\u00e9sion de l&#8217;Ukraine au sein de l&#8217;UE relanc\u00e9es ?<\/h2>\n<p class=\"live-post__amorce\">La d\u00e9faite de Viktor Orban, ancien Premier ministre de Hongrie, lors des derni\u00e8res \u00e9lections l\u00e9gislatives, pourrait relancer le dossier de l&#8217;adh\u00e9sion de l&#8217;Ukraine au sein de l&#8217;UE. Ce processus d\u2019adh\u00e9sion, long et complexe, exige l\u2019unanimit\u00e9 des 27\u00a0Etats membres \u00e0 chaque nouvelle \u00e9tape. &#8220;L\u2019Ukraine a fait tout ce qui \u00e9tait n\u00e9cessaire pour l\u2019ouverture effective du premier chapitre et des autres chapitres&#8221;, a comment\u00e9 Guillaume Mercier, porte-parole de la Commission europ\u00e9enne charg\u00e9 de l\u2019\u00e9largissement. Cependant, &#8220;en ce qui concerne le calendrier, nous, la Commission, avons fait tout ce qui \u00e9tait possible sur le plan technique&#8221;, de sorte que c\u2019est maintenant au Conseil europ\u00e9en \u2013 soit les chefs d\u2019Etat et de gouvernement des Vingt-Sept \u2013 d\u2019ouvrir &#8220;le premier chapitre d\u00e8s qu\u2019il le souhaite&#8221;, reprend ce dernier. <\/p>\n<\/div>\n<\/div>\n<div id=\"live_post_EVMOH9MKKHD141W\"><span class=\"live-post__date\">16h01.<\/span><\/p>\n<div class=\"live-post__content\">\n<h2 class=\"live-post__title\">L&#8217;Allemagne accuse la Russie d&#8217;avoir pirat\u00e9 les comptes de pr\u00e8s de 300 personnalit\u00e9s sur ,la messagerie Signal<\/h2>\n<p class=\"live-post__amorce\">Des \u00e9lus, des personnalit\u00e9s publiques&#8230; Plus de 300 personnes qui utilisent la messagerie Signal, ont \u00e9t\u00e9 victimes de piratage. Selon l&#8217;hebdomadaire Der Speigel, Julia Kl\u00f6ckner, la pr\u00e9sidente du Bundestag, des journalistes et des collaborateurs du renseignement allemand, ont \u00e9t\u00e9 vis\u00e9s. Les autorit\u00e9s allemandes soup\u00e7onnent la Russie d&#8217;avoir foment\u00e9 cette attaque.<\/p>\n<\/div>\n<\/div>\n<div id=\"live_post_EVMOH79XNRENBC2\"><span class=\"live-post__date\">14h55.<\/span><\/p>\n<div class=\"live-post__content\">\n<h2 class=\"live-post__title\">Une frappe de drone tue un conducteur pr\u00e8s de la centrale nucl\u00e9aire de Zaporijia<\/h2>\n<p class=\"live-post__amorce\">Une frappe de drone pr\u00e8s de la centrale nucl\u00e9aire de Zaporijia, dans la zone d&#8217;Energodar occup\u00e9e par la Russie, a tu\u00e9 un homme, a annonc\u00e9 l&#8217;Agence internationale de l&#8217;\u00e9nergie atomique (AIEA) le 27 avril, rapporte  <a href=\"https:\/\/kyivindependent.com\/drone-strike-kills-driver-near-zaporizhzhia-nuclear-plant-iaea-reports\/\" target=\"_blank\" rel=\"noopener noreferrer nofollow\" class=\"\">Kyiv Independent<\/a> . L&#8217;agence a indiqu\u00e9 avoir \u00e9t\u00e9 inform\u00e9e que la gr\u00e8ve avait touch\u00e9 un atelier de transport situ\u00e9 pr\u00e8s du site, tuant un chauffeur. La centrale d&#8217;Enerhodar , situ\u00e9e dans le sud-est de l&#8217;Ukraine, est la plus grande centrale nucl\u00e9aire d&#8217;Europe et produisait environ 20 % de l&#8217;\u00e9lectricit\u00e9 ukrainienne avant que la Russie ne s&#8217;en empare en mars 2022.<\/p>\n<\/div>\n<\/div>\n<div id=\"live_post_EVMOH65SM2XHT9D\"><span class=\"live-post__date\">14h24.<\/span><\/p>\n<div class=\"live-post__content\">\n<h2 class=\"live-post__title\">La popularit\u00e9 de Vladimir Poutine chute en Russie et atteint son niveau le plus bas depuis quatre ans<\/h2>\n<p class=\"live-post__amorce\">C\u2019est du jamais-vu depuis l\u2019invasion de l\u2019Ukraine. La cote de popularit\u00e9 de Vladimir Poutine a chut\u00e9 \u00e0 65,6 % la semaine derni\u00e8re, baissant de 4,5 points en un mois, selon les donn\u00e9es du Centre russe de recherche sur l\u2019opinion publique, rapporte le Kyiv Post. <\/p>\n<div class=\"center-align\" rel=\"js-article-inline-img\" data-protec-aida=\"image\">\n<figure class=\"std-img\" data-src=\"https:\/\/images.ladepeche.fr\/api\/v1\/images\/view\/69ef55a9bbe9bd67740b8643\/original\/image.jpg?v=1\">\n        <img decoding=\"async\" class=\"std-img__img responsive-img\" src=\"http:\/\/pressactu.com\/wp-content\/uploads\/2026\/04\/1777345827_653_image.jpg?v=1\" alt=\"Depuis d\u00e9but 2022, le taux d\u2019approbation du dirigeant autoritaire se maintenait entre 75 et 80\u00a0%.\"\/><figcaption class=\"article-full__media-infos\">\n                <span class=\"article-full__media-legend\">Depuis d\u00e9but 2022, le taux d\u2019approbation du dirigeant autoritaire se maintenait entre 75 et 80\u00a0%.<\/span><br \/>\n                                    <span class=\"article-full__media-author\">POOL &#8211; MAXIM SHIPENKOV<\/span><br \/>\n                            <\/figcaption><\/figure>\n<\/div>\n<p class=\"live-post__amorce\">Encore tr\u00e8s sup\u00e9rieur \u00e0 celui de la majorit\u00e9 des dirigeants occidentaux, ce chiffre est haut. Toutefois, il illustre une dynamique d\u00e9croissante que pourraient notamment expliquer le ralentissement \u00e9conomique russe et la r\u00e9pression de l\u2019acc\u00e8s \u00e0 internet. <\/p>\n<p class=\"live-post__amorce\"> <a href=\"https:\/\/www.ladepeche.fr\/2026\/04\/25\/guerre-en-ukraine-la-popularite-de-vladimir-poutine-chute-en-russie-et-atteint-son-niveau-le-plus-bas-depuis-quatre-ans-13343213.php\" target=\"_blank\" rel=\"noopener noreferrer nofollow\" class=\"\"><strong>Lire la suite de cet article<\/strong><\/a> .<\/p>\n<\/div>\n<\/div>\n<div id=\"live_post_EVMOH3JPZDJWUM3\"><span class=\"live-post__date\">13h11.<\/span><\/p>\n<div class=\"live-post__content\">\n<h2 class=\"live-post__title\">Un mort dans une frappe de drone pr\u00e8s de la centrale nucl\u00e9aire contr\u00f4l\u00e9e par Moscou<\/h2>\n<p class=\"live-post__amorce\">Un employ\u00e9 de la centrale nucl\u00e9aire ukrainienne de Zaporijjia, situ\u00e9 en territoire contr\u00f4l\u00e9 par la Russie, a \u00e9t\u00e9 tu\u00e9 par un drone ukrainien, a annonc\u00e9 lundi l&#8217;administration russe de ce site. <\/p>\n<p>&#8220;Un chauffeur a \u00e9t\u00e9 tu\u00e9 par un drone des forces arm\u00e9es ukrainiennes dans l&#8217;atelier de transport de la centrale nucl\u00e9aire&#8221;, a indiqu\u00e9 l&#8217;administration russe dans un communiqu\u00e9.<\/p>\n<p>La centrale de Zaporijjia, la plus grande d&#8217;Europe, est occup\u00e9e depuis mars 2022 par les Russes. Elle est situ\u00e9e sur la rive sud du Dniepr, un fleuve qui fait office de ligne de front naturelle entre les bellig\u00e9rants. <\/p>\n<p>Depuis le d\u00e9but de l&#8217;offensive russe \u00e0 grande \u00e9chelle contre l&#8217;Ukraine en f\u00e9vrier 2022, Moscou et Kiev s&#8217;accusent r\u00e9guli\u00e8rement de risquer une catastrophe nucl\u00e9aire en attaquant le site, dont les six r\u00e9acteurs sont \u00e0 l&#8217;arr\u00eat.<\/p>\n<\/div>\n<\/div>\n<div id=\"live_post_EVMOGT9R2TXSLZZ\"><span class=\"live-post__date\">08h23.<\/span><\/p>\n<div class=\"live-post__content\">\n<h2 class=\"live-post__title\">En Ukraine, la guerre des robots a d\u00e9j\u00e0 commenc\u00e9 sur la ligne de front<\/h2>\n<p class=\"live-post__amorce\">En revendiquant la reprise d\u2019une position russe sans infanterie, uniquement gr\u00e2ce \u00e0 des robots terrestres et des drones, Volodymyr Zelensky place l\u2019Ukraine \u00e0 l\u2019avant-garde d\u2019une mutation militaire suivie de pr\u00e8s par toutes les grandes arm\u00e9es. Des \u00c9tats-Unis \u00e0 l\u2019Europe, la robotique terrestre acc\u00e9l\u00e8re. La France, elle, tente d\u00e9sormais de structurer sa r\u00e9ponse industrielle et doctrinale. <\/p>\n<p><a href=\"https:\/\/www.ladepeche.fr\/2026\/04\/26\/en-ukraine-la-guerre-des-robots-a-deja-commence-sur-la-ligne-de-front-13341513.php\" target=\"_blank\" rel=\"noopener noreferrer nofollow\" class=\"\"><strong>\ud83d\udc49 Notre article ici <\/strong><\/a> <\/p>\n<\/div>\n<\/div>\n<div id=\"live_post_EVMOGT7MJIFDA6K\"><span class=\"live-post__date\">08h21.<\/span><\/p>\n<div class=\"live-post__content\">\n<h2 class=\"live-post__title\">Kim Jong Un r\u00e9affirme son soutien \u00e0 la &#8220;guerre sacr\u00e9e&#8221; de la Russie en Ukraine<\/h2>\n<p class=\"live-post__amorce\">Le dirigeant nord-cor\u00e9en Kim Jong Un a r\u00e9affirm\u00e9 le soutien de Pyongyang \u00e0 l&#8217;invasion russe de l&#8217;Ukraine, s&#8217;engageant \u00e0 aider Moscou \u00e0 remporter la victoire dans sa &#8221; <strong>guerre sacr\u00e9e<\/strong> &#8220;, ont rapport\u00e9 lundi les m\u00e9dias d&#8217;Etat.<\/p>\n<p>Cette d\u00e9claration intervient alors qu&#8217;une s\u00e9rie de hauts responsables russes se sont succ\u00e9d\u00e9 \u00e0 Pyongyang ces derniers jours, notamment le ministre russe de la D\u00e9fense, Andre\u00ef Belooussov, qui s&#8217;est entretenu dimanche avec Kim Jong Un. <\/p>\n<p>La Cor\u00e9e du Nord &#8220;soutiendra comme toujours pleinement la politique de la F\u00e9d\u00e9ration de Russie visant \u00e0  <strong>d\u00e9fendre la souverainet\u00e9 nationale, l&#8217;int\u00e9grit\u00e9 territoriale et les int\u00e9r\u00eats s\u00e9curitaires<\/strong> &#8220;, a d\u00e9clar\u00e9 Kim Jong Un \u00e0 Andre\u00ef Belooussov, selon l&#8217;agence de presse nord-cor\u00e9enne KCNA.<\/p>\n<p>Le dirigeant a exprim\u00e9 sa &#8220;conviction que l&#8217;arm\u00e9e et le peuple russes remporteraient sans aucun doute la victoire dans cette guerre sacr\u00e9e et juste&#8221;. <\/p>\n<\/div>\n<\/div>\n<div id=\"live_post_EVMOGS3G94KRI08\"><span class=\"live-post__date\">07h50.<\/span><\/p>\n<div class=\"live-post__content\">\n<h2 class=\"live-post__title\">Catastrophe de Tchernobyl : &#8220;On nous a dit qu&#8217;on reviendrez&#8221;&#8230; 40 ans plus tard, la col\u00e8re est toujours l\u00e0 pour Oleg, qui n\u2019a jamais revu la ville de son enfance<\/h2>\n<p class=\"live-post__amorce\">Arriv\u00e9 en France apr\u00e8s l\u2019invasion russe, Oleg vit d\u00e9sormais avec sa famille dans l\u2019agglom\u00e9ration tarbaise. N\u00e9 \u00e0 Pripiat, la ville la plus proche de la centrale nucl\u00e9aire, il \u00e9tait \u00e9colier lorsque la catastrophe est arriv\u00e9e. T\u00e9moignage sur un pass\u00e9 qui ne passe pas.<\/p>\n<p><a href=\"https:\/\/www.ladepeche.fr\/2026\/04\/26\/catastrophe-de-tchernobyl-on-nous-a-dit-quon-reviendrez-40-ans-plus-tard-la-colere-est-toujours-la-pour-oleg-qui-na-jamais-revu-la-ville-de-son-13343808.php\" target=\"_blank\" rel=\"noopener noreferrer nofollow\" class=\"\"><strong>\ud83d\udc49 Notre article ici <\/strong><\/a> <\/p>\n<\/div>\n<\/div>\n<div id=\"live_post_EVMOGS24BRIMEE4\"><span class=\"live-post__date\">07h49.<\/span><\/p>\n<div class=\"live-post__content\">\n<h2 class=\"live-post__title\">Zelensky accuse la Russie de &#8220;terrorisme nucl\u00e9aire&#8221; 40 ans apr\u00e8s Tchernobyl<\/h2>\n<p class=\"live-post__amorce\">Volodymyr Zelensky a accus\u00e9 la Russie de &#8220;terrorisme nucl\u00e9aire&#8221; \u00e0 l&#8217;occasion du 40e anniversaire de l&#8217;accident de Tchernobyl dimanche, affirmant que l&#8217;invasion russe en cours depuis plus de quatre ans risquait de provoquer un nouveau d\u00e9sastre. <\/p>\n<p>Pr\u00e8s du r\u00e9acteur accident\u00e9, le pr\u00e9sident ukrainien s&#8217;est recueilli devant le monument honorant les &#8220;liquidateurs&#8221;, ces centaines de milliers de personnes qui ont nettoy\u00e9 le site de la pire catastrophe nucl\u00e9aire civile de l&#8217;histoire.   <\/p>\n<p>En d\u00e9clenchant l&#8217;invasion de l&#8217;Ukraine en f\u00e9vrier 2022, la Russie est &#8220;une nouvelle fois en train de mener le monde au bord d&#8217;une catastrophe provoqu\u00e9e par l&#8217;homme&#8221;, a-t-il dit plus t\u00f4t sur les r\u00e9seaux sociaux. <\/p>\n<p>&#8220;Le monde ne doit pas permettre que ce terrorisme nucl\u00e9aire se poursuive, et la meilleure fa\u00e7on d&#8217;y mettre fin est de contraindre la Russie \u00e0 stopper ses attaques irresponsables&#8221;, a-t-il ajout\u00e9.<\/p>\n<\/div>\n<\/div>\n<div id=\"live_post_EVMOGS1O0NZD1PT\"><span class=\"live-post__date\">07h49.<\/span><\/p>\n<div class=\"live-post__content\">\n<h2 class=\"live-post__title\">Bienvenue dans ce direct<\/h2>\n<p class=\"live-post__amorce\">Bonjour et bienvenue dans ce direct, consacr\u00e9 \u00e0 la guerre en Ukraine. <\/p>\n<\/div>\n<\/div>\n<p><script async src=\"\/\/platform.twitter.com\/widgets.js\" charset=\"utf-8\"><\/script><br \/><a href=\"https:\/\/www.ladepeche.fr\/2026\/04\/27\/direct-guerre-en-ukraine-zelensky-accuse-la-russie-de-terrorisme-nucleaire-quarante-ans-apres-tchernobyl-13345420.php\">source<\/a><\/p>\n","protected":false},"excerpt":{"rendered":"<p>22h36. C&#8217;est la fin de ce direct Merci de nous avoir suivi 21h01. Le chancelier allemand sugg\u00e8re que l\u2019Ukraine pourrait c\u00e9der du territoire pour garantir la paix et son chemin vers l\u2019UE Le chancelier allemand Friedrich Merz a d\u00e9clar\u00e9 que l&#8217;Ukraine pourrait perdre du territoire pour parvenir \u00e0 un accord de paix avec la Russie, [&hellip;]<\/p>\n","protected":false},"author":1,"featured_media":129856,"comment_status":"open","ping_status":"open","sticky":false,"template":"","format":"standard","meta":{"_monsterinsights_skip_tracking":false,"_monsterinsights_sitenote_active":false,"_monsterinsights_sitenote_note":"","_monsterinsights_sitenote_category":0,"footnotes":""},"categories":[1],"tags":[],"coauthors":[77],"class_list":["post-129855","post","type-post","status-publish","format-standard","has-post-thumbnail","hentry","category-a-la-une"],"aioseo_notices":[],"_links":{"self":[{"href":"https:\/\/pressactu.com\/index.php?rest_route=\/wp\/v2\/posts\/129855","targetHints":{"allow":["GET"]}}],"collection":[{"href":"https:\/\/pressactu.com\/index.php?rest_route=\/wp\/v2\/posts"}],"about":[{"href":"https:\/\/pressactu.com\/index.php?rest_route=\/wp\/v2\/types\/post"}],"author":[{"embeddable":true,"href":"https:\/\/pressactu.com\/index.php?rest_route=\/wp\/v2\/users\/1"}],"replies":[{"embeddable":true,"href":"https:\/\/pressactu.com\/index.php?rest_route=%2Fwp%2Fv2%2Fcomments&post=129855"}],"version-history":[{"count":0,"href":"https:\/\/pressactu.com\/index.php?rest_route=\/wp\/v2\/posts\/129855\/revisions"}],"wp:featuredmedia":[{"embeddable":true,"href":"https:\/\/pressactu.com\/index.php?rest_route=\/wp\/v2\/media\/129856"}],"wp:attachment":[{"href":"https:\/\/pressactu.com\/index.php?rest_route=%2Fwp%2Fv2%2Fmedia&parent=129855"}],"wp:term":[{"taxonomy":"category","embeddable":true,"href":"https:\/\/pressactu.com\/index.php?rest_route=%2Fwp%2Fv2%2Fcategories&post=129855"},{"taxonomy":"post_tag","embeddable":true,"href":"https:\/\/pressactu.com\/index.php?rest_route=%2Fwp%2Fv2%2Ftags&post=129855"},{"taxonomy":"author","embeddable":true,"href":"https:\/\/pressactu.com\/index.php?rest_route=%2Fwp%2Fv2%2Fcoauthors&post=129855"}],"curies":[{"name":"wp","href":"https:\/\/api.w.org\/{rel}","templated":true}]}}