{"id":129852,"date":"2026-04-28T03:10:24","date_gmt":"2026-04-28T03:10:24","guid":{"rendered":"https:\/\/pressactu.com\/?p=129852"},"modified":"2026-04-28T03:10:24","modified_gmt":"2026-04-28T03:10:24","slug":"rugby-amateur-regionale-2-merci-a-lui-un-arbitre-de-top-14-va-prendre-les-commandes-dun-club-du-lot-et-garonne","status":"publish","type":"post","link":"https:\/\/pressactu.com\/?p=129852","title":{"rendered":"Rugby amateur \u2013 R\u00e9gionale 2\u00a0: &quot;Merci \u00e0 lui\u2026&quot; Un arbitre de Top 14 va prendre les commandes d\u2019un club du Lot-et-Garonne"},"content":{"rendered":"<p>\n                                                                    <span class=\"article-full__chapo-label hide-on-small-only\">l&#8217;essentiel<\/span><br \/>\n                                                                Ce lundi 27\u00a0avril, le club de Miramont-de-Guyenne a annonc\u00e9 l\u2019arriv\u00e9e de Ludovic Cayre au sein du staff de l\u2019\u00e9quipe senior. Il aura aussi un regard sur les autres cat\u00e9gories du club lot-et-garonnais.\n                            <\/p>\n<div rel=\"js-article-content\" data-state=\"fixed-height\" data-selection=\"disabled\">\n                                                                                                                            <!-- Pub DFP Position [outstream] --><\/p>\n<p>C\u2019est un sacr\u00e9 coup r\u00e9alis\u00e9 par l\u2019AS Miramont. Le club\u00a0\u00e9voluant en R\u00e9gionale 2 aura un nouvel entra\u00eeneur aux c\u00f4t\u00e9s de Bruno Esclavard, Paul Minetto et Mathieu Marche la saison prochaine. Une figure bien connue du nord du Lot-et-Garonne, mais aussi de la France enti\u00e8re, puisque c\u2019est l\u2019arbitre professionnel Ludovic Cayre qui a d\u00e9cid\u00e9 de se lancer ce d\u00e9fi. Proche des trois hommes, le natif de Duras, village voisin, d\u00e9bute dans la carri\u00e8re d\u2019entra\u00eeneur. Il passe actuellement ses diplomes au Creps de Bordeaux.<\/p>\n<p><!-- Pub DFP Position [article] --><\/p>\n<p class=\"std-elt__inline\">\n        <strong>\u00c0 lire aussi :<\/strong><br \/>\n        <a href=\"\/2026\/04\/16\/sans-rugby-amateur-il-ny-aurait-pas-de-rugby-pro-bastareaud-picamoles-califano-et-cayre-en-immersion-avec-les-passionnes-gersois-du-ballon-ovale-13326689.php\">&#8220;Sans rugby amateur, il n\u2019y aurait pas de rugby pro&#8221;\u00a0: Bastareaud, Picamoles, Califano et Cayre en immersion avec les passionn\u00e9s gersois du ballon ovale<\/a>\n    <\/p>\n<h2 class=\"txt-int\">Un proche du rugby amateur<\/h2>\n<p>&#8220;Nous avons le plaisir de vous annoncer l\u2019arriv\u00e9e de Ludovic Cayre, arbitre de Top 14, au sein du staff. Il sera aux c\u00f4t\u00e9s des encadrants. Il\u00a0sera le nouveau coach de l\u2019\u00e9quipe senior, et aura un \u0153il sur toutes les cat\u00e9gories. Merci \u00e0 lui de prendre de son temps pour faire \u00e9voluer l\u2019\u00e9quipe. \u00c0 bient\u00f4t Ludovic\u00a0!&#8221;, d\u00e9taille le communiqu\u00e9 de l\u2019AS Miramontaise.<\/p>\n<p class=\"std-elt__inline\">\n        <strong>\u00c0 lire aussi :<\/strong><br \/>\n        <a href=\"\/2025\/09\/21\/entretien-trophees-du-rugby-amateur-2025-dans-le-lot-et-garonne-arbitrer-des-maillard-de-carli-ou-moumen-ma-permis-den-arriver-la-avoue-ludovic-cayre-12942927.php\">ENTRETIEN. Troph\u00e9es du rugby amateur 2025 dans le Lot-et-Garonne\u00a0: &#8220;Arbitrer des Maillard, de Carli ou Moumen m\u2019a permis d\u2019en arriver l\u00e0&#8221;, avoue Ludovic Cayre<\/a>\n    <\/p>\n<p>Tr\u00e8s proche du rugby amateur (il avait d\u2019ailleurs \u00e9t\u00e9 parrain d\u2019une \u00e9dition des Troph\u00e9es du rugby amateur organis\u00e9s par notre groupe), Ludovic Cayre aura l\u00e0 une belle opportunit\u00e9 de renouer avec ses racines, s\u2019offrant aussi\u00a0une bulle d\u2019oxyg\u00e8ne en parall\u00e8le de ses t\u00e2ches d\u2019arbitre dans le milieu professionnel. Entre match de Top 14 et de Pro D2, il devra adapter son emploi du temps pour \u00eatre au plus pr\u00e8s des joueurs miramontais. Mais il ne sera pas anodin de le voir sur le banc de touche ou en tribunes lors des matchs de l\u2019\u00e9quipe en R\u00e9gionale 2 la saison prochaine.<\/p>\n<p>Pour les joueurs amateurs de l\u2019ASM, cotoyer un homme rompu aux exigences du niveau professionnel sera une exp\u00e9rience tr\u00e8s enrichissante dont ils profiteront \u00e0 coup s\u00fbr.<\/p>\n<\/p><\/div>\n<p><a href=\"https:\/\/www.ladepeche.fr\/2026\/04\/27\/rugby-amateur-regionale-2-merci-a-lui-un-arbitre-de-top-14-va-prendre-les-commandes-dun-club-du-lot-et-garonne-13345778.php\">source<\/a><\/p>\n","protected":false},"excerpt":{"rendered":"<p>l&#8217;essentiel Ce lundi 27\u00a0avril, le club de Miramont-de-Guyenne a annonc\u00e9 l\u2019arriv\u00e9e de Ludovic Cayre au sein du staff de l\u2019\u00e9quipe senior. Il aura aussi un regard sur les autres cat\u00e9gories du club lot-et-garonnais. C\u2019est un sacr\u00e9 coup r\u00e9alis\u00e9 par l\u2019AS Miramont. Le club\u00a0\u00e9voluant en R\u00e9gionale 2 aura un nouvel entra\u00eeneur aux c\u00f4t\u00e9s de Bruno Esclavard, [&hellip;]<\/p>\n","protected":false},"author":1,"featured_media":129853,"comment_status":"open","ping_status":"open","sticky":false,"template":"","format":"standard","meta":{"_monsterinsights_skip_tracking":false,"_monsterinsights_sitenote_active":false,"_monsterinsights_sitenote_note":"","_monsterinsights_sitenote_category":0,"footnotes":""},"categories":[71],"tags":[],"coauthors":[77],"class_list":["post-129852","post","type-post","status-publish","format-standard","has-post-thumbnail","hentry","category-sport"],"aioseo_notices":[],"_links":{"self":[{"href":"https:\/\/pressactu.com\/index.php?rest_route=\/wp\/v2\/posts\/129852","targetHints":{"allow":["GET"]}}],"collection":[{"href":"https:\/\/pressactu.com\/index.php?rest_route=\/wp\/v2\/posts"}],"about":[{"href":"https:\/\/pressactu.com\/index.php?rest_route=\/wp\/v2\/types\/post"}],"author":[{"embeddable":true,"href":"https:\/\/pressactu.com\/index.php?rest_route=\/wp\/v2\/users\/1"}],"replies":[{"embeddable":true,"href":"https:\/\/pressactu.com\/index.php?rest_route=%2Fwp%2Fv2%2Fcomments&post=129852"}],"version-history":[{"count":0,"href":"https:\/\/pressactu.com\/index.php?rest_route=\/wp\/v2\/posts\/129852\/revisions"}],"wp:featuredmedia":[{"embeddable":true,"href":"https:\/\/pressactu.com\/index.php?rest_route=\/wp\/v2\/media\/129853"}],"wp:attachment":[{"href":"https:\/\/pressactu.com\/index.php?rest_route=%2Fwp%2Fv2%2Fmedia&parent=129852"}],"wp:term":[{"taxonomy":"category","embeddable":true,"href":"https:\/\/pressactu.com\/index.php?rest_route=%2Fwp%2Fv2%2Fcategories&post=129852"},{"taxonomy":"post_tag","embeddable":true,"href":"https:\/\/pressactu.com\/index.php?rest_route=%2Fwp%2Fv2%2Ftags&post=129852"},{"taxonomy":"author","embeddable":true,"href":"https:\/\/pressactu.com\/index.php?rest_route=%2Fwp%2Fv2%2Fcoauthors&post=129852"}],"curies":[{"name":"wp","href":"https:\/\/api.w.org\/{rel}","templated":true}]}}