{"id":129850,"date":"2026-04-28T02:01:30","date_gmt":"2026-04-28T02:01:30","guid":{"rendered":"https:\/\/pressactu.com\/?p=129850"},"modified":"2026-04-28T02:01:30","modified_gmt":"2026-04-28T02:01:30","slug":"ca-ma-fait-penser-a-prison-break-avec-la-tenue-orange-et-les-barreaux-mais-pourquoi-cet-homme-est-il-enferme-en-cage-en-plein-coeur-de-toulouse","status":"publish","type":"post","link":"https:\/\/pressactu.com\/?p=129850","title":{"rendered":"&quot;\u00c7a m\u2019a fait penser \u00e0 Prison Break, avec la tenue orange et les barreaux&quot; : mais pourquoi cet homme est-il enferm\u00e9 en cage en plein c\u0153ur de Toulouse ?"},"content":{"rendered":"<p>\n                                                                    <span class=\"article-full__chapo-label hide-on-small-only\">l&#8217;essentiel<\/span><br \/>\n                                                                Premier jour de performance pour l\u2019artiste toulousain Damien Aspe, qui s\u2019est volontairement enferm\u00e9 ce lundi 27 avril dans une cage en vitrine de la galerie Inessential Space, place de la Daurade, pour une dur\u00e9e d\u2019un mois. Passants intrigu\u00e9s, regards en coin, doubles prises\u00a0: le choc visuel fonctionne. Reportage.\n                            <\/p>\n<div rel=\"js-article-content\" data-state=\"fixed-height\" data-selection=\"disabled\">\n                                                                                                                            <!-- Pub DFP Position [outstream] --><\/p>\n<p>Au d\u00e9tour de la place de la Daurade, au gr\u00e9 des quelques passants en seconde semaine des vacances scolaires, une silhouette en combinaison orange se trouve derri\u00e8re une vitre. Il s\u2019agit de l\u2019artiste multim\u00e9dia toulousain <a href=\"https:\/\/www.ladepeche.fr\/2026\/04\/24\/il-senferme-un-mois-en-cage-dans-lattente-de-son-proces-la-performance-insolite-de-cet-artiste-toulousain-place-de-la-daurade-13341684.php\" target=\"_self\">Damien Aspe<\/a>, dans une cage de sa galerie de l\u2019Inessential Space.<\/p>\n<p><!-- Pub DFP Position [article] --><\/p>\n<h2 class=\"txt-int\">Le &#8220;p\u00e9nitencier des GAFAM&#8221;<\/h2>\n<p>Les passants s\u2019arr\u00eatent, repartent, reviennent \u00e0 l\u2019artiste enferm\u00e9. Damien Aspe a commenc\u00e9 sa performance mensuelle de &#8220;d\u00e9tention pr\u00e9ventive volontaire&#8221;, d\u00e9nomm\u00e9e &#8220;The Damian Show&#8221; ce lundi 27\u00a0avril \u00e0 14\u00a0h dans une cage de 2 m\u00e8tres par 2, dont les dimensions correspondent exactement au ratio de m\u00e8tres carr\u00e9s par d\u00e9tenu dans les prisons fran\u00e7aises surpeupl\u00e9es.<\/p>\n<p>Sur sa combinaison orange\u00a0: l\u2019inscription &#8220;GAFAM Penitentiary&#8221; (&#8220;p\u00e9nitencier des GAFAM, plateformes num\u00e9riques&#8221; en fran\u00e7ais). Ce premier jour, souriant, il use volontiers des outils \u00e9lectroniques dont il d\u00e9nonce pr\u00e9cis\u00e9ment l\u2019emprise. Il ne peint pas encore, il le fera.<\/p>\n<p>Les r\u00e9actions des passants oscillent entre stupeur et amusement. Jade et St\u00e9phanie Brunel, m\u00e8re et fille, venues passer la journ\u00e9e \u00e0 Toulouse en famille, s\u2019arr\u00eatent, perplexes mais amus\u00e9es. &#8220;On pensait que c\u2019\u00e9tait un photographe et que c\u2019\u00e9tait un coin photo&#8221;, avoue St\u00e9phanie.<\/p>\n<div class=\"center-align\" rel=\"js-article-inline-img\" data-protec-aida=\"image\">\n<figure class=\"std-img\" data-src=\"https:\/\/images.ladepeche.fr\/api\/v1\/images\/view\/69ef9552f43af81a3d012111\/original\/image.jpg?v=1\">\n        <img decoding=\"async\" class=\"std-img__img responsive-img\" src=\"http:\/\/pressactu.com\/wp-content\/uploads\/2026\/04\/1777341689_5_image.jpg?v=1\" alt=\"Un passant face \u00e0 la performance en cage de Damien Aspe, \u00e0 la Place de la Daurade\"\/><figcaption class=\"article-full__media-infos\">\n                <span class=\"article-full__media-legend\">Un passant face \u00e0 la performance en cage de Damien Aspe, \u00e0 la Place de la Daurade<\/span><br \/>\n                                    <span class=\"article-full__media-author\">DDM &#8211; JULIETTE ERNST<\/span><br \/>\n                            <\/figcaption><\/figure>\n<\/div>\n<p>Sa fille Jade, \u00e9tudiante dans l\u2019inclusion sociale, avait quant \u00e0 elle une autre premi\u00e8re impression\u00a0: &#8220;\u00c7a m\u2019a fait penser \u00e0 Prison Break, avec la tenue orange et les barreaux.&#8221; Une fois le contexte expliqu\u00e9, leur regard change. &#8220;C\u2019est une emprise dont on ne peut pas se d\u00e9faire&#8221;, affirme Jade.<\/p>\n<h2 class=\"txt-int\">&#8220;Je n\u2019avais jamais vu \u00e7a \u00e0 Toulouse&#8221;<\/h2>\n<p>Steven, \u00e9tudiant en informatique, n\u2019avait pas non plus devin\u00e9 la d\u00e9marche. &#8220;Cela m\u2019a surpris un peu, je n\u2019ai jamais vu \u00e7a \u00e0 Toulouse&#8221;, consid\u00e8re-t-il. Il reconna\u00eet volontiers la pertinence du propos\u00a0: &#8220;Le t\u00e9l\u00e9phone nous a un peu emprisonn\u00e9s.&#8221; Un groupe d\u2019amis ayant souhait\u00e9 rester anonymes, eux, jugent que la d\u00e9marche manque encore de lisibilit\u00e9\u00a0: &#8220;\u00c7a peut faire r\u00e9fl\u00e9chir, mais il faudrait qu\u2019il explique un petit peu ce qu\u2019il fait.&#8221; Une passante visiblement touch\u00e9e, plus que les autres, confie\u00a0: &#8220;Je comprends la d\u00e9marche. Artistiquement, je suis tout \u00e0 fait d\u2019accord.&#8221; Avant d\u2019ajouter, d\u00e9contenanc\u00e9e\u00a0: &#8220;Cela me fait quand m\u00eame dr\u00f4le de le voir enferm\u00e9.&#8221;<\/p>\n<div class=\"center-align\" rel=\"js-article-inline-img\" data-protec-aida=\"image\">\n<figure class=\"std-img\" data-src=\"https:\/\/images.ladepeche.fr\/api\/v1\/images\/view\/69ef9552f77ae9edc50c45f2\/original\/image.jpg?v=1\">\n        <img decoding=\"async\" class=\"std-img__img responsive-img\" src=\"http:\/\/pressactu.com\/wp-content\/uploads\/2026\/04\/1777341690_910_image.jpg?v=1\" alt=\"Les passants r\u00e9agissent au premier du &quot;Damian Show&quot;\"\/><figcaption class=\"article-full__media-infos\">\n                <span class=\"article-full__media-legend\">Les passants r\u00e9agissent au premier du &#8220;Damian Show&#8221;<\/span><br \/>\n                                    <span class=\"article-full__media-author\">DDM &#8211; JULIETTE ERNST<\/span><br \/>\n                            <\/figcaption><\/figure>\n<\/div>\n<p>Le projet se d\u00e9ploie en trois temps. Apr\u00e8s un mois &#8220;d\u2019incarc\u00e9ration&#8221;, Damien Aspe compara\u00eetra le 27\u00a0mai au tribunal judiciaire de Toulouse dans un proc\u00e8s en audience publique, n\u00e9 de la censure d\u2019une image g\u00e9n\u00e9r\u00e9e par IA. Intitul\u00e9e &#8220;L\u2019autocratie guidant ses ouailles&#8221; et inspir\u00e9e de &#8220;La Libert\u00e9 guidant le peuple&#8221; de Delacroix, cette \u0153uvre devrait \u00eatre expos\u00e9e, <a href=\"https:\/\/www.instagram.com\/p\/DXmWR3miHxH\/\" target=\"_self\">selon l\u2019artiste<\/a>, le 27\u00a0mai prochain dans sa galerie Inessential Space.<\/p>\n<footer class=\"txt-note\">The Damian Show, \u00e0 la galerie Inessential Space \u00e0 Toulouse jusqu\u2019au mercredi 27\u00a0mai. Proc\u00e8s au tribunal judiciaire de Toulouse le 27\u00a0mai \u00e0 14\u00a0h en audience publique. Exposition \u00e0 partir du 27\u00a0mai \u00e0 18\u00a0h\u00a030<\/footer>\n<\/p><\/div>\n<p><a href=\"https:\/\/www.ladepeche.fr\/2026\/04\/27\/ca-ma-fait-penser-a-prison-break-avec-la-tenue-orange-et-les-barreaux-mais-pourquoi-cet-homme-est-il-enferme-en-cage-en-plein-coeur-de-toulouse-13346149.php\">source<\/a><\/p>\n","protected":false},"excerpt":{"rendered":"<p>l&#8217;essentiel Premier jour de performance pour l\u2019artiste toulousain Damien Aspe, qui s\u2019est volontairement enferm\u00e9 ce lundi 27 avril dans une cage en vitrine de la galerie Inessential Space, place de la Daurade, pour une dur\u00e9e d\u2019un mois. Passants intrigu\u00e9s, regards en coin, doubles prises\u00a0: le choc visuel fonctionne. Reportage. Au d\u00e9tour de la place de [&hellip;]<\/p>\n","protected":false},"author":1,"featured_media":129851,"comment_status":"open","ping_status":"open","sticky":false,"template":"","format":"standard","meta":{"_monsterinsights_skip_tracking":false,"_monsterinsights_sitenote_active":false,"_monsterinsights_sitenote_note":"","_monsterinsights_sitenote_category":0,"footnotes":""},"categories":[74],"tags":[],"coauthors":[77],"class_list":["post-129850","post","type-post","status-publish","format-standard","has-post-thumbnail","hentry","category-economie"],"aioseo_notices":[],"_links":{"self":[{"href":"https:\/\/pressactu.com\/index.php?rest_route=\/wp\/v2\/posts\/129850","targetHints":{"allow":["GET"]}}],"collection":[{"href":"https:\/\/pressactu.com\/index.php?rest_route=\/wp\/v2\/posts"}],"about":[{"href":"https:\/\/pressactu.com\/index.php?rest_route=\/wp\/v2\/types\/post"}],"author":[{"embeddable":true,"href":"https:\/\/pressactu.com\/index.php?rest_route=\/wp\/v2\/users\/1"}],"replies":[{"embeddable":true,"href":"https:\/\/pressactu.com\/index.php?rest_route=%2Fwp%2Fv2%2Fcomments&post=129850"}],"version-history":[{"count":0,"href":"https:\/\/pressactu.com\/index.php?rest_route=\/wp\/v2\/posts\/129850\/revisions"}],"wp:featuredmedia":[{"embeddable":true,"href":"https:\/\/pressactu.com\/index.php?rest_route=\/wp\/v2\/media\/129851"}],"wp:attachment":[{"href":"https:\/\/pressactu.com\/index.php?rest_route=%2Fwp%2Fv2%2Fmedia&parent=129850"}],"wp:term":[{"taxonomy":"category","embeddable":true,"href":"https:\/\/pressactu.com\/index.php?rest_route=%2Fwp%2Fv2%2Fcategories&post=129850"},{"taxonomy":"post_tag","embeddable":true,"href":"https:\/\/pressactu.com\/index.php?rest_route=%2Fwp%2Fv2%2Ftags&post=129850"},{"taxonomy":"author","embeddable":true,"href":"https:\/\/pressactu.com\/index.php?rest_route=%2Fwp%2Fv2%2Fcoauthors&post=129850"}],"curies":[{"name":"wp","href":"https:\/\/api.w.org\/{rel}","templated":true}]}}