{"id":129846,"date":"2026-04-28T01:32:25","date_gmt":"2026-04-28T01:32:25","guid":{"rendered":"https:\/\/pressactu.com\/?p=129846"},"modified":"2026-04-28T01:32:25","modified_gmt":"2026-04-28T01:32:25","slug":"au-liban-le-cessez-le-feu-fragilise-frappes-dans-le-sud-du-pays-depuis-dimanche-au-moins-14-morts","status":"publish","type":"post","link":"https:\/\/pressactu.com\/?p=129846","title":{"rendered":"Au Liban, le cessez-le-feu fragilis\u00e9 : frappes dans le sud du pays depuis dimanche, au moins 14\u00a0morts"},"content":{"rendered":"<div>\n<figure class=\"hook-media--standard \"> <picture class=\"hook-media_picture pb-8\"><source media=\"(max-width: 768px)\" srcset=\"https:\/\/focus.nouvelobs.com\/2026\/04\/27\/1\/0\/4604\/3069\/375\/250\/75\/0\/34035bd_upload-1-dj5pdb1nhrnm-000-a93n22v.jpg 1x,https:\/\/focus.nouvelobs.com\/2026\/04\/27\/1\/0\/4604\/3069\/750\/500\/50\/0\/34035bd_upload-1-dj5pdb1nhrnm-000-a93n22v.jpg 2x\" width=\"375\" height=\"250\"><img fetchpriority=\"high\" decoding=\"async\" class=\"mx-auto\" src=\"data:image\/svg+xml,%3Csvg%20xmlns%3D%27http%3A%2F%2Fwww.w3.org%2F2000%2Fsvg%27%20fill%3D%22%23e4e4e4%22%20viewBox%3D%270%200%20510%20340%27%20width%3D%22510%22%20height%3D%22340%22%3E%3Cpath%20d%3D%27M0%200h510v340H0z%27%2F%3E%3C%2Fsvg%3E\" srcset=\"https:\/\/focus.nouvelobs.com\/2026\/04\/27\/1\/0\/4604\/3069\/510\/340\/75\/0\/34035bd_upload-1-dj5pdb1nhrnm-000-a93n22v.jpg 1x,https:\/\/focus.nouvelobs.com\/2026\/04\/27\/1\/0\/4604\/3069\/1020\/680\/50\/0\/34035bd_upload-1-dj5pdb1nhrnm-000-a93n22v.jpg 2x\" loading=\"eager\" width=\"510\" height=\"340\" data-oncrawl-image-size=\"510x340\" alt=\"Une frappe isra\u00e9lienne dans le sud du Liban, le 27\u00a0avril 2026. \"\/>   <\/source><\/picture><figcaption class=\"hook-media_figcaption\">\n<p class=\"latino-100m text-grey-600\">  Une frappe isra\u00e9lienne dans le sud du Liban, le 27\u00a0avril 2026. \u00a0<span class=\"text-grey-600 ms-4\">JALAA MAREY \/ AFP<\/span>  <\/p>\n<\/figcaption><\/figure>\n<div class=\"article__share d-flex align-items-center py-24 border-bottom  mb-32\" style=\"--border-color:#D9D9D9;\">\n<div class=\"d-flex flex-wrap gap-16\">                                <button data-article-key=\"20260427.OBS114503\" aria-label=\"Lire\u00a0plus\u00a0tard\" data-section=\"Monde\" data-piano=\"Page_Article,Sous_date_publi,A_lire_plus_tard,1er_clic,action\" class=\"popover-trigger btn--tertiary btn--icon-only btn btn--small btn--secondary read-later\"> <i class=\"icon  icon-read-after\" aria-hidden=\"true\"\/>  <span class=\"latino-300r mt-2 \"> Lire\u00a0plus\u00a0tard <\/span>  <\/button>        <a aria-label=\"Nous suivre sur Google News\" href=\"https:\/\/news.google.com\/publications\/CAAqBwgKMJe4nQkw3dFs?hl=fr&amp;gl=FR&amp;ceid=FR%3Afr\" target=\"_blank\" data-piano=\"Page_Article,Sous_date_publi,Nous_suivre_sur_google_news,1er_clic,action\" class=\"btn btn--small btn--tertiary btn--icon-only\">    <svg class=\"icon icon--google  \" style=\"--fill:#56668A\">   <use href=\"\/bucket\/resources\/web\/img\/e86dad2a9be111d0faac.svg#google\"\/>  <\/svg>   <span class=\"latino-300r mt-2 \">Google Actualit\u00e9s<\/span>  <\/a>     <button id=\"share\" aria-label=\"Partager\" class=\"popover-trigger btn btn--small btn--tertiary btn--icon-only\" data-piano=\"Page_Article,Sous_date_publi,Partager,1er_clic,action\">    <svg class=\"icon icon--share-alt  \" style=\"--fill:var(--base-foreground-color,#171717)\">   <use href=\"\/bucket\/resources\/web\/img\/e86dad2a9be111d0faac.svg#share-alt\"\/>  <\/svg>  <span class=\"latino-300r mt-2\">Partager<\/span> <\/button> <\/p>\n<div id=\"popover-share\" data-url=\"https:\/\/www.nouvelobs.com\/monde\/20260427.OBS114503\/au-liban-le-cessez-le-feu-fragilise-frappes-dans-le-sud-du-pays-depuis-dimanche-au-moins-14-morts.html\" data-id=\"20260427.OBS114503\" data-popover-for=\"share\" class=\"popover p-32\" role=\"tooltip\" style=\"width: 375px\">\n<p>  <button onclick=\"setToFacebook();\" class=\"btn btn--large btn--secondary\" aria-label=\"Facebook\" piano-context-origin=\"Page_Article,Sous_date_publi,Partager,Facebook,action\">    <svg class=\"icon icon--facebook  \" style=\"--fill:var(--base-foreground-color,#171717)\">   <use href=\"\/bucket\/resources\/web\/img\/e86dad2a9be111d0faac.svg#facebook\"\/>  <\/svg>  <span class=\"latino-300r\">Facebook<\/span> <\/button> <button onclick=\"setToBsky();\" class=\"btn btn--large btn--secondary\" aria-label=\"Bluesky\" piano-context-origin=\"Page_Article,Sous_date_publi,Partager,Bluesky,action\">    <svg class=\"icon icon--bluesky  \" style=\"--fill:var(--base-foreground-color,#171717)\">   <use href=\"\/bucket\/resources\/web\/img\/e86dad2a9be111d0faac.svg#bluesky\"\/>  <\/svg>  <span class=\"latino-300r\">Bluesky<\/span> <\/button> <button id=\"mail-button\" onclick=\"setToMail(true)\" class=\"btn btn--large btn--secondary\" aria-label=\"Mail\" piano-context-origin=\"Page_Article,Sous_date_publi,Partager,Email,action\">    <svg class=\"icon icon--mail  \" style=\"--fill:var(--base-foreground-color,#171717)\">   <use href=\"\/bucket\/resources\/web\/img\/e86dad2a9be111d0faac.svg#mail\"\/>  <\/svg>  <span class=\"latino-300r\">E-mail<\/span> <\/button> <button onclick=\"setToClipboard();\" class=\"copy-button btn btn--large btn--secondary\" aria-label=\"copier le lien\" piano-context-origin=\"Page_Article,Sous_date_publi,Partager,Copier_lien,action\">    <svg class=\"icon icon--link  \" style=\"--fill:var(--base-foreground-color,#171717)\">   <use href=\"\/bucket\/resources\/web\/img\/e86dad2a9be111d0faac.svg#link\"\/>  <\/svg>  <span class=\"latino-300r\">Copier le lien<\/span> <\/button>  <\/p>\n<p> <button id=\"share-mail-submit\" type=\"submit\" form=\"mail-form\" onclick=\"__forecast.collectShareMail()\" class=\"latino-300r btn btn--large btn--black btn--fit\"> Envoyer <\/button> <\/p>\n<\/p><\/div>\n<p>                    <span data-urlencode=\"L2Fib25uZW1lbnQtYXZyaWwtMjAyNg==\" data-piano=\"Page_Article,Sous_date_publi,S_abonner_Printemps2026,1er_clic,action\" data-batch=\"clic_s_abonner\" class=\"btn btn--small btn--conversion-secondary\" style=\"--btn-color:#FFF;--btn-color-hover:#FFF;--btn-bg:#FC5F2B;--btn-bg-hover:#FC5F2B;--btn-bg-focus:#FC5F2B;--btn-border-color:#522DF7;\"> S\u2019abonner <\/span>       <\/div>\n<\/p><\/div>\n<p class=\"node__paragraphe antonia-750r text-grey-800 pb-24 pb-md-32\"> Depuis dimanche, <a href=\"https:\/\/www.nouvelobs.com\/monde\/20260416.OBS114239\/guerre-au-moyen-orient-donald-trump-annonce-un-cessez-le-feu-de-dix-jours-au-liban.html\">le cessez-le-feu au Liban<\/a> para\u00eet de plus en plus fragilis\u00e9. Ce lundi 27\u00a0avril, l\u2019arm\u00e9e isra\u00e9lienne a annonc\u00e9 avoir commenc\u00e9 \u00e0 frapper des positions du mouvement pro-iranien Hezbollah dans la r\u00e9gion de la Bekaa, dans l\u2019est du Liban. La veille, les autorit\u00e9s libanaises avaient annonc\u00e9 que des frappes isra\u00e9liennes sur le sud du pays avaient fait 14\u00a0morts, bilan quotidien le plus lourd depuis l\u2019entr\u00e9e en vigueur d\u2019un cessez-le-feu le 16\u00a0avril dernier, prolong\u00e9 <a href=\"https:\/\/www.nouvelobs.com\/monde\/20260424.OBS114420\/trump-annonce-une-prolongation-de-la-treve-au-liban-pas-d-avancee-sur-l-iran.html\">in extremis la semaine derni\u00e8re<\/a>. <\/p>\n<h2 class=\"node__heading latino-800m latino-lg-1400e text-grey-800 pb-8 pb-md-16\"> \u2022\u00a0Des frappes isra\u00e9liennes dans la vall\u00e9e de la Bekaa <\/h2>\n<p class=\"node__paragraphe antonia-750r text-grey-800 pb-24 pb-md-32\"> Une s\u00e9rie de frappes isra\u00e9liennes ont notamment vis\u00e9 ce lundi des localit\u00e9s <a href=\"https:\/\/www.nouvelobs.com\/monde\/20260324.OBS113535\/guerre-au-moyen-orient-israel-veut-prendre-le-controle-militaire-du-sud-du-liban-jusqu-au-fleuve-litani.html\">dans le Sud-Liban<\/a>, selon l\u2019Agence nationale d\u2019Information (Ani, officielle). L\u2019arm\u00e9e isra\u00e9lienne a pour sa part annonc\u00e9 avoir commenc\u00e9 \u00e0 frapper <em>\u00ab\u00a0des sites d\u2019infrastructures du Hezbollah\u00a0\u00bb<\/em> dans la vall\u00e9e de la Bekaa (est) et dans d\u2019autres zones du sud. Elle dit avoir <em>\u00ab\u00a0d\u00e9truit au cours des derniers jours plus de cinquante infrastructures terroristes dans le sud du Liban, y compris un complexe souterrain utilis\u00e9 par le Hezbollah\u00a0\u00bb<\/em> pour mener des attaques contre Isra\u00ebl. <\/p>\n<h2 class=\"node__heading latino-800m latino-lg-1400e text-grey-800 pb-8 pb-md-16\"> \u2022 Isra\u00ebl et le Liban s\u2019accusent mutuellement de violer la tr\u00eave <\/h2>\n<p class=\"node__paragraphe antonia-750r text-grey-800 pb-24 pb-md-32\"> Isra\u00ebl et le Hezbollah pro-iranien se sont r\u00e9ciproquement accus\u00e9s de violer la tr\u00eave et ont revendiqu\u00e9 <a href=\"https:\/\/www.nouvelobs.com\/monde\/20260415.OBS114200\/au-lendemain-des-pourparlers-a-washington-la-guerre-entre-israel-et-le-hezbollah-se-poursuit.html\">de nouvelles attaques<\/a> dimanche. L\u2019arm\u00e9e isra\u00e9lienne, dont les troupes sont d\u00e9ploy\u00e9es dans le Sud, y a fait \u00e9tat de la mort d\u2019un soldat <em>\u00ab\u00a0durant des combats,\u00a0\u00bb<\/em> dans lesquels un officier et cinq autres soldats ont \u00e9t\u00e9 bless\u00e9s. <\/p>\n<p class=\"node__paragraphe antonia-750r text-grey-800 pb-24 pb-md-32\"> <em>\u00ab\u00a0Les violations du Hezbollah d\u00e9mant\u00e8lent de fait le cessez-le-feu\u00a0\u00bb<\/em>, a affirm\u00e9 le Premier ministre isra\u00e9lien, Benyamin Netanyahou, dans une vid\u00e9o diffus\u00e9e \u00e0 l\u2019occasion du conseil des ministres hebdomadaire. <em>\u00ab\u00a0Nous ferons ce qui est n\u00e9cessaire pour r\u00e9tablir la s\u00e9curit\u00e9\u00a0\u00bb<\/em>, a-t-il martel\u00e9. L\u2019arm\u00e9e isra\u00e9lienne a affirm\u00e9 avoir frapp\u00e9 des sites <em>\u00ab\u00a0de lancement de roquettes et des d\u00e9p\u00f4ts d\u2019armes\u00a0\u00bb. <\/em>Elle a aussi fait \u00e9tat de <em>\u00ab\u00a0tirs d\u2019artillerie et frappes a\u00e9riennes\u00a0\u00bb<\/em> visant des combattants et des infrastructures du Hezbollah, au nord de la <em>\u00ab\u00a0ligne jaune\u00a0\u00bb<\/em> qu\u2019elle a \u00e9tablie sur environ 10\u00a0kilom\u00e8tres \u00e0 l\u2019int\u00e9rieur du territoire libanais. <\/p>\n<p class=\"node__paragraphe antonia-750r text-grey-800 pb-24 pb-md-32\"> Le Hezbollah a de son c\u00f4t\u00e9 affirm\u00e9 que ses combattants avaient pris pour cible des troupes et positions isra\u00e9liennes, en <em>\u00ab\u00a0r\u00e9ponse l\u00e9gitime\u00a0\u00bb<\/em> aux violations du cessez-le-feu par Isra\u00ebl et \u00e0 des attaques contre des villages libanais. Il a jur\u00e9 de poursuite sa <em>\u00ab\u00a0riposte\u00a0\u00bb<\/em>. <\/p>\n<h2 class=\"node__heading latino-800m latino-lg-1400e text-grey-800 pb-8 pb-md-16\"> \u2022 Le pr\u00e9sident libanais charge le Hezbollah <\/h2>\n<p class=\"node__paragraphe antonia-750r text-grey-800 pb-24 pb-md-32\"> Le pr\u00e9sident libanais Joseph Aoun a soulign\u00e9 ce lundi que le but des n\u00e9gociations directes avec Isra\u00ebl \u00e9tait de mettre fin au conflit, ajoutant \u00e0 l\u2019intention du Hezbollah que la v\u00e9ritable <em>\u00ab\u00a0trahison\u00a0\u00bb<\/em> \u00e9tait d\u2019avoir entra\u00een\u00e9 le Liban dans la guerre. <em>\u00ab\u00a0Mon objectif est de parvenir \u00e0 la fin de l\u2019\u00e9tat de guerre avec Isra\u00ebl, \u00e0 l\u2019instar de l\u2019accord d\u2019armistice\u00a0\u00bb<\/em> entre le Liban et Isra\u00ebl en\u00a01949, a d\u00e9clar\u00e9 dans un communiqu\u00e9 le pr\u00e9sident Joseph Aoun, en ajoutant\u00a0: <em>\u00ab\u00a0je vous assure que je n\u2019accepterai pas un accord humiliant\u00a0\u00bb<\/em>. <\/p>\n<p class=\"node__paragraphe antonia-750r text-grey-800 pb-24 pb-md-32\"> R\u00e9pondant implicitement au mouvement pro-iranien Hezbollah qui refuse les n\u00e9gociations directes avec Isra\u00ebl, le dirigeant libanais a estim\u00e9 que <em>\u00ab\u00a0ceux qui nous ont entra\u00een\u00e9s dans la guerre au Liban nous demandent maintenant des comptes pour avoir d\u00e9cid\u00e9 de n\u00e9gocier\u2026 Ce que nous faisons n\u2019est pas une trahison, la trahison est plut\u00f4t commise par ceux qui entra\u00eenent le pays dans une guerre au profit d\u2019int\u00e9r\u00eats \u00e9trangers\u00a0\u00bb<\/em>. <\/p>\n<p class=\"node__paragraphe antonia-750r text-grey-800 pb-24 pb-md-32\"> <a href=\"https:\/\/www.nouvelobs.com\/monde\/20240927.OBS94223\/liban-origines-structure-et-organisation-qu-est-ce-que-le-hezbollah.html\">Le mouvement islamiste iranien<\/a> avait aspir\u00e9 le Liban dans la guerre du Moyen-Orient le 2\u00a0mars en menant une attaque contre Isra\u00ebl pour venger <a href=\"https:\/\/www.nouvelobs.com\/monde\/20260301.OBS112791\/mort-de-l-ayatollah-ali-khamenei-un-guide-supreme-qui-a-reprime-5-fois-son-peuple.html\">la mort du guide supr\u00eame iranien Ali Khamenei<\/a> dans des frappes isra\u00e9lo-am\u00e9ricaines. Le pr\u00e9sident libanais r\u00e9agissait \u00e0 des propos du chef du Hezbollah Na\u00efm Kassem, qui a jug\u00e9 ce lundi que les autorit\u00e9s libanaises se sont <em>\u00ab\u00a0h\u00e2t\u00e9es de (\u2026) faire des concessions gratuites et humiliantes\u00a0\u00bb<\/em> en faisant le choix de n\u00e9gociations directes avec Isra\u00ebl. <\/p>\n<h2 class=\"node__heading latino-800m latino-lg-1400e text-grey-800 pb-8 pb-md-16\"> \u2022 36\u00a0personnes tu\u00e9es au Liban depuis le d\u00e9but de la tr\u00eave <\/h2>\n<p class=\"node__paragraphe antonia-750r text-grey-800 pb-24 pb-md-32\"> Dimanche soir, le minist\u00e8re libanais de la Sant\u00e9 a annonc\u00e9 un bilan de 14\u00a0morts dans des frappes isra\u00e9liennes sur le sud du pays, pr\u00e9cisant que deux femmes et deux enfants figuraient parmi les tu\u00e9s. De m\u00eame source, 37\u00a0autres personnes ont \u00e9t\u00e9 bless\u00e9es. Au moins 36\u00a0personnes ont \u00e9t\u00e9 tu\u00e9es dans des frappes isra\u00e9liennes au Liban depuis l\u2019entr\u00e9e en vigueur de la tr\u00eave, selon un bilan de l\u2019AFP sur la base de communications du minist\u00e8re. <\/p>\n<p class=\"node__paragraphe antonia-750r text-grey-800 pb-24 pb-md-32\"> Le Liban a \u00e9t\u00e9 entra\u00een\u00e9 le 2\u00a0mars dans la guerre, quand le Hezbollah a relanc\u00e9 des attaques sur Isra\u00ebl en repr\u00e9sailles <a href=\"https:\/\/www.nouvelobs.com\/monde\/20260228.OBS112752\/israel-et-les-etats-unis-lancent-une-operation-de-combat-majeure-en-iran-ce-que-l-on-sait.html\">\u00e0 l\u2019attaque isra\u00e9lo-am\u00e9ricaine contre l\u2019Iran<\/a>. Selon les termes de la tr\u00eave, Isra\u00ebl se r\u00e9serve le droit de continuer \u00e0 prendre pour cible le mouvement chiite pour emp\u00eacher des attaques <em>\u00ab\u00a0planifi\u00e9es, imminentes ou en cours\u00a0\u00bb<\/em>. Benyamin Netanyahou a assur\u00e9 qu\u2019Isra\u00ebl agissait <em>\u00ab\u00a0conform\u00e9ment aux accords conclus avec les Etats-Unis et aussi, soit dit en passant, avec le Liban. Cela implique une libert\u00e9 d\u2019action non seulement pour riposter aux attaques (\u2026) mais aussi pr\u00e9venir les menaces\u00a0\u00bb<\/em>. <\/p>\n<div class=\"article__author pb-32\">\n<p class=\"authors latino-600m text-grey-800\">        <span>Par\u00a0<\/span> Service Actu\u00a0(avec AFP)<\/p>\n<\/p><\/div>\n<\/p><\/div>\n<p><a href=\"https:\/\/www.nouvelobs.com\/monde\/20260427.OBS114503\/au-liban-le-cessez-le-feu-fragilise-frappes-dans-le-sud-du-pays-depuis-dimanche-au-moins-14-morts.html\">source<\/a><\/p>\n","protected":false},"excerpt":{"rendered":"<p>Une frappe isra\u00e9lienne dans le sud du Liban, le 27\u00a0avril 2026. \u00a0JALAA MAREY \/ AFP Lire\u00a0plus\u00a0tard Google Actualit\u00e9s Partager Facebook Bluesky E-mail Copier le lien Envoyer S\u2019abonner Depuis dimanche, le cessez-le-feu au Liban para\u00eet de plus en plus fragilis\u00e9. Ce lundi 27\u00a0avril, l\u2019arm\u00e9e isra\u00e9lienne a annonc\u00e9 avoir commenc\u00e9 \u00e0 frapper des positions du mouvement pro-iranien [&hellip;]<\/p>\n","protected":false},"author":1,"featured_media":129847,"comment_status":"open","ping_status":"open","sticky":false,"template":"","format":"standard","meta":{"_monsterinsights_skip_tracking":false,"_monsterinsights_sitenote_active":false,"_monsterinsights_sitenote_note":"","_monsterinsights_sitenote_category":0,"footnotes":""},"categories":[75],"tags":[],"coauthors":[77],"class_list":["post-129846","post","type-post","status-publish","format-standard","has-post-thumbnail","hentry","category-monde"],"aioseo_notices":[],"_links":{"self":[{"href":"https:\/\/pressactu.com\/index.php?rest_route=\/wp\/v2\/posts\/129846","targetHints":{"allow":["GET"]}}],"collection":[{"href":"https:\/\/pressactu.com\/index.php?rest_route=\/wp\/v2\/posts"}],"about":[{"href":"https:\/\/pressactu.com\/index.php?rest_route=\/wp\/v2\/types\/post"}],"author":[{"embeddable":true,"href":"https:\/\/pressactu.com\/index.php?rest_route=\/wp\/v2\/users\/1"}],"replies":[{"embeddable":true,"href":"https:\/\/pressactu.com\/index.php?rest_route=%2Fwp%2Fv2%2Fcomments&post=129846"}],"version-history":[{"count":0,"href":"https:\/\/pressactu.com\/index.php?rest_route=\/wp\/v2\/posts\/129846\/revisions"}],"wp:featuredmedia":[{"embeddable":true,"href":"https:\/\/pressactu.com\/index.php?rest_route=\/wp\/v2\/media\/129847"}],"wp:attachment":[{"href":"https:\/\/pressactu.com\/index.php?rest_route=%2Fwp%2Fv2%2Fmedia&parent=129846"}],"wp:term":[{"taxonomy":"category","embeddable":true,"href":"https:\/\/pressactu.com\/index.php?rest_route=%2Fwp%2Fv2%2Fcategories&post=129846"},{"taxonomy":"post_tag","embeddable":true,"href":"https:\/\/pressactu.com\/index.php?rest_route=%2Fwp%2Fv2%2Ftags&post=129846"},{"taxonomy":"author","embeddable":true,"href":"https:\/\/pressactu.com\/index.php?rest_route=%2Fwp%2Fv2%2Fcoauthors&post=129846"}],"curies":[{"name":"wp","href":"https:\/\/api.w.org\/{rel}","templated":true}]}}