{"id":129844,"date":"2026-04-28T01:28:31","date_gmt":"2026-04-28T01:28:31","guid":{"rendered":"https:\/\/pressactu.com\/?p=129844"},"modified":"2026-04-28T01:28:31","modified_gmt":"2026-04-28T01:28:31","slug":"tentative-de-meurtre-au-8erpima-le-militaire-de-23-ans-ecroue","status":"publish","type":"post","link":"https:\/\/pressactu.com\/?p=129844","title":{"rendered":"Tentative de meurtre au 8eRPIMa\u00a0: le militaire de 23 ans \u00e9crou\u00e9"},"content":{"rendered":"<p>\n                                                                    <span class=\"article-full__chapo-label hide-on-small-only\">l&#8217;essentiel<\/span><br \/>\n                                                                Nouvelle suite judiciaire pour le parachutiste du &#8220;8&#8221; impliqu\u00e9 dans l\u2019agression au couteau de mercredi dernier. Mis en examen pour tentative de meurtre, le jeune soldat de 23 ans a \u00e9t\u00e9 plac\u00e9 en d\u00e9tention provisoire. Il est d\u00e9j\u00e0 connu de la justice.\n                            <\/p>\n<div rel=\"js-article-content\" data-state=\"fixed-height\" data-selection=\"disabled\">\n                                                                                                                            <!-- Pub DFP Position [outstream] --><\/p>\n<p>Apr\u00e8s une semaine noire marqu\u00e9e par des violences mortelles \u00e0 Lardaill\u00e9 et devant la clinique du Sidobre \u00e0 Castres, le volet judiciaire de l\u2019affaire qui a secou\u00e9 le 8<sup>e<\/sup>RPIMa et son\u00a0quartier Fayolle vient de conna\u00eetre une acc\u00e9l\u00e9ration majeure.<\/p>\n<p><!-- Pub DFP Position [article] --><\/p>\n<p>Ce lundi 27\u00a0avril, le parquet de Toulouse a scell\u00e9 le sort du militaire de 23 ans interpell\u00e9 mercredi dernier. \u00c0 l\u2019issue d\u2019une garde \u00e0 vue prolong\u00e9e, une information judiciaire a \u00e9t\u00e9 ouverte vendredi 24\u00a0avril. Le mis en cause a \u00e9t\u00e9 pr\u00e9sent\u00e9 \u00e0 un juge d\u2019instruction\u00a0: il est d\u00e9sormais mis en examen pour tentative de meurtre et violences volontaires avec arme.<\/p>\n<h2 class=\"txt-int\">Un profil d\u00e9j\u00e0 connu de la justice<\/h2>\n<p>Les faits, qui se sont d\u00e9roul\u00e9s en pleine matin\u00e9e au sein des b\u00e2timents du r\u00e9giment d\u2019\u00e9lite castrais, restent empreints d\u2019une certaine violence. Pour un motif qui demeure myst\u00e9rieux, une altercation a \u00e9clat\u00e9 entre trois soldats. C\u2019est alors que l\u2019agresseur a sorti une lame, frappant deux de ses camarades. Si l\u2019une des victimes a \u00e9t\u00e9 plus s\u00e9rieusement touch\u00e9e au thorax, leurs jours ne sont\u00a0plus en danger.<\/p>\n<p>Le profil de l\u2019agresseur, interpell\u00e9 imm\u00e9diatement apr\u00e8s la rixe, commence \u00e0 s\u2019\u00e9claircir. Ce jeune engag\u00e9 n\u2019\u00e9tait pas un inconnu pour l\u2019institution judiciaire\u00a0: en 2023, il avait d\u00e9j\u00e0 fait l\u2019objet d\u2019une composition p\u00e9nale pour des faits de violences conjugales.<\/p>\n<p class=\"std-elt__inline\">\n        <strong>\u00c0 lire aussi :<\/strong><br \/>\n        <a href=\"\/2026\/04\/24\/militaires-blesses-a-castres-lagresseur-age-de-23-ans-avait-deja-eu-affaire-a-la-justice-pour-des-faits-de-violences-conjugales-13340590.php\">Militaires bless\u00e9s \u00e0 Castres\u00a0: l\u2019agresseur, \u00e2g\u00e9 de 23 ans, avait d\u00e9j\u00e0 eu affaire \u00e0 la justice pour des faits de violences conjugales<\/a>\n    <\/p>\n<p>Conform\u00e9ment aux r\u00e9quisitions, le juge des libert\u00e9s et de la d\u00e9tention a ordonn\u00e9 son placement derri\u00e8re les barreaux en attendant la suite de l\u2019instruction. Pour le 8<sup>e<\/sup>RPIMa, l\u2019heure est d\u00e9sormais \u00e0 la gestion interne de ce traumatisme, alors que l\u2019enqu\u00eate devra d\u00e9terminer ce qui a pu faire basculer une rixe de chambr\u00e9e en un drame qui aurait pu \u00eatre fatal.<\/p>\n<\/p><\/div>\n<p><a href=\"https:\/\/www.ladepeche.fr\/2026\/04\/27\/tentative-de-meurtre-au-8erpima-le-militaire-de-23-ans-ecroue-13345972.php\">source<\/a><\/p>\n","protected":false},"excerpt":{"rendered":"<p>l&#8217;essentiel Nouvelle suite judiciaire pour le parachutiste du &#8220;8&#8221; impliqu\u00e9 dans l\u2019agression au couteau de mercredi dernier. Mis en examen pour tentative de meurtre, le jeune soldat de 23 ans a \u00e9t\u00e9 plac\u00e9 en d\u00e9tention provisoire. Il est d\u00e9j\u00e0 connu de la justice. Apr\u00e8s une semaine noire marqu\u00e9e par des violences mortelles \u00e0 Lardaill\u00e9 et [&hellip;]<\/p>\n","protected":false},"author":1,"featured_media":129845,"comment_status":"open","ping_status":"open","sticky":false,"template":"","format":"standard","meta":{"_monsterinsights_skip_tracking":false,"_monsterinsights_sitenote_active":false,"_monsterinsights_sitenote_note":"","_monsterinsights_sitenote_category":0,"footnotes":""},"categories":[1],"tags":[],"coauthors":[77],"class_list":["post-129844","post","type-post","status-publish","format-standard","has-post-thumbnail","hentry","category-a-la-une"],"aioseo_notices":[],"_links":{"self":[{"href":"https:\/\/pressactu.com\/index.php?rest_route=\/wp\/v2\/posts\/129844","targetHints":{"allow":["GET"]}}],"collection":[{"href":"https:\/\/pressactu.com\/index.php?rest_route=\/wp\/v2\/posts"}],"about":[{"href":"https:\/\/pressactu.com\/index.php?rest_route=\/wp\/v2\/types\/post"}],"author":[{"embeddable":true,"href":"https:\/\/pressactu.com\/index.php?rest_route=\/wp\/v2\/users\/1"}],"replies":[{"embeddable":true,"href":"https:\/\/pressactu.com\/index.php?rest_route=%2Fwp%2Fv2%2Fcomments&post=129844"}],"version-history":[{"count":0,"href":"https:\/\/pressactu.com\/index.php?rest_route=\/wp\/v2\/posts\/129844\/revisions"}],"wp:featuredmedia":[{"embeddable":true,"href":"https:\/\/pressactu.com\/index.php?rest_route=\/wp\/v2\/media\/129845"}],"wp:attachment":[{"href":"https:\/\/pressactu.com\/index.php?rest_route=%2Fwp%2Fv2%2Fmedia&parent=129844"}],"wp:term":[{"taxonomy":"category","embeddable":true,"href":"https:\/\/pressactu.com\/index.php?rest_route=%2Fwp%2Fv2%2Fcategories&post=129844"},{"taxonomy":"post_tag","embeddable":true,"href":"https:\/\/pressactu.com\/index.php?rest_route=%2Fwp%2Fv2%2Ftags&post=129844"},{"taxonomy":"author","embeddable":true,"href":"https:\/\/pressactu.com\/index.php?rest_route=%2Fwp%2Fv2%2Fcoauthors&post=129844"}],"curies":[{"name":"wp","href":"https:\/\/api.w.org\/{rel}","templated":true}]}}