{"id":129842,"date":"2026-04-28T01:28:29","date_gmt":"2026-04-28T01:28:29","guid":{"rendered":"https:\/\/pressactu.com\/?p=129842"},"modified":"2026-04-28T01:28:29","modified_gmt":"2026-04-28T01:28:29","slug":"ca-me-dechire-le-coeur-rupture-des-ligaments-croises-8-mois-darret-et-une-coupe-du-monde-2026-avec-les-pays-bas-qui-senvole-pour-xavi-simons","status":"publish","type":"post","link":"https:\/\/pressactu.com\/?p=129842","title":{"rendered":"&quot;\u00c7a me d\u00e9chire le c\u0153ur&quot;\u00a0: rupture des ligaments crois\u00e9s, 8 mois d\u2019arr\u00eat et une Coupe du monde 2026 avec les Pays-Bas qui s\u2019envole pour Xavi Simons"},"content":{"rendered":"<p>\n                                                                    <span class=\"article-full__chapo-label hide-on-small-only\">l&#8217;essentiel<\/span><br \/>\n                                                                Bless\u00e9 au genou avec Tottenham ce week-end, l\u2019ancien joueur du Paris Saint-Germain Xavi Simons annonce son forfait pour la Coupe du monde 2026, \u00e0 la suite d\u2019une rupture des ligaments crois\u00e9s.\n                            <\/p>\n<div rel=\"js-article-content\">\n                                                                                                                            <!-- Pub DFP Position [outstream] --><\/p>\n<p>La Coupe du monde est le r\u00eave de tout footballeur, malheureusement pour Xavi Simons, ce r\u00eave a coup\u00e9 court avant m\u00eame la comp\u00e9tition. Sorti sur civi\u00e8re ce samedi apr\u00e8s un match avec Tottenham face \u00e0 Wolverhampton, le jeune milieu de terrain n\u00e9erlandais annonce une rupture des ligaments crois\u00e9s ant\u00e9rieurs du genou droit.<\/p>\n<p><!-- Pub DFP Position [article] --><\/p>\n<p class=\"std-elt__inline\">\n        <strong>\u00c0 lire aussi :<\/strong><br \/>\n        <a href=\"\/2026\/04\/15\/bliard-pires-ribery-benzema-apres-ekitike-ces-bleus-qui-ont-loupe-la-coupe-du-monde-a-cause-dune-blessure-au-dernier-moment-13326860.php\">Bliard, Pir\u00e8s, Rib\u00e9ry, Benzema\u2026 Apr\u00e8s Ekitike, ces Bleus qui ont loup\u00e9 la Coupe du monde \u00e0 cause d\u2019une blessure au dernier moment<\/a>\n    <\/p>\n<h2 class=\"txt-int\">Entre huit et dix mois de r\u00e9\u00e9ducation<\/h2>\n<p>Ce type de blessure est l\u2019une des plus difficiles pour un footballeur, car la r\u00e9\u00e9ducation est souvent longue et difficile, coupl\u00e9e \u00e0 l\u2019angoisse de ne pas pouvoir retrouver le niveau qu\u2019on avait avant. Mais \u00e0 quelques semaines du Mondial, cette blessure est un v\u00e9ritable coup de massue dans la carri\u00e8re du jeune joueur de 23 ans.<\/p>\n<blockquote data-instgrm-captioned=\"\" data-instgrm-permalink=\"https:\/\/www.instagram.com\/p\/DXnD9pTiJtt\/?utm_source=ig_embed&amp;utm_campaign=loading\" data-instgrm-version=\"14\" style=\" background:#FFF; border:0; border-radius:3px; box-shadow:0 0 1px 0 rgba(0,0,0,0.5),0 1px 10px 0 rgba(0,0,0,0.15); margin: 1px; max-width:540px; min-width:326px; padding:0; width:99.375%; width:-webkit-calc(100% - 2px); width:calc(100% - 2px);\" data-class=\"instagram-media\"\/>\n<p>&#8220;Ma saison s\u2019est termin\u00e9e de mani\u00e8re brutale et j\u2019essaie juste de l\u2019encaisser. Tout ce que je voulais, c\u2019\u00e9tait me battre pour mon \u00e9quipe et maintenant, la possibilit\u00e9 de le faire m\u2019a \u00e9t\u00e9 arrach\u00e9e\u2026 ainsi que la Coupe du monde&#8221;, explique l\u2019ancien Parisien sur ses r\u00e9seaux sociaux avant d\u2019ajouter\u00a0: &#8220;\u00c7a me d\u00e9chire le c\u0153ur&#8221;.<\/p>\n<\/p><\/div>\n<p><a href=\"https:\/\/www.ladepeche.fr\/2026\/04\/27\/ca-me-dechire-le-coeur-rupture-des-ligaments-croises-8-mois-darret-et-une-coupe-du-monde-2026-avec-les-pays-bas-qui-senvole-pour-xavi-simons-13345727.php\">source<\/a><\/p>\n","protected":false},"excerpt":{"rendered":"<p>l&#8217;essentiel Bless\u00e9 au genou avec Tottenham ce week-end, l\u2019ancien joueur du Paris Saint-Germain Xavi Simons annonce son forfait pour la Coupe du monde 2026, \u00e0 la suite d\u2019une rupture des ligaments crois\u00e9s. La Coupe du monde est le r\u00eave de tout footballeur, malheureusement pour Xavi Simons, ce r\u00eave a coup\u00e9 court avant m\u00eame la comp\u00e9tition. [&hellip;]<\/p>\n","protected":false},"author":1,"featured_media":129843,"comment_status":"open","ping_status":"open","sticky":false,"template":"","format":"standard","meta":{"_monsterinsights_skip_tracking":false,"_monsterinsights_sitenote_active":false,"_monsterinsights_sitenote_note":"","_monsterinsights_sitenote_category":0,"footnotes":""},"categories":[71],"tags":[],"coauthors":[77],"class_list":["post-129842","post","type-post","status-publish","format-standard","has-post-thumbnail","hentry","category-sport"],"aioseo_notices":[],"_links":{"self":[{"href":"https:\/\/pressactu.com\/index.php?rest_route=\/wp\/v2\/posts\/129842","targetHints":{"allow":["GET"]}}],"collection":[{"href":"https:\/\/pressactu.com\/index.php?rest_route=\/wp\/v2\/posts"}],"about":[{"href":"https:\/\/pressactu.com\/index.php?rest_route=\/wp\/v2\/types\/post"}],"author":[{"embeddable":true,"href":"https:\/\/pressactu.com\/index.php?rest_route=\/wp\/v2\/users\/1"}],"replies":[{"embeddable":true,"href":"https:\/\/pressactu.com\/index.php?rest_route=%2Fwp%2Fv2%2Fcomments&post=129842"}],"version-history":[{"count":0,"href":"https:\/\/pressactu.com\/index.php?rest_route=\/wp\/v2\/posts\/129842\/revisions"}],"wp:featuredmedia":[{"embeddable":true,"href":"https:\/\/pressactu.com\/index.php?rest_route=\/wp\/v2\/media\/129843"}],"wp:attachment":[{"href":"https:\/\/pressactu.com\/index.php?rest_route=%2Fwp%2Fv2%2Fmedia&parent=129842"}],"wp:term":[{"taxonomy":"category","embeddable":true,"href":"https:\/\/pressactu.com\/index.php?rest_route=%2Fwp%2Fv2%2Fcategories&post=129842"},{"taxonomy":"post_tag","embeddable":true,"href":"https:\/\/pressactu.com\/index.php?rest_route=%2Fwp%2Fv2%2Ftags&post=129842"},{"taxonomy":"author","embeddable":true,"href":"https:\/\/pressactu.com\/index.php?rest_route=%2Fwp%2Fv2%2Fcoauthors&post=129842"}],"curies":[{"name":"wp","href":"https:\/\/api.w.org\/{rel}","templated":true}]}}