{"id":129840,"date":"2026-04-28T00:21:28","date_gmt":"2026-04-28T00:21:28","guid":{"rendered":"https:\/\/pressactu.com\/?p=129840"},"modified":"2026-04-28T00:21:28","modified_gmt":"2026-04-28T00:21:28","slug":"55-kilometres-de-reseau-aerien-renoves-en-quatre-jours-un-chantier-express-realise-dans-le-lot-et-garonne-sans-aucune-interruption-electrique","status":"publish","type":"post","link":"https:\/\/pressactu.com\/?p=129840","title":{"rendered":"&quot;5,5 kilom\u00e8tres de r\u00e9seau a\u00e9rien r\u00e9nov\u00e9s en quatre jours&quot; : un chantier express r\u00e9alis\u00e9 dans le Lot-et-Garonne sans aucune interruption \u00e9lectrique"},"content":{"rendered":"<p>\n                                                                    <span class=\"article-full__chapo-label hide-on-small-only\">l&#8217;essentiel<\/span><br \/>\n                                                                Du lundi 20 au jeudi 23 avril, Enedis a men\u00e9 un chantier de r\u00e9novation \u00e0 Sauveterre-Saint-Denis, dans le Lot-et-Garonne. La subtilit\u00e9\u00a0? L\u2019op\u00e9ration a \u00e9t\u00e9 effectu\u00e9e sans interruption \u00e9lectrique.\n                            <\/p>\n<div rel=\"js-article-content\" data-state=\"fixed-height\" data-selection=\"disabled\">\n                                                                                                                            <!-- Pub DFP Position [outstream] --><\/p>\n<p>&#8220;5,5 kilom\u00e8tres de r\u00e9seau a\u00e9rien r\u00e9nov\u00e9s en quatre\u00a0jours&#8221;, c\u2019est le bilan annonc\u00e9 par Enedis. La semaine derni\u00e8re, en mobilisant une quinzaine de techniciens d\u2019Agen par jour, l\u2019entreprise a r\u00e9alis\u00e9 ce\u00a0chantier pr\u00e9ventif sans g\u00eaner ses clients.<\/p>\n<p><!-- Pub DFP Position [article] --><\/p>\n<p>Pas un simple chantier, FIER vise &#8220;\u00e0 r\u00e9nover le r\u00e9seau \u00e9lectrique et \u00e0 prolonger sa dur\u00e9e de vie&#8221;, affirme l&#8217;op\u00e9rateur. Pour atteindre cet objectif, une\u00a0mobilisation exceptionnelle de ressources a \u00e9t\u00e9 d\u00e9ploy\u00e9e sur\u00a0un temps d\u2019intervention r\u00e9duit, afin de limiter au maximum les \u00e9ventuelles coupures.<\/p>\n<p>Durant ces quatre jours, les techniciens ont r\u00e9nov\u00e9 une trentaine de poteaux et onze\u00a0transformateurs \u00e9lectriques. Un\u00a0travail qui contribue \u00e0 am\u00e9liorer la performance du r\u00e9seau\u00a0et \u00e0 assurer &#8220;sa fiabilit\u00e9 et sa p\u00e9rennit\u00e9&#8221;. Un engagement que l&#8217;entreprise\u00a0m\u00e8ne depuis le d\u00e9but de l&#8217;ann\u00e9e.\u00a0<\/p>\n<p class=\"std-elt__inline\">\n        <strong>\u00c0 lire aussi :<\/strong><br \/>\n        <a href=\"\/2026\/02\/02\/ils-se-font-passer-pour-des-partenaires-une-nouvelle-vague-de-demarchage-frauduleux-sabat-enedis-met-en-garde-13200260.php\">&#8220;Ils se font passer pour des partenaires&#8221;\u00a0: Une nouvelle vague de d\u00e9marchage frauduleux s\u2019abat, Enedis met en garde<\/a>\n    <\/p>\n<h2 class=\"txt-int\">De nouveaux liens avec le territoire<\/h2>\n<p>Le chantier FIER &#8220;illustre la coop\u00e9ration \u00e9troite entre Enedis et les collectivit\u00e9s locales&#8221;, souligne\u00a0l&#8217;entreprise dans son communiqu\u00e9 de presse. Plusieurs \u00e9lus sont venus visiter le chantier mercredi dernier. Le maire de Caudecoste, Fran\u00e7ois Dailledouze, avait accueilli une op\u00e9ration similaire sur sa commune l&#8217;ann\u00e9e derni\u00e8re. Accompagn\u00e9 du\u00a0maire de Sauveterre-Saint-Denis, Yves Brandolin, invit\u00e9 pour\u00a0observer\u00a0les travaux\u00a0sur les terres de son village.\u00a0<\/p>\n<p>Neuf lyc\u00e9ens du lyc\u00e9e professionnel\u00a0Jean-Monnet de Foulayronnes, dans le cadre d&#8217;un partenariat avec Enedis, ont \u00e9galement pu d\u00e9couvrir le chantier. Une jeunesse qui ne surprend pas. L&#8217;entreprise encourage\u00a0ses \u00e9changes afin de faire d\u00e9couvrir les m\u00e9tiers\u00a0de technicien\u00a0r\u00e9seau.\u00a0<\/p>\n<\/p><\/div>\n<p><a href=\"https:\/\/www.ladepeche.fr\/2026\/04\/27\/55-kilometres-de-reseau-aerien-renoves-en-quatre-jours-un-chantier-express-realise-dans-le-lot-et-garonne-sans-aucune-interruption-electrique-13345849.php\">source<\/a><\/p>\n","protected":false},"excerpt":{"rendered":"<p>l&#8217;essentiel Du lundi 20 au jeudi 23 avril, Enedis a men\u00e9 un chantier de r\u00e9novation \u00e0 Sauveterre-Saint-Denis, dans le Lot-et-Garonne. La subtilit\u00e9\u00a0? L\u2019op\u00e9ration a \u00e9t\u00e9 effectu\u00e9e sans interruption \u00e9lectrique. &#8220;5,5 kilom\u00e8tres de r\u00e9seau a\u00e9rien r\u00e9nov\u00e9s en quatre\u00a0jours&#8221;, c\u2019est le bilan annonc\u00e9 par Enedis. La semaine derni\u00e8re, en mobilisant une quinzaine de techniciens d\u2019Agen par jour, [&hellip;]<\/p>\n","protected":false},"author":1,"featured_media":129841,"comment_status":"open","ping_status":"open","sticky":false,"template":"","format":"standard","meta":{"_monsterinsights_skip_tracking":false,"_monsterinsights_sitenote_active":false,"_monsterinsights_sitenote_note":"","_monsterinsights_sitenote_category":0,"footnotes":""},"categories":[74],"tags":[],"coauthors":[77],"class_list":["post-129840","post","type-post","status-publish","format-standard","has-post-thumbnail","hentry","category-economie"],"aioseo_notices":[],"_links":{"self":[{"href":"https:\/\/pressactu.com\/index.php?rest_route=\/wp\/v2\/posts\/129840","targetHints":{"allow":["GET"]}}],"collection":[{"href":"https:\/\/pressactu.com\/index.php?rest_route=\/wp\/v2\/posts"}],"about":[{"href":"https:\/\/pressactu.com\/index.php?rest_route=\/wp\/v2\/types\/post"}],"author":[{"embeddable":true,"href":"https:\/\/pressactu.com\/index.php?rest_route=\/wp\/v2\/users\/1"}],"replies":[{"embeddable":true,"href":"https:\/\/pressactu.com\/index.php?rest_route=%2Fwp%2Fv2%2Fcomments&post=129840"}],"version-history":[{"count":0,"href":"https:\/\/pressactu.com\/index.php?rest_route=\/wp\/v2\/posts\/129840\/revisions"}],"wp:featuredmedia":[{"embeddable":true,"href":"https:\/\/pressactu.com\/index.php?rest_route=\/wp\/v2\/media\/129841"}],"wp:attachment":[{"href":"https:\/\/pressactu.com\/index.php?rest_route=%2Fwp%2Fv2%2Fmedia&parent=129840"}],"wp:term":[{"taxonomy":"category","embeddable":true,"href":"https:\/\/pressactu.com\/index.php?rest_route=%2Fwp%2Fv2%2Fcategories&post=129840"},{"taxonomy":"post_tag","embeddable":true,"href":"https:\/\/pressactu.com\/index.php?rest_route=%2Fwp%2Fv2%2Ftags&post=129840"},{"taxonomy":"author","embeddable":true,"href":"https:\/\/pressactu.com\/index.php?rest_route=%2Fwp%2Fv2%2Fcoauthors&post=129840"}],"curies":[{"name":"wp","href":"https:\/\/api.w.org\/{rel}","templated":true}]}}