{"id":129834,"date":"2026-04-27T23:48:00","date_gmt":"2026-04-27T23:48:00","guid":{"rendered":"https:\/\/pressactu.com\/?p=129834"},"modified":"2026-04-27T23:48:00","modified_gmt":"2026-04-27T23:48:00","slug":"disparition-de-medhi-narjissi-on-ne-peut-pas-se-rejouir-les-parents-du-jeune-rugbyman-reagissent-a-la-mise-en-examen-de-la-ffr","status":"publish","type":"post","link":"https:\/\/pressactu.com\/?p=129834","title":{"rendered":"Disparition de Medhi Narjissi\u00a0: &quot;On ne peut pas se r\u00e9jouir&quot;, les parents du jeune rugbyman r\u00e9agissent \u00e0 la mise en examen de la FFR"},"content":{"rendered":"<p>\n                                                                    <span class=\"article-full__chapo-label hide-on-small-only\">l&#8217;essentiel<\/span><br \/>\n                                                                Jalil et Val\u00e9rie Narjissi\u00a0r\u00e9agissent \u00e0 la mise en examen de la FFR dans le cadre de la disparition de leur fils Medhi en ao\u00fbt\u00a02024. Pour eux, impossible de voir cette \u00e9tape comme un &#8220;soulagement&#8221;.\n                            <\/p>\n<div rel=\"js-article-content\" data-state=\"fixed-height\" data-selection=\"disabled\">\n                                                                                                                            <!-- Pub DFP Position [outstream] --><\/p>\n<p>La F\u00e9d\u00e9ration fran\u00e7aise de rugby (FFR) a \u00e9t\u00e9 <a href=\"https:\/\/www.ladepeche.fr\/2026\/04\/24\/disparition-de-mehdi-narjissi-la-ffr-mise-en-examen-pour-homicide-involontaire-13342166.php\" target=\"_self\">mise en examen pour homicide involontaire, ce vendredi 24\u00a0avril<\/a>, dans le cadre de l\u2019information judiciaire ouverte apr\u00e8s la disparition en mer de Medhi Narjissi en 2024.<\/p>\n<p><!-- Pub DFP Position [article] --><\/p>\n<p class=\"std-elt__inline\">\n        <strong>\u00c0 lire aussi :<\/strong><br \/>\n        <a href=\"\/2026\/04\/24\/disparition-de-medhi-narjissi-une-decision-qui-me-parait-logique-edouard-martial-avocat-de-la-famille-reagit-a-la-mise-en-examen-de-la-ffr-13342299.php\">Disparition de Medhi Narjissi. &#8220;Une d\u00e9cision qui me para\u00eet logique&#8221;\u00a0: \u00c9douard Martial, avocat de la famille, r\u00e9agit \u00e0 la mise en examen de la FFR<\/a>\n    <\/p>\n<p>Jalil et Val\u00e9rie Narjissi, les parents du jeune rugbyman, accueillent cette d\u00e9cision &#8220;comme une \u00e9tape&#8221;. Mais impossible de parler d\u2019un quelconque soulagement. &#8220;La justice fait son travail, mais on ne peut pas se r\u00e9jouir, indiquent les parents dans un communiqu\u00e9. On voit que \u00e7a avance, mais notre vie s\u2019est arr\u00eat\u00e9e depuis ce jour-l\u00e0. Des adultes ont jou\u00e9 avec la vie d\u2019adolescents, et le n\u00f4tre n\u2019est pas revenu.&#8221;<\/p>\n<h2 class=\"txt-int\">&#8220;Nous sommes an\u00e9antis&#8221;<\/h2>\n<p>Pour eux, chaque \u00e9tape dans l\u2019affaire &#8220;ne fait que remuer la douleur&#8221;. &#8220;\u00c0 chaque fois, c\u2019est pire, \u00e9crivent-ils. Pour nous, elle sera toujours l\u00e0. Nous avons attendu toute la journ\u00e9e. Nous pensions que cette d\u00e9cision allait peut-\u00eatre nous apporter une forme de satisfaction, mais pas du tout. Nous sommes an\u00e9antis.&#8221;<\/p>\n<p class=\"std-elt__inline\">\n        <strong>\u00c0 lire aussi :<\/strong><br \/>\n        <a href=\"\/2026\/04\/25\/disparition-de-medhi-narjissi-elle-ne-constitue-en-aucun-cas-une-declaration-de-culpabilite-lavocat-de-la-ffr-reagit-a-la-mise-en-examen-13342320.php\">Disparition de Medhi Narjissi. &#8220;Elle ne constitue en aucun cas une d\u00e9claration de culpabilit\u00e9&#8221;\u00a0: l\u2019avocat de la FFR r\u00e9agit \u00e0 la mise en examen<\/a>\n    <\/p>\n<p>D\u00e9sormais, Val\u00e9rie et Jalil attendent surtout que &#8220;toute la cha\u00eene de responsabilit\u00e9s soit \u00e9tablie&#8221;. &#8220;Il y avait neuf adultes encadrants sur cette plage, et ils n\u2019ont rien fait, ni pour emp\u00eacher cela, ni pour porter secours \u00e0 Medhi, poursuivent-ils. Tous les responsables doivent r\u00e9pondre de leurs actes. Les manquements graves de la F\u00e9d\u00e9ration fran\u00e7aise de rugby dans l\u2019organisation et l\u2019encadrement de ce s\u00e9jour doivent \u00eatre pleinement \u00e9tablis.&#8221;<\/p>\n<\/p><\/div>\n<p><a href=\"https:\/\/www.ladepeche.fr\/2026\/04\/27\/disparition-de-medhi-narjissi-on-ne-peut-pas-se-rejouir-les-parents-du-jeune-rugbyman-reagissent-a-la-mise-en-examen-de-la-ffr-13345637.php\">source<\/a><\/p>\n","protected":false},"excerpt":{"rendered":"<p>l&#8217;essentiel Jalil et Val\u00e9rie Narjissi\u00a0r\u00e9agissent \u00e0 la mise en examen de la FFR dans le cadre de la disparition de leur fils Medhi en ao\u00fbt\u00a02024. Pour eux, impossible de voir cette \u00e9tape comme un &#8220;soulagement&#8221;. La F\u00e9d\u00e9ration fran\u00e7aise de rugby (FFR) a \u00e9t\u00e9 mise en examen pour homicide involontaire, ce vendredi 24\u00a0avril, dans le cadre [&hellip;]<\/p>\n","protected":false},"author":1,"featured_media":129835,"comment_status":"open","ping_status":"open","sticky":false,"template":"","format":"standard","meta":{"_monsterinsights_skip_tracking":false,"_monsterinsights_sitenote_active":false,"_monsterinsights_sitenote_note":"","_monsterinsights_sitenote_category":0,"footnotes":""},"categories":[71],"tags":[],"coauthors":[77],"class_list":["post-129834","post","type-post","status-publish","format-standard","has-post-thumbnail","hentry","category-sport"],"aioseo_notices":[],"_links":{"self":[{"href":"https:\/\/pressactu.com\/index.php?rest_route=\/wp\/v2\/posts\/129834","targetHints":{"allow":["GET"]}}],"collection":[{"href":"https:\/\/pressactu.com\/index.php?rest_route=\/wp\/v2\/posts"}],"about":[{"href":"https:\/\/pressactu.com\/index.php?rest_route=\/wp\/v2\/types\/post"}],"author":[{"embeddable":true,"href":"https:\/\/pressactu.com\/index.php?rest_route=\/wp\/v2\/users\/1"}],"replies":[{"embeddable":true,"href":"https:\/\/pressactu.com\/index.php?rest_route=%2Fwp%2Fv2%2Fcomments&post=129834"}],"version-history":[{"count":0,"href":"https:\/\/pressactu.com\/index.php?rest_route=\/wp\/v2\/posts\/129834\/revisions"}],"wp:featuredmedia":[{"embeddable":true,"href":"https:\/\/pressactu.com\/index.php?rest_route=\/wp\/v2\/media\/129835"}],"wp:attachment":[{"href":"https:\/\/pressactu.com\/index.php?rest_route=%2Fwp%2Fv2%2Fmedia&parent=129834"}],"wp:term":[{"taxonomy":"category","embeddable":true,"href":"https:\/\/pressactu.com\/index.php?rest_route=%2Fwp%2Fv2%2Fcategories&post=129834"},{"taxonomy":"post_tag","embeddable":true,"href":"https:\/\/pressactu.com\/index.php?rest_route=%2Fwp%2Fv2%2Ftags&post=129834"},{"taxonomy":"author","embeddable":true,"href":"https:\/\/pressactu.com\/index.php?rest_route=%2Fwp%2Fv2%2Fcoauthors&post=129834"}],"curies":[{"name":"wp","href":"https:\/\/api.w.org\/{rel}","templated":true}]}}