{"id":129828,"date":"2026-04-27T22:07:05","date_gmt":"2026-04-27T22:07:05","guid":{"rendered":"https:\/\/pressactu.com\/?p=129828"},"modified":"2026-04-27T22:07:05","modified_gmt":"2026-04-27T22:07:05","slug":"direct-guerre-au-moyen-orient-le-president-libanais-dit-au-hezbollah-que-la-trahison-est-dentrainer-le-pays-dans-la-guerre","status":"publish","type":"post","link":"https:\/\/pressactu.com\/?p=129828","title":{"rendered":"DIRECT. Guerre au Moyen-Orient\u00a0:  le pr\u00e9sident libanais dit au Hezbollah que &quot;la trahison&quot; est d&#039;entra\u00eener le pays dans la guerre"},"content":{"rendered":"<div id=\"live_post_EVMOHNRQN03K9RW\">\n<div class=\"live-post__content\">\n<h2 class=\"live-post__title\">C&#8217;est la fin de ce direct<\/h2>\n<p class=\"live-post__amorce\">Merci de nous avoir suivi<\/p>\n<\/div>\n<\/div>\n<div id=\"live_post_EVMOHKEXQOTWFRU\">\n<div class=\"live-post__content\">\n<h2 class=\"live-post__title\">Emmanuel Macron\u00a0promet d&#8217;\u00e9changer avec l&#8217;Iran pour &#8220;traiter le probl\u00e8me \u00e0 sa racine&#8221; et rouvrir le d\u00e9troit<\/h2>\n<p class=\"live-post__amorce\">Le pr\u00e9sident fran\u00e7ais est revenu ce lundi sur le conflit au Moyen-Orient : ce dernier a promis d&#8217;\u00e9changer prochainement avec les autorit\u00e9s iraniennes pour &#8220;traiter le probl\u00e8me&#8221; de la hausse des prix de carburant &#8220;\u00e0 sa racine&#8221;, et tenter d&#8217;obtenir une r\u00e9ouverture du d\u00e9troit d&#8217;Ormuz. &#8220;La cause du probl\u00e8me, c&#8217;est qu&#8217;aujourd&#8217;hui il y a ce blocus et le d\u00e9troit d&#8217;Ormuz qui est ferm\u00e9. Donc il faut traiter le probl\u00e8me \u00e0 la racine, permettre aux choses de repartir&#8221;, a annonc\u00e9 le pr\u00e9sident fran\u00e7ais. <\/p>\n<\/div>\n<\/div>\n<div id=\"live_post_EVMOHJ1NOCII12Z\">\n<div class=\"live-post__content\">\n<h2 class=\"live-post__title\">Le chef de l&#8217;arm\u00e9e isra\u00e9lienne dit que 2026 &#8220;pourrait encore \u00eatre une ann\u00e9e de combats&#8221; sur tous les fronts<\/h2>\n<p class=\"live-post__amorce\">Le chef d&#8217;\u00e9tat-major de l&#8217;arm\u00e9e isra\u00e9lienne, Eyal Zamir, a affirm\u00e9 lundi que 2026 &#8220;pourrait encore \u00eatre une ann\u00e9e de combats&#8221; sur tous les fronts, selon un communiqu\u00e9 militaire. &#8220;Depuis le 7 octobre (2023, NDLR), l&#8217;arm\u00e9e est engag\u00e9e dans une campagne continue sur plusieurs fronts. Nous demeurons pr\u00eats et en alerte face \u00e0 la possibilit\u00e9 d&#8217;une reprise de combats intenses sur l&#8217;ensemble de ces fronts \u2014 l&#8217;ann\u00e9e 2026 pourrait encore \u00eatre une ann\u00e9e de combats sur chacun d&#8217;entre eux&#8221;, a d\u00e9clar\u00e9 le lieutenant-g\u00e9n\u00e9ral Eyal Zamir lors d&#8217;une rencontre avec des officiers.<\/p>\n<\/div>\n<\/div>\n<div id=\"live_post_EVMOHFWWQV7Z15I\">\n<div class=\"live-post__content\">\n<h2 class=\"live-post__title\">Selon Jean-No\u00ebl Barraut, chef de la diplomatie fran\u00e7aise, l&#8217;Iran doit faire &#8220;concessions majeures&#8221; pour mettre fin \u00e0 la guerre<\/h2>\n<p class=\"live-post__amorce\">&#8220;Il n\u2019y aura pas de solution durable \u00e0 cette crise sans que le r\u00e9gime iranien ne consente \u00e0 des concessions majeures et un changement radical de posture&#8221;, a r\u00e9agi Jean-No\u00ebl Barrit, ministre fran\u00e7ais des affaires \u00e9trang\u00e8res, lors d\u2019une r\u00e9union du Conseil de s\u00e9curit\u00e9 de l\u2019Organisation des Nations unies (ONU).<\/p>\n<\/div>\n<\/div>\n<div id=\"live_post_EVMOHEKWTXLB73R\">\n<div class=\"live-post__content\">\n<h2 class=\"live-post__title\">En Russie, le chef de la diplomatie iranienne accuse Washington d&#8217;avoir fait \u00e9chouer les pourparlers<\/h2>\n<p class=\"live-post__amorce\">Le ministre iranien des Affaires \u00e9trang\u00e8res, Abbas Araghchi, a accus\u00e9 lundi Washington d&#8217;avoir fait \u00e9chouer leurs pourparlers de paix, \u00e0 l&#8217;occasion d&#8217;une visite en Russie o\u00f9 le pr\u00e9sident Vladimir Poutine l&#8217;a assur\u00e9 de son soutien pour mettre un terme \u00e0 la guerre. Les tentatives de relance des discussions sur le cessez-le-feu et la r\u00e9ouverture \u00e0 la navigation du d\u00e9troit d&#8217;Ormuz &#8211; \u00e9bauch\u00e9es d\u00e9but avril \u00e0 Islamabad &#8211; ont jusqu&#8217;ici \u00e9chou\u00e9 face \u00e0 la fermet\u00e9 affich\u00e9e par Washington et T\u00e9h\u00e9ran. &#8220;Les approches am\u00e9ricaines ont fait que le pr\u00e9c\u00e9dent cycle de n\u00e9gociations, malgr\u00e9 des progr\u00e8s, n&#8217;a pas atteint ses objectifs en raison d&#8217;exigences excessives&#8221;, a d\u00e9nonc\u00e9 Abbas Araghchi \u00e0 son arriv\u00e9e \u00e0 Saint-P\u00e9tersbourg (nord-ouest).<\/p>\n<\/div>\n<\/div>\n<div id=\"live_post_EVMOHEJDJ6RYWUF\">\n<div class=\"live-post__content\">\n<h2 class=\"live-post__title\">L&#8217;Iran est &#8220;stable, robuste&#8221;, dit son chef de la diplomatie \u00e0 Vladimir Poutine<\/h2>\n<p class=\"live-post__amorce\">Le ministre iranien des Affaires \u00e9trang\u00e8res, Abbas Araghchi, a affirm\u00e9 que la R\u00e9publique islamique \u00e9tait &#8220;stable&#8221; et &#8220;robuste&#8221; lors d&#8217;un entretien avec le pr\u00e9sident russe Vladimir Poutine, a rapport\u00e9 lundi la t\u00e9l\u00e9vision d&#8217;\u00c9tat russe. Lors de ces discussions \u00e0 Saint-P\u00e9tersbourg (nord-ouest), Abbas Araghchi a estim\u00e9 \u00a0que depuis la guerre d\u00e9clench\u00e9e par les Etats-Unis et Isra\u00ebl, &#8220;le monde a d\u00e9sormais compris la v\u00e9ritable puissance de l&#8217;Iran&#8221;, et qu'&#8221;il est devenu \u00e9vident que la R\u00e9publique islamique est un syst\u00e8me stable, robuste et puissant&#8221;. Il a ajout\u00e9 que la Russie \u00e9tait solidaire de l&#8217;Iran, et que les deux pays allaient poursuivre leur &#8220;partenariat strat\u00e9gique&#8221;, selon la m\u00eame source.\u00a0<\/p>\n<\/div>\n<\/div>\n<div id=\"live_post_EVMOHAA1MGB5CSP\">\n<div class=\"live-post__content\">\n<h2 class=\"live-post__title\">Vladimir Poutine assure que Moscou fera &#8220;tout&#8221; pour ramener la paix au Moyen-Orient<\/h2>\n<p class=\"live-post__amorce\">Aupr\u00e8s du chef de la diplomatie iranienne, Vladimir Poutine a assur\u00e9 que la Russie allait &#8220;tout&#8221; faire pour tenter de ramener la paix au Moyen-Orient. &#8220;Pour notre part, nous ferons tout ce qui sert vos int\u00e9r\u00eats, les int\u00e9r\u00eats de tous les peuples de la r\u00e9gion, afin que la paix puisse \u00eatre obtenue le plus rapidement possible&#8221;, a affirm\u00e9 le pr\u00e9sident russe. Le chef de la diplomatie iranienne, en tourn\u00e9e diplomatique pour recueillir des soutiens dans la guerre contre Washington, est arriv\u00e9 lundi matin \u00e0 Saint-P\u00e9tersbourg (nord-ouest de la Russie) o\u00f9 se d\u00e9roule la rencontre. Le ministre iranien a accus\u00e9 d\u00e8s son arriv\u00e9e Washington d&#8217;avoir fait \u00e9chouer les pourparlers de paix au Pakistan.\u00a0&#8220;Nous voyons avec quelle bravoure et h\u00e9ro\u00efsme le peuple iranien se bat pour son ind\u00e9pendance&#8221;, a encore d\u00e9clar\u00e9 Vladimir Poutine selon l&#8217;agence de presse TASS.<\/p>\n<\/div>\n<\/div>\n<div id=\"live_post_EVMOHA8LJW8EP51\">\n<div class=\"live-post__content\">\n<h2 class=\"live-post__title\">En Russie, le chef de la diplomatie iranienne accuse Washington d&#8217;avoir fait \u00e9chouer les pourparlers<\/h2>\n<p class=\"live-post__amorce\">Le ministre iranien des Affaires \u00e9trang\u00e8res Abbas Araghchi a accus\u00e9 lundi Washington d&#8217;avoir fait \u00e9chouer leurs pourparlers de paix, d\u00e8s son arriv\u00e9e en Russie, nouvelle \u00e9tape de sa tourn\u00e9e diplomatique. Les tentatives de relance des discussions sur le cessez-le-feu et la r\u00e9ouverture \u00e0 la navigation du d\u00e9troit d&#8217;Ormuz &#8211; \u00e9bauch\u00e9es d\u00e9but avril \u00e0 Islamabad &#8211; ont jusqu&#8217;ici \u00e9chou\u00e9 face \u00e0 la fermet\u00e9 affich\u00e9e par Washington et T\u00e9h\u00e9ran. &#8220;Les approches am\u00e9ricaines ont fait que le pr\u00e9c\u00e9dent cycle de n\u00e9gociations, malgr\u00e9 des progr\u00e8s, n&#8217;a pas atteint ses objectifs en raison d&#8217;exigences excessives&#8221;, a d\u00e9nonc\u00e9 Abbas Araghchi, \u00e0 son arriv\u00e9e \u00e0 Saint-P\u00e9tersbourg (nord-ouest).<\/p>\n<\/div>\n<\/div>\n<div id=\"live_post_EVMOH7EBU1DL7UB\">\n<div class=\"live-post__content\">\n<h2 class=\"live-post__title\">L&#8217;arm\u00e9e isra\u00e9lienne affirme frapper des positions du Hezbollah dans la vall\u00e9e de la Bekaa, dans l&#8217;est du Liban<\/h2>\n<p class=\"live-post__amorce\">L&#8217;arm\u00e9e isra\u00e9lienne a annonc\u00e9 avoir commenc\u00e9 \u00e0 frapper des positions du mouvement pro-iranien Hezbollah dans la r\u00e9gion libanaise de la Bekaa (est). &#8220;L&#8217;arm\u00e9e isra\u00e9lienne a commenc\u00e9 \u00e0 frapper des sites d&#8217;infrastructures du Hezbollah dans la vall\u00e9e de la Bekaa, et dans d&#8217;autres zones du sud du Liban&#8221;, a-t-elle indiqu\u00e9 dans un communiqu\u00e9.<\/p>\n<\/div>\n<\/div>\n<div id=\"live_post_EVMOH6JKB08MPEY\">\n<div class=\"live-post__content\">\n<h2 class=\"live-post__title\">L&#8217;Iran estime que son arm\u00e9e devrait avoir autorit\u00e9 sur le d\u00e9troit d&#8217;Ormuz<\/h2>\n<p class=\"live-post__amorce\">Ebrahim Azizi, pr\u00e9sident de la commission du Parlement sur la s\u00e9curit\u00e9 nationale, charg\u00e9e d&#8217;examiner  une proposition de loi, a pr\u00e9cis\u00e9 \u00e0 la t\u00e9l\u00e9vision d&#8217;Etat que les forces arm\u00e9es contr\u00f4leraient le d\u00e9troit pour, notamment, interdire le passage de &#8220;navires hostiles&#8221;. Le projet pr\u00e9voit aussi que les droits de passage soient vers\u00e9s dans la monnaie locale, le rial iranien.<\/p>\n<\/div>\n<\/div>\n<div id=\"live_post_EVMOH6E0K2CJ4A8\">\n<div class=\"live-post__content\">\n<h2 class=\"live-post__title\">Le pr\u00e9sident libanais\u00a0dit au Hezbollah que &#8220;la trahison&#8221; est d&#8217;entra\u00eener le pays dans la guerre<\/h2>\n<p class=\"live-post__amorce\">S&#8217;adressant au Hezbollah, le pr\u00e9sident libanais estime que la v\u00e9ritable &#8220;trahison&#8221; n&#8217;est pas de n\u00e9gocier avec Isra\u00ebl mais d&#8217;avoir entra\u00een\u00e9 le Liban dans la guerre. &#8220;Mon objectif est de parvenir \u00e0 la fin de l&#8217;\u00e9tat de guerre avec Isra\u00ebl, \u00e0 l&#8217;instar de l&#8217;accord d&#8217;armistice&#8221; entre le Liban et Isra\u00ebl en 1949, a d\u00e9clar\u00e9 dans un communiqu\u00e9 le pr\u00e9sident Joseph Aoun, en ajoutant &#8220;que je n&#8217;accepterai pas un accord humiliant&#8221;.<\/p>\n<p class=\"live-post__amorce\">R\u00e9pondant implicitement au mouvement pro-iranien Hezbollah qui refuse les n\u00e9gociations directes avec Isra\u00ebl, le dirigeant libanais a estim\u00e9 que &#8220;ceux qui nous ont entra\u00een\u00e9 dans la guerre au Liban nous demandent maintenant des comptes pour avoir d\u00e9cid\u00e9 de n\u00e9gocier&#8230; Ce que nous faisons n&#8217;est pas une trahison, la trahison est plut\u00f4t commise par ceux qui entra\u00eenent le pays dans une guerre au profit d&#8217;int\u00e9r\u00eat \u00e9trangers&#8221;.<\/p>\n<\/div>\n<\/div>\n<div id=\"live_post_EVMOH693OZIA8LH\">\n<div class=\"live-post__content\">\n<h2 class=\"live-post__title\">La compagnie Transavia contrainte d\u2019annuler des vols en mai et juin \u00e0 cause de la flamb\u00e9e du prix du k\u00e9ros\u00e8ne<\/h2>\n<p class=\"live-post__amorce\">En raison du blocage du d\u00e9troit d\u2019Ormuz, Transavia ajuste ses capacit\u00e9s pour les mois de mai et de juin \u00e0 cause du prix du k\u00e9ros\u00e8ne. Entre hausse des tarifs et risques de rationnement, le secteur a\u00e9rien europ\u00e9en se pr\u00e9pare \u00e0 un \u00e9t\u00e9 incertain. \ud83d\udc49 <a href=\"https:\/\/www.ladepeche.fr\/2026\/04\/27\/flambee-du-prix-du-kerosene-la-compagnie-transavia-contrainte-dannuler-des-vols-en-mai-et-juin-13345399.php\" target=\"_blank\" rel=\"noopener noreferrer nofollow\" class=\"\"><strong> Lire cet article<\/strong><\/a> .<\/p>\n<div class=\"center-align\" rel=\"js-article-inline-img\" data-protec-aida=\"image\">\n<figure class=\"std-img\" data-src=\"https:\/\/images.ladepeche.fr\/api\/v1\/images\/view\/69ef56d5fd67c55dbd089500\/original\/image.jpg?v=1\">\n        <img decoding=\"async\" class=\"std-img__img responsive-img\" src=\"http:\/\/pressactu.com\/wp-content\/uploads\/2026\/04\/1777327625_690_image.jpg?v=1\" alt=\"Selon la compagnie, ces annulations restent limit\u00e9es, touchant &quot;moins de 2\u00a0% du programme de vols sur la p\u00e9riode mai-juin&quot;.\"\/><figcaption class=\"article-full__media-infos\">\n                <span class=\"article-full__media-legend\">Selon la compagnie, ces annulations restent limit\u00e9es, touchant &#8220;moins de 2\u00a0% du programme de vols sur la p\u00e9riode mai-juin&#8221;.<\/span><br \/>\n                                    <span class=\"article-full__media-author\">imageBROKER<\/span><br \/>\n                            <\/figcaption><\/figure>\n<\/div>\n<\/div>\n<\/div>\n<div id=\"live_post_EVMOH3VYGY4EKKX\">\n<p><h2 class=\"live-post__title\">Le pr\u00e9sident libanais dit qu&#8217;il refusera tout accord &#8220;humiliant&#8221; avec Isra\u00ebl au terme des n\u00e9gociations\u00a0\u00a0<\/h2>\n<\/p>\n<\/div>\n<div id=\"live_post_EVMOGY3FPEOTG5S\">\n<div class=\"live-post__content\">\n<h2 class=\"live-post__title\">Le Hezbollah r\u00e9affirme son &#8220;refus cat\u00e9gorique&#8221; de n\u00e9gociations directes avec Isra\u00ebl<\/h2>\n<p class=\"live-post__amorce\">Le chef du Hezbollah, Na\u00efm Qassem, a r\u00e9affirm\u00e9 lundi son refus des n\u00e9gociations directes entre Beyrouth et Isra\u00ebl, les qualifiant de  <strong>&#8220;dangereux \u00e9cart&#8221;<\/strong>  qui risque d&#8217;entra\u00eener le Liban dans un  <strong>&#8220;cycle d&#8217;instabilit\u00e9&#8221;. <\/strong> <\/p>\n<p>&#8220;Nous refusons cat\u00e9goriquement de n\u00e9gocier directement avec Isra\u00ebl&#8221; et il est de la responsabilit\u00e9 du pouvoir libanais d&#8217;\u00e9viter une &#8220;erreur dangereuse qui entra\u00eene&#8221; le pays &#8220;dans un cycle d&#8217;instabilit\u00e9&#8221;, a d\u00e9clar\u00e9 le chef du groupe pro-iranien dans un communiqu\u00e9 lu sur la cha\u00eene al-Manar, qui lui est affili\u00e9e.<\/p>\n<p>&#8220;Ces n\u00e9gociations et leur r\u00e9sultat sont comme inexistantes et ne nous concernent ni de pr\u00e8s, ni de loin&#8221;, a-t-il indiqu\u00e9, avant d&#8217;ajouter:  &#8220;Nous poursuivons notre r\u00e9sistance pour d\u00e9fendre le Liban (&#8230;). Nous ne reculerons pas (face aux) menaces&#8221; isra\u00e9liennes.<\/p>\n<\/div>\n<\/div>\n<div id=\"live_post_EVMOGUA3OPTV4Y1\">\n<p><h2 class=\"live-post__title\">La s\u00e9curit\u00e9 du passage dans le d\u00e9troit d&#8217;Ormuz est une &#8220;question mondiale importante&#8221;, dit le chef de la diplomatie iranienne<\/h2>\n<\/p>\n<\/div>\n<div id=\"live_post_EVMOGTWTEPSIM05\">\n<div class=\"live-post__content\">\n<h2 class=\"live-post__title\">Le chef de la diplomatie iranienne accuse, depuis Saint-P\u00e9tersbourg, les Etats-Unis de l&#8217;\u00e9chec des discussions au Pakistan<\/h2>\n<p class=\"live-post__amorce\">Le ministre iranien des Affaires \u00e9trang\u00e8res a accus\u00e9 lundi les Etats-Unis d&#8217;\u00eatre responsables de l&#8217;\u00e9chec des pourparlers de paix au Pakistan, apr\u00e8s son arriv\u00e9e en Russie o\u00f9 il doit rencontrer le pr\u00e9sident Vladimir Poutine. <\/p>\n<p>&#8220;Les approches am\u00e9ricaines ont fait que le pr\u00e9c\u00e9dent cycle de n\u00e9gociations, malgr\u00e9 des progr\u00e8s, n&#8217;a pas atteint ses objectifs en raison d&#8217;exigences excessives&#8221;, a-t-il d\u00e9clar\u00e9, cit\u00e9 par les m\u00e9dias d&#8217;Etat iraniens. Il a \u00e9galement affirm\u00e9 que &#8220;la s\u00e9curit\u00e9 du passage dans le d\u00e9troit d&#8217;Ormuz est une question mondiale importante&#8221;, alors que les Etats-Unis et l&#8217;Iran poursuivent leurs blocus sur ce d\u00e9troit strat\u00e9gique.<\/p>\n<\/div>\n<\/div>\n<div id=\"live_post_EVMOGR5SYS60L34\">\n<div class=\"live-post__content\">\n<h2 class=\"live-post__title\">La guerre de Trump, un cadeau pour la Chine : la chronique &#8220;Sans filtre&#8221; de M\u00e9mona Hintermann<\/h2>\n<p class=\"live-post__amorce\">Sans filtre, la chronique de M\u00e9mona Hintermann, grand reporter, ancienne membre du Conseil sup\u00e9rieur de l\u2019audiovisuel. Aujourd\u2019hui, la guerre en Iran, Donald Trump et Xi Jinping.<\/p>\n<p><a href=\"https:\/\/www.ladepeche.fr\/2026\/04\/26\/la-guerre-de-trump-un-cadeau-pour-la-chine-la-chronique-sans-filtre-de-memona-hintermann-13341507.php\" target=\"_blank\" rel=\"noopener noreferrer nofollow\" class=\"\"><strong>\ud83d\udc49 Notre article ici <\/strong><\/a> <\/p>\n<\/div>\n<\/div>\n<div id=\"live_post_EVMOGR4XFWNHD3W\">\n<div class=\"live-post__content\">\n<h2 class=\"live-post__title\">Un week-end marqu\u00e9 par des frappes au Liban\u00a0<\/h2>\n<p class=\"live-post__amorce\">De nouvelles frappes isra\u00e9liennes ont vis\u00e9 samedi soir au moins quatre localit\u00e9s du sud du Liban, a \u00e9crit l&#8217;agence officielle Ani, apr\u00e8s des attaques qui avaient auparavant fait six morts selon les autorit\u00e9s libanaises. <\/p>\n<\/div>\n<\/div>\n<div id=\"live_post_EVMOGR449XR9RFX\">\n<div class=\"live-post__content\">\n<h2 class=\"live-post__title\">Le chef de la diplomatie iranienne arriv\u00e9 \u00e0 Saint-P\u00e9tersbourg pour s&#8217;entretenir avec Poutine<\/h2>\n<p class=\"live-post__amorce\">Le chef de la diplomatie iranienne Abbas Araghchi est arriv\u00e9 lundi \u00e0 Saint-P\u00e9tersbourg, en Russie, o\u00f9 il doit rencontrer Vladimir Poutine, nouvelle \u00e9tape d&#8217;un p\u00e9riple diplomatique concernant la guerre au Moyen-Orient, apr\u00e8s un rendez-vous manqu\u00e9 avec les Etats-Unis \u00e0 Islamabad.<\/p>\n<p>&#8220;Le ministre iranien des Affaires \u00e9trang\u00e8res, Seyyed Abbas Araghchi, est arriv\u00e9 \u00e0 Saint-P\u00e9tersbourg, en Russie, lundi matin, afin de rencontrer et de s&#8217;entretenir avec le pr\u00e9sident russe Vladimir Poutine&#8221;, ont indiqu\u00e9 plusieurs m\u00e9dias d&#8217;Etat iraniens.<\/p>\n<\/div>\n<\/div>\n<div id=\"live_post_EVMOGR3N0MEL8KA\">\n<div class=\"live-post__content\">\n<h2 class=\"live-post__title\">Bienvenue dans ce direct<\/h2>\n<p class=\"live-post__amorce\">Bonjour et bienvenue dans ce direct consacr\u00e9 \u00e0 la guerre au Moyen-Orient. <\/p>\n<\/div>\n<\/div>\n<p><a href=\"https:\/\/www.ladepeche.fr\/2026\/04\/27\/direct-guerre-au-moyen-orient-le-chef-de-la-diplomatie-iranienne-est-arrive-a-saint-petersbourg-pour-sentretenir-avec-poutine-13345408.php\">source<\/a><\/p>\n","protected":false},"excerpt":{"rendered":"<p>C&#8217;est la fin de ce direct Merci de nous avoir suivi Emmanuel Macron\u00a0promet d&#8217;\u00e9changer avec l&#8217;Iran pour &#8220;traiter le probl\u00e8me \u00e0 sa racine&#8221; et rouvrir le d\u00e9troit Le pr\u00e9sident fran\u00e7ais est revenu ce lundi sur le conflit au Moyen-Orient : ce dernier a promis d&#8217;\u00e9changer prochainement avec les autorit\u00e9s iraniennes pour &#8220;traiter le probl\u00e8me&#8221; de [&hellip;]<\/p>\n","protected":false},"author":1,"featured_media":129829,"comment_status":"open","ping_status":"open","sticky":false,"template":"","format":"standard","meta":{"_monsterinsights_skip_tracking":false,"_monsterinsights_sitenote_active":false,"_monsterinsights_sitenote_note":"","_monsterinsights_sitenote_category":0,"footnotes":""},"categories":[1],"tags":[],"coauthors":[77],"class_list":["post-129828","post","type-post","status-publish","format-standard","has-post-thumbnail","hentry","category-a-la-une"],"aioseo_notices":[],"_links":{"self":[{"href":"https:\/\/pressactu.com\/index.php?rest_route=\/wp\/v2\/posts\/129828","targetHints":{"allow":["GET"]}}],"collection":[{"href":"https:\/\/pressactu.com\/index.php?rest_route=\/wp\/v2\/posts"}],"about":[{"href":"https:\/\/pressactu.com\/index.php?rest_route=\/wp\/v2\/types\/post"}],"author":[{"embeddable":true,"href":"https:\/\/pressactu.com\/index.php?rest_route=\/wp\/v2\/users\/1"}],"replies":[{"embeddable":true,"href":"https:\/\/pressactu.com\/index.php?rest_route=%2Fwp%2Fv2%2Fcomments&post=129828"}],"version-history":[{"count":0,"href":"https:\/\/pressactu.com\/index.php?rest_route=\/wp\/v2\/posts\/129828\/revisions"}],"wp:featuredmedia":[{"embeddable":true,"href":"https:\/\/pressactu.com\/index.php?rest_route=\/wp\/v2\/media\/129829"}],"wp:attachment":[{"href":"https:\/\/pressactu.com\/index.php?rest_route=%2Fwp%2Fv2%2Fmedia&parent=129828"}],"wp:term":[{"taxonomy":"category","embeddable":true,"href":"https:\/\/pressactu.com\/index.php?rest_route=%2Fwp%2Fv2%2Fcategories&post=129828"},{"taxonomy":"post_tag","embeddable":true,"href":"https:\/\/pressactu.com\/index.php?rest_route=%2Fwp%2Fv2%2Ftags&post=129828"},{"taxonomy":"author","embeddable":true,"href":"https:\/\/pressactu.com\/index.php?rest_route=%2Fwp%2Fv2%2Fcoauthors&post=129828"}],"curies":[{"name":"wp","href":"https:\/\/api.w.org\/{rel}","templated":true}]}}