{"id":129823,"date":"2026-04-27T20:57:57","date_gmt":"2026-04-27T20:57:57","guid":{"rendered":"https:\/\/pressactu.com\/?p=129823"},"modified":"2026-04-27T20:57:57","modified_gmt":"2026-04-27T20:57:57","slug":"la-peine-la-plus-severe-lautomobiliste-de-21-ans-roulait-a-238-km-h-avec-le-bolide-de-son-pere-elle-est-condamnee-a-quatre-ans-de-prison-ferme","status":"publish","type":"post","link":"https:\/\/pressactu.com\/?p=129823","title":{"rendered":"&quot;La peine la plus s\u00e9v\u00e8re&quot;\u00a0: l\u2019automobiliste de 21 ans roulait \u00e0 238\u00a0km\/h avec le bolide de son p\u00e8re, elle est condamn\u00e9e \u00e0 quatre ans de prison ferme"},"content":{"rendered":"<p>\n                                                                    <span class=\"article-full__chapo-label hide-on-small-only\">l&#8217;essentiel<\/span><br \/>\n                                                                C\u2019est en portant plainte contre son ex-compagnon qu\u2019une conductrice de 25 ans a fini par \u00eatre rattrap\u00e9e par ses propres d\u00e9lits routiers. Pour avoir multipli\u00e9 les pointes \u00e0 plus de 200\u00a0km\/h afin de &#8220;lib\u00e9rer ses \u00e9motions&#8221;, elle \u00e9cope aujourd\u2019hui d\u2019une lourde peine de prison ferme.\n                            <\/p>\n<div rel=\"js-article-content\">\n                                                                                                                            <!-- Pub DFP Position [outstream] --><\/p>\n<p>Voil\u00e0 une d\u00e9cision de justice qui n\u2019a pas manqu\u00e9 de faire r\u00e9agir de l\u2019autre c\u00f4t\u00e9 des Alpes. Le tribunal f\u00e9d\u00e9ral suisse vient de condamner une jeune femme de 25 ans \u00e0 quatre ans de prison ferme. Cette derni\u00e8re \u00e9tait accus\u00e9e d\u2019avoir adopt\u00e9 un comportement particuli\u00e8rement dangereux sur les routes suisses, quatre ans plus t\u00f4t, au volant d\u2019une voiture de sport appartenant \u00e0 son p\u00e8re.<\/p>\n<p><!-- Pub DFP Position [article] --><\/p>\n<p><iframe width=\"600\" height=\"450\" style=\"border:0;\" allowfullscreen=\"\" loading=\"lazy\" referrerpolicy=\"no-referrer-when-downgrade\" data-src=\"https:\/\/www.google.com\/maps\/embed?pb=!1m18!1m12!1m3!1d21688.035098328502!2d8.835585665953387!3d47.19692666429129!2m3!1f0!2f0!3f0!3m2!1i1024!2i768!4f13.1!3m3!1m2!1s0x479ab6125fe81cd7%3A0xa6bc0f2e96a79755!2s8853%20Lachen%2C%20Suisse!5e0!3m2!1sfr!2sfr!4v1777311880379!5m2!1sfr!2sfr\"><\/iframe><\/p>\n<p>Comme le racontent nos confr\u00e8res de la\u00a0<em><a href=\"https:\/\/www.tagesanzeiger.ch\/118-km-h-zu-schnell-21-jaehrige-muss-4-jahre-ins-gefaengnis-437999712699https:\/\/www.tagesanzeiger.ch\/118-km-h-zu-schnell-21-jaehrige-muss-4-jahre-ins-gefaengnis-437999712699\" rel=\"noopener noreferrer\" target=\"_blank\">SonntagsZeitung<\/a><\/em>, cette jeune automobiliste \u00e9tait \u00e2g\u00e9e de 21 ans au moment des faits. En 2021, en plein \u00e9t\u00e9, cette derni\u00e8re roulait fr\u00e9quemment \u00e0 plus de 200\u00a0km\/h sur les routes suisses, dans la r\u00e9gion de Lachen. Cette derni\u00e8re, film\u00e9e par ses passagers, n\u2019h\u00e9sitait pas \u00e0 enregistrer\u00a0ses &#8220;exploits&#8221; sur son t\u00e9l\u00e9phone. Sur l\u2019une de ses vid\u00e9os, la jeune femme \u00e9tait film\u00e9e en train de conduire avec son pied gauche qui passait \u00e0 travers la fen\u00eatre.<\/p>\n<h2 class=\"txt-int\">Le besoin de &#8220;lib\u00e9rer ses \u00e9motions&#8221;<\/h2>\n<p>Le comble\u00a0? C\u2019est que ces vid\u00e9os ont \u00e9t\u00e9 d\u00e9couvertes par les autorit\u00e9s suisses alors que la jeune femme avait entam\u00e9 une proc\u00e9dure de justice \u00e0 l\u2019encontre de son ancien petit ami\u00a0: la police suisse avait alors proc\u00e9d\u00e9 \u00e0 une fouille de son t\u00e9l\u00e9phone. L\u2019automobiliste suisse \u2013 qui fr\u00e9quentait \u00e0 l\u2019\u00e9poque des fans de vitesse \u2013 avait par la suite \u00e9t\u00e9 convoqu\u00e9e par la justice en 2024\u00a0: somm\u00e9e de s\u2019expliquer sur ses exc\u00e8s, cette derni\u00e8re avait affirm\u00e9 avoir ressenti le besoin de &#8220;lib\u00e9rer ses \u00e9motions&#8221;.<\/p>\n<p class=\"std-elt__inline\">\n        <strong>\u00c0 lire aussi :<\/strong><br \/>\n        <a href=\"\/2026\/04\/21\/le-motard-intercepte-alors-quil-roulait-a-la-vitesse-delirante-de-274-kmh-sur-lautoroute-en-se-rendant-aux-24-heures-motos-du-mans-13336860.php\">Le motard intercept\u00e9 alors qu\u2019il roulait \u00e0 la vitesse d\u00e9lirante de 274\u00a0km\/h sur l\u2019autoroute\u2026 en se rendant aux 24\u00a0Heures Motos du\u00a0Mans<\/a>\n    <\/p>\n<p>Pas de quoi convaincre le tribunal f\u00e9d\u00e9ral qui a r\u00e9cemment rendu son verdict dans cette affaire\u00a0: la jeune femme, aujourd\u2019hui \u00e2g\u00e9e de 25 ans, a \u00e9t\u00e9 condamn\u00e9e\u00a0\u00e0 une peine de 4 ans de prison ferme. Elle devra \u00e9galement s\u2019acquitter d\u2019une amende de 3\u00a0000\u00a0francs suisses (soit 3\u00a0257\u00a0euros) au titre des frais de justice.<\/p>\n<\/p><\/div>\n<p><a href=\"https:\/\/www.ladepeche.fr\/2026\/04\/27\/la-peine-la-plus-severe-une-automobiliste-de-21-ans-interceptee-a-238-kmh-avec-le-bolide-de-son-pere-elle-est-condamnee-a-quatre-ans-de-prison-ferme-13346289.php\">source<\/a><\/p>\n","protected":false},"excerpt":{"rendered":"<p>l&#8217;essentiel C\u2019est en portant plainte contre son ex-compagnon qu\u2019une conductrice de 25 ans a fini par \u00eatre rattrap\u00e9e par ses propres d\u00e9lits routiers. Pour avoir multipli\u00e9 les pointes \u00e0 plus de 200\u00a0km\/h afin de &#8220;lib\u00e9rer ses \u00e9motions&#8221;, elle \u00e9cope aujourd\u2019hui d\u2019une lourde peine de prison ferme. Voil\u00e0 une d\u00e9cision de justice qui n\u2019a pas manqu\u00e9 [&hellip;]<\/p>\n","protected":false},"author":1,"featured_media":129824,"comment_status":"open","ping_status":"open","sticky":false,"template":"","format":"standard","meta":{"_monsterinsights_skip_tracking":false,"_monsterinsights_sitenote_active":false,"_monsterinsights_sitenote_note":"","_monsterinsights_sitenote_category":0,"footnotes":""},"categories":[74],"tags":[],"coauthors":[77],"class_list":["post-129823","post","type-post","status-publish","format-standard","has-post-thumbnail","hentry","category-economie"],"aioseo_notices":[],"_links":{"self":[{"href":"https:\/\/pressactu.com\/index.php?rest_route=\/wp\/v2\/posts\/129823","targetHints":{"allow":["GET"]}}],"collection":[{"href":"https:\/\/pressactu.com\/index.php?rest_route=\/wp\/v2\/posts"}],"about":[{"href":"https:\/\/pressactu.com\/index.php?rest_route=\/wp\/v2\/types\/post"}],"author":[{"embeddable":true,"href":"https:\/\/pressactu.com\/index.php?rest_route=\/wp\/v2\/users\/1"}],"replies":[{"embeddable":true,"href":"https:\/\/pressactu.com\/index.php?rest_route=%2Fwp%2Fv2%2Fcomments&post=129823"}],"version-history":[{"count":0,"href":"https:\/\/pressactu.com\/index.php?rest_route=\/wp\/v2\/posts\/129823\/revisions"}],"wp:featuredmedia":[{"embeddable":true,"href":"https:\/\/pressactu.com\/index.php?rest_route=\/wp\/v2\/media\/129824"}],"wp:attachment":[{"href":"https:\/\/pressactu.com\/index.php?rest_route=%2Fwp%2Fv2%2Fmedia&parent=129823"}],"wp:term":[{"taxonomy":"category","embeddable":true,"href":"https:\/\/pressactu.com\/index.php?rest_route=%2Fwp%2Fv2%2Fcategories&post=129823"},{"taxonomy":"post_tag","embeddable":true,"href":"https:\/\/pressactu.com\/index.php?rest_route=%2Fwp%2Fv2%2Ftags&post=129823"},{"taxonomy":"author","embeddable":true,"href":"https:\/\/pressactu.com\/index.php?rest_route=%2Fwp%2Fv2%2Fcoauthors&post=129823"}],"curies":[{"name":"wp","href":"https:\/\/api.w.org\/{rel}","templated":true}]}}