{"id":129819,"date":"2026-04-27T20:26:13","date_gmt":"2026-04-27T20:26:13","guid":{"rendered":"https:\/\/pressactu.com\/?p=129819"},"modified":"2026-04-27T20:26:13","modified_gmt":"2026-04-27T20:26:13","slug":"michael-olise-en-premier-league-pour-200-millions-deuros-pour-un-joueur-comme-lui-aucun-prix-ne-nous-fera-flancher-assure-le-bayern-munich","status":"publish","type":"post","link":"https:\/\/pressactu.com\/?p=129819","title":{"rendered":"Michael Olise en Premier League pour 200 millions d&#039;euros\u00a0? &quot;Pour un joueur comme lui, aucun prix ne nous fera flancher&quot;, assure le Bayern Munich"},"content":{"rendered":"<p>\n                                                                    <span class=\"article-full__chapo-label hide-on-small-only\">l&#8217;essentiel<\/span><br \/>\n                                                                Michael Olise, auteur d\u2019une saison exceptionnelle avec le Bayern Munich, int\u00e9resserait la Premier League. Le club bavarois serait-il pr\u00eat \u00e0 l\u00e2cher sa p\u00e9pite fran\u00e7aise\u00a0?\n                            <\/p>\n<div rel=\"js-article-content\">\n                                                                                                                            <!-- Pub DFP Position [outstream] --><\/p>\n<p>Michael Olise, auteur d\u2019une saison d\u00e9j\u00e0 exceptionnelle au Bayern Munich, va-t-il quitter la Bavi\u00e8re cet \u00e9t\u00e9\u00a0? Champion d\u2019Allemagne avec son club pour lequel il a marqu\u00e9 19 buts, le milieu offensif des Bleus serait dans le viseur de plusieurs clubs, notamment en Angleterre.<\/p>\n<p><!-- Pub DFP Position [article] --><\/p>\n<h2 class=\"txt-int\">&#8220;Nous n\u2019avons pas envisag\u00e9 son d\u00e9part une seconde&#8221;<\/h2>\n<p>Selon des rumeurs persistantes, Liverpool verrait en Olise le rempla\u00e7ant parfait pour Salah, qui partira cet \u00e9t\u00e9. &#8220;Michael Olise est absolument intouchable&#8221;, a rappel\u00e9\u00a0le\u00a0directeur sportif du Bayern, Max Eberl, sur la cha\u00eene\u00a0<a href=\"https:\/\/www.zdf.de\/\" target=\"_blank\">ZDF<\/a>. &#8220;Nous n\u2019avons pas envisag\u00e9 son d\u00e9part une seconde&#8221;.<\/p>\n<p>Le Bayern ne semble donc pas dispos\u00e9 \u00e0 laisser partir la p\u00e9pite des Bleus, recrut\u00e9 en 2024 pour 53\u00a0millions d\u2019euros et sous contrat jusqu\u2019en 2029. Karl-Heinz Rummenigge, dirigeant et l\u00e9gende du club, a appuy\u00e9 les propos de son directeur sportif dans une interview au m\u00e9dia <em><a href=\"https:\/\/www.t-online.de\/sport\/fussball\/bundesliga\/fc-bayern-muenchen\/id_101228728\/fc-bayern-karl-heinz-rummenigge-erklaert-michael-olise-fuer-unverkaeuflich.html\" target=\"_blank\">T-Online<\/a><\/em>.<\/p>\n<h2 class=\"txt-int\">200\u00a0millions pour Michael Olise\u00a0?<\/h2>\n<p>Qui dit int\u00e9r\u00eat de la Premier League, dit un potentiel record en mati\u00e8re d\u2019offre de transfert pour le joueur qui a explos\u00e9 en Angleterre\u00a0\u00e0 Crystal Palace. Une offre de 200\u00a0millions aurait \u00e9t\u00e9 \u00e9voqu\u00e9e sans que rien ne soit confirm\u00e9. Un tel montant pourrait-il faire flancher le Bayern\u00a0?<\/p>\n<p class=\"std-elt__inline\">\n        <strong>\u00c0 lire aussi :<\/strong><br \/>\n        <a href=\"\/2026\/03\/30\/colombie-france-heureusement-quil-saute-autrement-la-jambe-il-ne-lui-en-reste-plus-quune-deschamps-furieux-apres-lagression-dolise-13300065.php\">Colombie-France\u00a0: &#8220;Heureusement qu\u2019il saute, autrement la jambe, il ne lui en reste plus qu\u2019une\u00a0!&#8221; Deschamps furieux apr\u00e8s l\u2019agression d\u2019Olise<\/a>\n    <\/p>\n<p>Interrog\u00e9 sur cette somme d\u00e9mentielle, le dirigeant bavarois a r\u00e9pondu\u00a0: &#8220;En 2009, nous avions re\u00e7u une offre incroyable de Chelsea pour Franck Rib\u00e9ry. Cela aurait \u00e9t\u00e9 un nouveau record pour un montant de transfert\u201d. &#8220;Nous avons alors beaucoup discut\u00e9 et fini par prendre une d\u00e9cision fondamentale\u00a0: \u00e0 l\u2019avenir, on ne vendra jamais de joueur qui nous manquerait sur le terrain\u201d.<\/p>\n<p>Cette r\u00e8gle &#8220;non \u00e9crite&#8221; continue de s\u2019appliquer aujourd\u2019hui selon Rummenigge\u00a0: &#8220;Pour un joueur comme Olise, aucun prix ne nous fera flancher&#8221;.<\/p>\n<\/p><\/div>\n<p><a href=\"https:\/\/www.ladepeche.fr\/2026\/04\/27\/200-millions-deuros-pour-michael-olise-pour-un-joueur-comme-lui-aucun-prix-ne-nous-fera-flancher-assure-le-bayern-munich-13345855.php\">source<\/a><\/p>\n","protected":false},"excerpt":{"rendered":"<p>l&#8217;essentiel Michael Olise, auteur d\u2019une saison exceptionnelle avec le Bayern Munich, int\u00e9resserait la Premier League. Le club bavarois serait-il pr\u00eat \u00e0 l\u00e2cher sa p\u00e9pite fran\u00e7aise\u00a0? Michael Olise, auteur d\u2019une saison d\u00e9j\u00e0 exceptionnelle au Bayern Munich, va-t-il quitter la Bavi\u00e8re cet \u00e9t\u00e9\u00a0? Champion d\u2019Allemagne avec son club pour lequel il a marqu\u00e9 19 buts, le milieu [&hellip;]<\/p>\n","protected":false},"author":1,"featured_media":129820,"comment_status":"open","ping_status":"open","sticky":false,"template":"","format":"standard","meta":{"_monsterinsights_skip_tracking":false,"_monsterinsights_sitenote_active":false,"_monsterinsights_sitenote_note":"","_monsterinsights_sitenote_category":0,"footnotes":""},"categories":[71],"tags":[],"coauthors":[77],"class_list":["post-129819","post","type-post","status-publish","format-standard","has-post-thumbnail","hentry","category-sport"],"aioseo_notices":[],"_links":{"self":[{"href":"https:\/\/pressactu.com\/index.php?rest_route=\/wp\/v2\/posts\/129819","targetHints":{"allow":["GET"]}}],"collection":[{"href":"https:\/\/pressactu.com\/index.php?rest_route=\/wp\/v2\/posts"}],"about":[{"href":"https:\/\/pressactu.com\/index.php?rest_route=\/wp\/v2\/types\/post"}],"author":[{"embeddable":true,"href":"https:\/\/pressactu.com\/index.php?rest_route=\/wp\/v2\/users\/1"}],"replies":[{"embeddable":true,"href":"https:\/\/pressactu.com\/index.php?rest_route=%2Fwp%2Fv2%2Fcomments&post=129819"}],"version-history":[{"count":0,"href":"https:\/\/pressactu.com\/index.php?rest_route=\/wp\/v2\/posts\/129819\/revisions"}],"wp:featuredmedia":[{"embeddable":true,"href":"https:\/\/pressactu.com\/index.php?rest_route=\/wp\/v2\/media\/129820"}],"wp:attachment":[{"href":"https:\/\/pressactu.com\/index.php?rest_route=%2Fwp%2Fv2%2Fmedia&parent=129819"}],"wp:term":[{"taxonomy":"category","embeddable":true,"href":"https:\/\/pressactu.com\/index.php?rest_route=%2Fwp%2Fv2%2Fcategories&post=129819"},{"taxonomy":"post_tag","embeddable":true,"href":"https:\/\/pressactu.com\/index.php?rest_route=%2Fwp%2Fv2%2Ftags&post=129819"},{"taxonomy":"author","embeddable":true,"href":"https:\/\/pressactu.com\/index.php?rest_route=%2Fwp%2Fv2%2Fcoauthors&post=129819"}],"curies":[{"name":"wp","href":"https:\/\/api.w.org\/{rel}","templated":true}]}}