{"id":129817,"date":"2026-04-27T19:17:51","date_gmt":"2026-04-27T19:17:51","guid":{"rendered":"https:\/\/pressactu.com\/?p=129817"},"modified":"2026-04-27T19:17:51","modified_gmt":"2026-04-27T19:17:51","slug":"emmanuel-macron-en-ariege-il-y-a-une-mobilisation-generale-pour-que-ce-projet-puisse-etre-une-vitrine-nationale-chanvre-et-geotextile-quand-le-chef-de-letat","status":"publish","type":"post","link":"https:\/\/pressactu.com\/?p=129817","title":{"rendered":"Emmanuel Macron en Ari\u00e8ge\u00a0: &quot;Il y a une mobilisation g\u00e9n\u00e9rale pour que ce projet puisse \u00eatre une vitrine nationale&quot;\u00a0: chanvre et g\u00e9otextile\u2026 quand le chef de l\u2019\u00c9tat vante l\u2019ind\u00e9pendance industrielle du d\u00e9partement"},"content":{"rendered":"<p>\n                                                                    <span class=\"article-full__chapo-label hide-on-small-only\">l&#8217;essentiel<\/span><br \/>\n                                                                En d\u00e9placement en Ari\u00e8ge ce lundi 27\u00a0avril 2026, le pr\u00e9sident de la R\u00e9publique, Emmanuel Macron s\u2019est rendu \u00e0 Laroque d\u2019Olmes, o\u00f9 il a pos\u00e9 la premi\u00e8re pierre de la future usine Occitanie Geotex. Un projet marquant la r\u00e9industrialisation locale.\n                            <\/p>\n<div rel=\"js-article-content\" data-state=\"fixed-height\" data-selection=\"disabled\">\n                                                                                                                            <!-- Pub DFP Position [outstream] --><\/p>\n<p>Avant de se rendre en Andorre en tant que co-prince, Emmanuel Macron a fait escale en Ari\u00e8ge.\u00a0Ce lundi 27\u00a0avril, le pr\u00e9sident de la R\u00e9publique est arriv\u00e9 en h\u00e9licopt\u00e8re peu apr\u00e8s 10\u00a0heures. Il s\u2019est d\u2019abord rendu \u00e0 Laroque-d\u2019Olmes, o\u00f9 il a pos\u00e9 la premi\u00e8re pierre de la future\u00a0usine Occitanie Geotex. Celle-ci fabriquera, \u00e0 partir de fibres v\u00e9g\u00e9tales de chanvre et de laine produites par des agriculteurs de la r\u00e9gion, des g\u00e9otextiles pour la construction, les routes ou l\u2019agriculture.<\/p>\n<p><!-- Pub DFP Position [article] --><\/p>\n<p>Ce projet rappelle la p\u00e9riode faste de l\u2019industrie et du textile en Ari\u00e8ge, en particulier dans le pays d\u2019Olmes. Une industrie soutenue par la r\u00e9gion Occitanie qui a engag\u00e9 plus de 9\u00a0millions d\u2019euros pour la construction de cette usine, estim\u00e9e \u00e0 pr\u00e8s de 30\u00a0millions et \u00e9galement soutenue\u00a0par l\u2019\u00c9tat \u00e0 hauteur de 6\u00a0millions d\u2019euros.<\/p>\n<p><iframe width=\"600\" height=\"450\" style=\"border:0;\" allowfullscreen=\"\" loading=\"lazy\" referrerpolicy=\"no-referrer-when-downgrade\" data-src=\"https:\/\/www.google.com\/maps\/embed?pb=!1m18!1m12!1m3!1d46712.04203234642!2d1.8277079668327778!3d42.96768471931539!2m3!1f0!2f0!3f0!3m2!1i1024!2i768!4f13.1!3m3!1m2!1s0x12afa7a979b12145%3A0x1e9b60d9d2bc20d5!2s09600%20Laroque-d'Olmes!5e0!3m2!1sfr!2sfr!4v1777304172424!5m2!1sfr!2sfr\"><\/iframe><\/p>\n<h2 class=\"txt-int\">&#8220;Le projet dont on met la premi\u00e8re pierre a beaucoup de sens pour le territoire et le pays&#8221;<\/h2>\n<p>&#8220;Avec Occitanie G\u00e9otex, nous ne posons pas seulement la premi\u00e8re pierre d\u2019une usine, nous b\u00e2tissons une nouvelle industrie fran\u00e7aise\u00a0: plus souveraine, plus d\u00e9carbon\u00e9e et profond\u00e9ment ancr\u00e9e dans nos territoires. Ce projet prouve que la r\u00e9industrialisation n\u2019est pas un slogan\u00a0: quand on investit, quand on accompagne et quand on croit aux territoires, elle devient une r\u00e9alit\u00e9&#8221;, a d\u00e9clar\u00e9 Carole Delga, la pr\u00e9sidente de la r\u00e9gion Occitanie, repr\u00e9sent\u00e9e par Kamel Chibli ce lundi en Ari\u00e8ge.<\/p>\n<div class=\"center-align\" rel=\"js-article-inline-img\" data-protec-aida=\"image\">\n<figure class=\"std-img\" data-src=\"https:\/\/images.ladepeche.fr\/api\/v1\/images\/view\/69ef850f18cdeedf6f078a16\/original\/image.jpg?v=1\">\n        <img decoding=\"async\" class=\"std-img__img responsive-img\" src=\"http:\/\/pressactu.com\/wp-content\/uploads\/2026\/04\/1777317471_908_image.jpg?v=1\" alt=\"Emmanuel Macron a exp\u00e9riment\u00e9 les tissus de l\u2019entreprise Sage.\"\/><figcaption class=\"article-full__media-infos\">\n                <span class=\"article-full__media-legend\">Emmanuel Macron a exp\u00e9riment\u00e9 les tissus de l\u2019entreprise Sage.<\/span><br \/>\n                                    <span class=\"article-full__media-author\">DDM &#8211; St\u00e9phanie Leborne<\/span><br \/>\n                            <\/figcaption><\/figure>\n<\/div>\n<p class=\"std-elt__inline\">\n        <strong>\u00c0 lire aussi :<\/strong><br \/>\n        <a href=\"\/2026\/04\/27\/cest-un-projet-vertueux-souverain-et-industriel-quelle-est-cette-future-usine-quemmanuel-macron-vient-visiter-en-ariege-13344686.php\">&#8220;C\u2019est un projet vertueux, souverain et industriel&#8221;\u00a0: quelle est cette future usine qu\u2019Emmanuel Macron vient visiter en Ari\u00e8ge\u00a0?<\/a>\n    <\/p>\n<p>&#8220;Le projet dont on met la premi\u00e8re pierre a beaucoup de sens pour le territoire et le pays. D\u2019abord, il vient dire qu\u2019il n\u2019y a jamais de fatalit\u00e9. Je sais combien ces terres ont souffert de la d\u00e9sindustrialisation&#8221;, a soutenu Emmanuel Macron lors d\u2019une prise de parole au micro face \u00e0 divers acteurs du projet et en pr\u00e9sence de plusieurs \u00e9lus. Parmi eux, le pr\u00e9fet de l\u2019Ari\u00e8ge, Herv\u00e9 Brabant, ou encore Laurent Panifous, ministre charg\u00e9 des Relations avec le Parlement.<\/p>\n<h2 class=\"txt-int\">Un projet &#8220;coh\u00e9rent avec nos d\u00e9fis climatiques&#8221;<\/h2>\n<p>&#8220;Il y a une mobilisation g\u00e9n\u00e9rale pour que ce projet puisse \u00eatre une vitrine nationale sur le savoir-faire, la m\u00e9thodologie&#8221;, a affirm\u00e9 Victor Lamego, le patron de G\u00e9otex, rappelant les 40 emplois qui seront cr\u00e9\u00e9s gr\u00e2ce \u00e0 ce projet qui mobilisera &#8220;400 \u00e0 500 agriculteurs&#8221;.<\/p>\n<div class=\"center-align\" rel=\"js-article-inline-img\" data-protec-aida=\"image\">\n<figure class=\"std-img\" data-src=\"https:\/\/images.ladepeche.fr\/api\/v1\/images\/view\/69ef8514f15ea9ef4b054731\/original\/image.jpg?v=1\">\n        <img decoding=\"async\" class=\"std-img__img responsive-img\" src=\"http:\/\/pressactu.com\/wp-content\/uploads\/2026\/04\/1777317471_1_image.jpg?v=1\" alt=\"Emmanuel Macron lors de la pose de la premi\u00e8re pierre de la future usine Occitanie G\u00e9otex.\"\/><figcaption class=\"article-full__media-infos\">\n                <span class=\"article-full__media-legend\">Emmanuel Macron lors de la pose de la premi\u00e8re pierre de la future usine Occitanie G\u00e9otex.<\/span><br \/>\n                                    <span class=\"article-full__media-author\">DDM<\/span><br \/>\n                            <\/figcaption><\/figure>\n<\/div>\n<p class=\"std-elt__inline\">\n        <strong>\u00c0 lire aussi :<\/strong><br \/>\n        <a href=\"\/2026\/04\/27\/visite-demmanuel-macron-en-ariege-on-a-reussi-a-forcer-la-porte-pour-venir-les-syndicats-agricoles-recus-par-un-conseiller-du-president-13345543.php\">Visite d\u2019Emmanuel Macron en Ari\u00e8ge\u00a0: &#8220;On a r\u00e9ussi \u00e0 forcer la porte pour venir&#8221;\u00a0: les syndicats agricoles re\u00e7us par un conseiller du pr\u00e9sident<\/a>\n    <\/p>\n<p>Le pr\u00e9sident de la R\u00e9publique a lou\u00e9\u00a0un projet &#8220;coh\u00e9rent\u00a0avec nos d\u00e9fis climatiques&#8221; et vant\u00e9\u00a0le &#8220;combat pour l\u2019ind\u00e9pendance&#8221;\u00a0de la France. Avant son discours, Emmanuel Macron a visit\u00e9 l\u2019entreprise Sage. &#8220;Il\u00a0a eu droit \u00e0 toute une sc\u00e9nographie de G\u00e9otex sur l\u2019aventure du projet, la construction du site\u00a0destin\u00e9 \u00e0 une activit\u00e9 de diversification porteuse, \u00e9cologiquement vertueuse avec du circuit court. On a montr\u00e9 comment nous transformons les fils de chanvre en filets pour composer le sous-produit des g\u00e9otextiles de G\u00e9otex&#8221;, explique R\u00e9mi Dutrenois, responsable des ressources humaines chez Sage.<\/p>\n<p class=\"std-elt__inline\">\n        <strong>\u00c0 lire aussi :<\/strong><br \/>\n        <a href=\"\/2026\/04\/26\/emmanuel-macron-en-ariege-on-a-un-hopital-qui-nous-a-coute-cher-sans-urgences-a-la-veille-de-la-visite-du-chef-de-letat-a-lavelanet-les-habitants-13344576.php\">Emmanuel Macron en Ari\u00e8ge\u00a0: &#8220;On a un h\u00f4pital qui nous a co\u00fbt\u00e9 cher, sans urgences&#8221;\u00a0: \u00e0 la veille de la visite du chef de l\u2019\u00c9tat \u00e0 Lavelanet, les habitants attendent des r\u00e9ponses sur l\u2019acc\u00e8s aux soins<\/a>\n    <\/p>\n<p>G\u00e9otex vise un d\u00e9marrage d\u2019activit\u00e9 en janvier\u00a02027 alors que les chantiers de voirie et de terrassement du b\u00e2timent \u2013 d\u2019une surface totale de 10\u00a0000 m\u00e8tres carr\u00e9s \u2013 ont d\u00e9j\u00e0 commenc\u00e9 pour une mise \u00e0 disposition esp\u00e9r\u00e9e au cours de l\u2019\u00e9t\u00e9.<\/p>\n<\/p><\/div>\n<p><a href=\"https:\/\/www.ladepeche.fr\/2026\/04\/27\/emmanuel-macron-en-ariege-il-y-a-une-mobilisation-generale-pour-que-ce-projet-puisse-etre-une-vitrine-nationale-chanvre-et-geotextile-quand-le-chef-de-13345897.php\">source<\/a><\/p>\n","protected":false},"excerpt":{"rendered":"<p>l&#8217;essentiel En d\u00e9placement en Ari\u00e8ge ce lundi 27\u00a0avril 2026, le pr\u00e9sident de la R\u00e9publique, Emmanuel Macron s\u2019est rendu \u00e0 Laroque d\u2019Olmes, o\u00f9 il a pos\u00e9 la premi\u00e8re pierre de la future usine Occitanie Geotex. Un projet marquant la r\u00e9industrialisation locale. Avant de se rendre en Andorre en tant que co-prince, Emmanuel Macron a fait escale [&hellip;]<\/p>\n","protected":false},"author":1,"featured_media":129818,"comment_status":"open","ping_status":"open","sticky":false,"template":"","format":"standard","meta":{"_monsterinsights_skip_tracking":false,"_monsterinsights_sitenote_active":false,"_monsterinsights_sitenote_note":"","_monsterinsights_sitenote_category":0,"footnotes":""},"categories":[74],"tags":[],"coauthors":[77],"class_list":["post-129817","post","type-post","status-publish","format-standard","has-post-thumbnail","hentry","category-economie"],"aioseo_notices":[],"_links":{"self":[{"href":"https:\/\/pressactu.com\/index.php?rest_route=\/wp\/v2\/posts\/129817","targetHints":{"allow":["GET"]}}],"collection":[{"href":"https:\/\/pressactu.com\/index.php?rest_route=\/wp\/v2\/posts"}],"about":[{"href":"https:\/\/pressactu.com\/index.php?rest_route=\/wp\/v2\/types\/post"}],"author":[{"embeddable":true,"href":"https:\/\/pressactu.com\/index.php?rest_route=\/wp\/v2\/users\/1"}],"replies":[{"embeddable":true,"href":"https:\/\/pressactu.com\/index.php?rest_route=%2Fwp%2Fv2%2Fcomments&post=129817"}],"version-history":[{"count":0,"href":"https:\/\/pressactu.com\/index.php?rest_route=\/wp\/v2\/posts\/129817\/revisions"}],"wp:featuredmedia":[{"embeddable":true,"href":"https:\/\/pressactu.com\/index.php?rest_route=\/wp\/v2\/media\/129818"}],"wp:attachment":[{"href":"https:\/\/pressactu.com\/index.php?rest_route=%2Fwp%2Fv2%2Fmedia&parent=129817"}],"wp:term":[{"taxonomy":"category","embeddable":true,"href":"https:\/\/pressactu.com\/index.php?rest_route=%2Fwp%2Fv2%2Fcategories&post=129817"},{"taxonomy":"post_tag","embeddable":true,"href":"https:\/\/pressactu.com\/index.php?rest_route=%2Fwp%2Fv2%2Ftags&post=129817"},{"taxonomy":"author","embeddable":true,"href":"https:\/\/pressactu.com\/index.php?rest_route=%2Fwp%2Fv2%2Fcoauthors&post=129817"}],"curies":[{"name":"wp","href":"https:\/\/api.w.org\/{rel}","templated":true}]}}