{"id":129813,"date":"2026-04-27T18:46:11","date_gmt":"2026-04-27T18:46:11","guid":{"rendered":"https:\/\/pressactu.com\/?p=129813"},"modified":"2026-04-27T18:46:11","modified_gmt":"2026-04-27T18:46:11","slug":"bachar-al-assad-retraite-doree-jeux-video-ophtalmologie-que-devient-lex-dictateur-responsable-de-500-000-morts-alors-que-son-proces-debute-en-syrie","status":"publish","type":"post","link":"https:\/\/pressactu.com\/?p=129813","title":{"rendered":"Bachar al-Assad\u00a0: retraite dor\u00e9e, jeux vid\u00e9o, ophtalmologie\u2026 que devient l\u2019ex-dictateur responsable de 500\u00a0000 morts, alors que son proc\u00e8s d\u00e9bute en Syrie\u00a0?"},"content":{"rendered":"<p>\n                                                                    <span class=\"article-full__chapo-label hide-on-small-only\">l&#8217;essentiel<\/span><br \/>\n                                                                Alors que le proc\u00e8s de Bachar Al-Assad s\u2019est ouvert par contumace \u00e0 Damas le 26\u00a0avril 2026, l\u2019ancien dirigeant syrien m\u00e8ne une existence prot\u00e9g\u00e9e et luxueuse en Russie. Entre villas fortifi\u00e9es \u00e0 Moscou et retour \u00e0 l\u2019ophtalmologie, le clan Assad jouit d\u2019une retraite dor\u00e9e sous l\u2019\u0153il vigilant du Kremlin, loin des tribunaux de la transition syrienne.\n                            <\/p>\n<div rel=\"js-article-content\">\n                                                                                                                            <!-- Pub DFP Position [outstream] --><\/p>\n<p>La justice finit toujours par frapper \u00e0 la porte, m\u00eame si l\u2019accus\u00e9 est \u00e0 2\u00a0500 kilom\u00e8tres de l\u00e0. Tandis que les premiers proc\u00e8s de la justice transitionnelle commencent en Syrie pour juger les crimes de guerre du r\u00e9gime d\u00e9chu, Bachar al-Assad demeure introuvable dans son pays, abrit\u00e9 par son alli\u00e9 de toujours, Vladimir Poutine.<\/p>\n<p><!-- Pub DFP Position [article] --><\/p>\n<h2 class=\"txt-chapitre\">Un proc\u00e8s historique sans les principaux coupables<\/h2>\n<p>L\u2019heure des comptes a sonn\u00e9 au palais de justice de Damas. Ce dimanche 26\u00a0avril, une audience pr\u00e9liminaire a marqu\u00e9 l\u2019ouverture du proc\u00e8s contre Bachar al-Assad, son fr\u00e8re Maher et leur entourage pour les exactions commises depuis 2011. Si le cousin du dictateur, Atef Najib, a comparu &#8220;menott\u00e9 et en tenue ray\u00e9e de prisonnier&#8221;, les deux fr\u00e8res Assad seront jug\u00e9s par contumace, selon l\u2019AFP. Le juge Fakhr al-Din al-Aryan a \u00e9t\u00e9 clair\u00a0: &#8220;Aujourd\u2019hui, nous entamons les premiers proc\u00e8s relevant de la justice transitionnelle en Syrie&#8221;.<\/p>\n<h2 class=\"txt-chapitre\">La vie de ch\u00e2teau dans la banlieue de Moscou<\/h2>\n<p>Pendant que ses anciens subordonn\u00e9s font face aux juges, Bachar al-Assad profite du faste moscovite. Selon le <a href=\"https:\/\/www.nytimes.com\/2025\/12\/22\/world\/middleeast\/assad-syria-exile-luxury.html\" target=\"_blank\"><em>New York Times<\/em><\/a>, apr\u00e8s la chute du r\u00e9gime syrien, fin 2024, le clan a d\u2019abord s\u00e9journ\u00e9 dans des r\u00e9sidences du Four Seasons \u00e0 13\u00a0000\u00a0dollars la semaine avant de s\u2019installer \u00e0 la Roublevka, le quartier ultra-s\u00e9lect des oligarques.<\/p>\n<p>Entre des d\u00eeners au restaurant Sixty au 62e \u00e9tage d\u2019un gratte-ciel et des r\u00e9ceptions extravagantes pour les 22 ans de sa fille Zein, l\u2019exil ressemble fort \u00e0 une &#8220;retraite dor\u00e9e&#8221;. Sa fortune familiale, estim\u00e9e entre un et deux milliards de dollars, semblait \u00eatre rest\u00e9e intacte au d\u00e9but de cette ann\u00e9e.<\/p>\n<h2 class=\"txt-chapitre\">Silence politique et retour au scalpel<\/h2>\n<p>La protection russe a toutefois un prix\u00a0: l\u2019effacement total. Le Kremlin impose un silence m\u00e9diatique absolu \u00e0 l\u2019ancien dictateur. Devenu &#8220;insignifiant&#8221; aux yeux de Poutine, selon <a href=\"https:\/\/www.theguardian.com\/world\/2025\/dec\/15\/assad-family-live-in-russian-luxury-as-bashar-brushes-up-on-ophthalmology\" target=\"_blank\"><em>The Guardian<\/em><\/a>, l\u2019ex-dirigeant s\u2019adonnerait \u00e0 de nouveaux passe-temps\u00a0: les jeux vid\u00e9o ou encore la reprise de ses \u00e9tudes d\u2019ophtalmologie, sa profession initiale.<\/p>\n<p>Un proche confie m\u00eame qu\u2019il pourrait envisager de &#8220;pratiquer aupr\u00e8s d\u2019une client\u00e8le ais\u00e9e en Russie&#8221;. Une reconversion pacifique qui contraste violemment avec les 500\u00a0000 morts laiss\u00e9s derri\u00e8re lui en Syrie.<\/p>\n<\/p><\/div>\n<p><a href=\"https:\/\/www.ladepeche.fr\/2026\/04\/27\/bachar-al-assad-retraite-doree-jeux-video-ophtalmologie-que-devient-lex-dictateur-responsable-de-500-000-morts-alors-que-son-proces-debute-en-syrie-13345672.php\">source<\/a><\/p>\n","protected":false},"excerpt":{"rendered":"<p>l&#8217;essentiel Alors que le proc\u00e8s de Bachar Al-Assad s\u2019est ouvert par contumace \u00e0 Damas le 26\u00a0avril 2026, l\u2019ancien dirigeant syrien m\u00e8ne une existence prot\u00e9g\u00e9e et luxueuse en Russie. Entre villas fortifi\u00e9es \u00e0 Moscou et retour \u00e0 l\u2019ophtalmologie, le clan Assad jouit d\u2019une retraite dor\u00e9e sous l\u2019\u0153il vigilant du Kremlin, loin des tribunaux de la transition [&hellip;]<\/p>\n","protected":false},"author":1,"featured_media":129814,"comment_status":"open","ping_status":"open","sticky":false,"template":"","format":"standard","meta":{"_monsterinsights_skip_tracking":false,"_monsterinsights_sitenote_active":false,"_monsterinsights_sitenote_note":"","_monsterinsights_sitenote_category":0,"footnotes":""},"categories":[1],"tags":[],"coauthors":[77],"class_list":["post-129813","post","type-post","status-publish","format-standard","has-post-thumbnail","hentry","category-a-la-une"],"aioseo_notices":[],"_links":{"self":[{"href":"https:\/\/pressactu.com\/index.php?rest_route=\/wp\/v2\/posts\/129813","targetHints":{"allow":["GET"]}}],"collection":[{"href":"https:\/\/pressactu.com\/index.php?rest_route=\/wp\/v2\/posts"}],"about":[{"href":"https:\/\/pressactu.com\/index.php?rest_route=\/wp\/v2\/types\/post"}],"author":[{"embeddable":true,"href":"https:\/\/pressactu.com\/index.php?rest_route=\/wp\/v2\/users\/1"}],"replies":[{"embeddable":true,"href":"https:\/\/pressactu.com\/index.php?rest_route=%2Fwp%2Fv2%2Fcomments&post=129813"}],"version-history":[{"count":0,"href":"https:\/\/pressactu.com\/index.php?rest_route=\/wp\/v2\/posts\/129813\/revisions"}],"wp:featuredmedia":[{"embeddable":true,"href":"https:\/\/pressactu.com\/index.php?rest_route=\/wp\/v2\/media\/129814"}],"wp:attachment":[{"href":"https:\/\/pressactu.com\/index.php?rest_route=%2Fwp%2Fv2%2Fmedia&parent=129813"}],"wp:term":[{"taxonomy":"category","embeddable":true,"href":"https:\/\/pressactu.com\/index.php?rest_route=%2Fwp%2Fv2%2Fcategories&post=129813"},{"taxonomy":"post_tag","embeddable":true,"href":"https:\/\/pressactu.com\/index.php?rest_route=%2Fwp%2Fv2%2Ftags&post=129813"},{"taxonomy":"author","embeddable":true,"href":"https:\/\/pressactu.com\/index.php?rest_route=%2Fwp%2Fv2%2Fcoauthors&post=129813"}],"curies":[{"name":"wp","href":"https:\/\/api.w.org\/{rel}","templated":true}]}}