{"id":129811,"date":"2026-04-27T18:46:08","date_gmt":"2026-04-27T18:46:08","guid":{"rendered":"https:\/\/pressactu.com\/?p=129811"},"modified":"2026-04-27T18:46:08","modified_gmt":"2026-04-27T18:46:08","slug":"il-seffondre-en-pleine-course-universitaire-un-jeune-etudiant-de-20-ans-decede-subitement-lors-dun-championnat-dathletisme","status":"publish","type":"post","link":"https:\/\/pressactu.com\/?p=129811","title":{"rendered":"Il s\u2019effondre en pleine course universitaire, un jeune \u00e9tudiant de 20 ans d\u00e9c\u00e8de subitement lors d\u2019un championnat d\u2019athl\u00e9tisme"},"content":{"rendered":"<p>\n                                                                    <span class=\"article-full__chapo-label hide-on-small-only\">l&#8217;essentiel<\/span><br \/>\n                                                                En Louisiane, Graycen Vargo, un \u00e9tudiant-athl\u00e8te en troisi\u00e8me ann\u00e9e d\u2019informatique \u00e0 l\u2019universit\u00e9 de Texarkana, s\u2019est effondr\u00e9 en pleine course. Malgr\u00e9 une prise en charge imm\u00e9diate, le jeune gar\u00e7on de 20 ans est d\u00e9c\u00e9d\u00e9 des suites de son malaise.\n                            <\/p>\n<div rel=\"js-article-content\">\n                                                                                                                            <!-- Pub DFP Position [outstream] --><\/p>\n<p>La fin de la semaine a \u00e9t\u00e9 tragique pour la famille de Graycen Vargo. Ce vendredi 24\u00a0avril en apr\u00e8s-midi, alors qu\u2019il participait \u00e0 une comp\u00e9tition du championnat d\u2019athl\u00e9tisme de la Red River Athletic Conference, en Louisiane, l\u2019\u00e9tudiant s\u2019est effondr\u00e9\u00a0en pleine comp\u00e9tition.<\/p>\n<p><!-- Pub DFP Position [article] --><\/p>\n<p>M\u00eame s\u2019il a re\u00e7u des soins m\u00e9dicaux sur place, il a \u00e9t\u00e9 transf\u00e9r\u00e9 d\u2019urgence dans un h\u00f4pital de proximit\u00e9, o\u00f9 il est mort.<\/p>\n<p class=\"std-elt__inline\">\n        <strong>\u00c0 lire aussi :<\/strong><br \/>\n        <a href=\"\/2026\/04\/27\/il-devalait-la-face-nord-de-laiguille-du-midi-le-corps-dun-skieur-americain-de-35-ans-retrouve-1-000-metres-plus-bas-apres-un-dramatique-accident-13345745.php\">Il d\u00e9valait la face nord de l\u2019Aiguille du Midi\u00a0: le corps d\u2019un skieur am\u00e9ricain de 35 ans retrouv\u00e9 1\u00a0000 m\u00e8tres plus bas apr\u00e8s un dramatique accident<\/a>\n    <\/p>\n<p>Originaire de Dallas, au Texas, l\u2019\u00e9tudiant en troisi\u00e8me ann\u00e9e d\u2019informatique \u00e9tait r\u00e9guli\u00e8rement honor\u00e9 par son universit\u00e9, du fait de ses nombreuses implications dans la vie du campus. Il avait re\u00e7u le prix Eagle pour sa pratique du cross-country, un prix d\u2019excellence qui visait \u00e0 valoriser annuellement les sportifs de l\u2019universit\u00e9.<\/p>\n<h2 class=\"txt-int\">L\u2019universit\u00e9 en deuil, le pr\u00e9sident pr\u00e9sente ses condol\u00e9ances aux proches du d\u00e9funt<\/h2>\n<p>&#8220;Graycen \u00e9tait un membre respect\u00e9 du corps \u00e9tudiant et un membre tr\u00e8s appr\u00e9ci\u00e9 des \u00e9quipes de cross-country et d\u2019athl\u00e9tisme. Sa pr\u00e9sence manquera beaucoup \u00e0 la communaut\u00e9 universitaire&#8221;, a communiqu\u00e9 le pr\u00e9sident de l\u2019universit\u00e9, Ross Alexander, pour <a href=\"https:\/\/txktoday.com\/news\/am-texarkana-student-athlete-passes-away-after-suffering-a-medical-emergency-during-competition\/?utm_source=chatgpt.com\" target=\"_blank\"><em>Txk Today<\/em><\/a>.<\/p>\n<p>Le directeur des sports, Ryan Wall, a aussi tenu \u00e0 exprimer son soutien \u00e0 la famille\u00a0: &#8220;Nos pri\u00e8res accompagnent la famille Vargo et tous ceux qui connaissaient Graycen, en cette p\u00e9riode difficile&#8221;.<\/p>\n<p class=\"std-elt__inline\">\n        <strong>\u00c0 lire aussi :<\/strong><br \/>\n        <a href=\"\/2026\/04\/27\/elle-oublie-quatre-ans-de-sa-vie-apres-un-terrible-accident-de-velo-a-lage-de-19-ans-une-championne-paralympique-bouleverse-laustralie-13345635.php\">Elle oublie quatre ans de sa vie apr\u00e8s un terrible accident de v\u00e9lo \u00e0 l\u2019\u00e2ge de 19 ans, une championne paralympique bouleverse l\u2019Australie<\/a>\n    <\/p>\n<p>Si les causes exactes de la mort de l\u2019\u00e9tudiant demeurent inconnues, il n\u2019est pas rare que des personnes d\u00e9c\u00e8dent tragiquement lors de leur pratique sportive. En France, chaque ann\u00e9e, on recense en moyenne 1\u00a0000 d\u00e9c\u00e8s survenus pendant ou l\u2019heure qui suit une activit\u00e9 sportive.<\/p>\n<\/p><\/div>\n<p><a href=\"https:\/\/www.ladepeche.fr\/2026\/04\/27\/il-seffondre-en-pleine-course-universitaire-un-jeune-etudiant-de-20-ans-decede-subitement-lors-dun-championnat-dathletisme-13345857.php\">source<\/a><\/p>\n","protected":false},"excerpt":{"rendered":"<p>l&#8217;essentiel En Louisiane, Graycen Vargo, un \u00e9tudiant-athl\u00e8te en troisi\u00e8me ann\u00e9e d\u2019informatique \u00e0 l\u2019universit\u00e9 de Texarkana, s\u2019est effondr\u00e9 en pleine course. Malgr\u00e9 une prise en charge imm\u00e9diate, le jeune gar\u00e7on de 20 ans est d\u00e9c\u00e9d\u00e9 des suites de son malaise. La fin de la semaine a \u00e9t\u00e9 tragique pour la famille de Graycen Vargo. Ce vendredi [&hellip;]<\/p>\n","protected":false},"author":1,"featured_media":129812,"comment_status":"open","ping_status":"open","sticky":false,"template":"","format":"standard","meta":{"_monsterinsights_skip_tracking":false,"_monsterinsights_sitenote_active":false,"_monsterinsights_sitenote_note":"","_monsterinsights_sitenote_category":0,"footnotes":""},"categories":[71],"tags":[],"coauthors":[77],"class_list":["post-129811","post","type-post","status-publish","format-standard","has-post-thumbnail","hentry","category-sport"],"aioseo_notices":[],"_links":{"self":[{"href":"https:\/\/pressactu.com\/index.php?rest_route=\/wp\/v2\/posts\/129811","targetHints":{"allow":["GET"]}}],"collection":[{"href":"https:\/\/pressactu.com\/index.php?rest_route=\/wp\/v2\/posts"}],"about":[{"href":"https:\/\/pressactu.com\/index.php?rest_route=\/wp\/v2\/types\/post"}],"author":[{"embeddable":true,"href":"https:\/\/pressactu.com\/index.php?rest_route=\/wp\/v2\/users\/1"}],"replies":[{"embeddable":true,"href":"https:\/\/pressactu.com\/index.php?rest_route=%2Fwp%2Fv2%2Fcomments&post=129811"}],"version-history":[{"count":0,"href":"https:\/\/pressactu.com\/index.php?rest_route=\/wp\/v2\/posts\/129811\/revisions"}],"wp:featuredmedia":[{"embeddable":true,"href":"https:\/\/pressactu.com\/index.php?rest_route=\/wp\/v2\/media\/129812"}],"wp:attachment":[{"href":"https:\/\/pressactu.com\/index.php?rest_route=%2Fwp%2Fv2%2Fmedia&parent=129811"}],"wp:term":[{"taxonomy":"category","embeddable":true,"href":"https:\/\/pressactu.com\/index.php?rest_route=%2Fwp%2Fv2%2Fcategories&post=129811"},{"taxonomy":"post_tag","embeddable":true,"href":"https:\/\/pressactu.com\/index.php?rest_route=%2Fwp%2Fv2%2Ftags&post=129811"},{"taxonomy":"author","embeddable":true,"href":"https:\/\/pressactu.com\/index.php?rest_route=%2Fwp%2Fv2%2Fcoauthors&post=129811"}],"curies":[{"name":"wp","href":"https:\/\/api.w.org\/{rel}","templated":true}]}}