{"id":129807,"date":"2026-04-27T17:05:50","date_gmt":"2026-04-27T17:05:50","guid":{"rendered":"https:\/\/pressactu.com\/?p=129807"},"modified":"2026-04-27T17:05:50","modified_gmt":"2026-04-27T17:05:50","slug":"visite-demmanuel-macron-en-andorre-quel-est-ce-collier-dore-porte-par-le-chef-de-letat-a-la-sortie-de-lhelicoptere-presidentiel","status":"publish","type":"post","link":"https:\/\/pressactu.com\/?p=129807","title":{"rendered":"Visite d\u2019Emmanuel Macron en Andorre\u00a0: quel est ce collier dor\u00e9 port\u00e9 par le chef de l\u2019\u00c9tat \u00e0 la sortie de l\u2019h\u00e9licopt\u00e8re pr\u00e9sidentiel"},"content":{"rendered":"<p>\n                                                                    <span class=\"article-full__chapo-label hide-on-small-only\">l&#8217;essentiel<\/span><br \/>\n                                                                Lors de sa visite en Andorre ce lundi 27\u00a0avril 2026, Emmanuel Macron est apparu avec un collier dor\u00e9. Loin d\u2019un symbole ostentatoire, cet insigne protocolaire rappelle son r\u00f4le de coprince de la principaut\u00e9, h\u00e9rit\u00e9 d\u2019une tradition politique remontant au XIIIe\u00a0si\u00e8cle.\n                            <\/p>\n<div rel=\"js-article-content\" data-state=\"fixed-height\" data-selection=\"disabled\">\n                                                                                                                            <!-- Pub DFP Position [outstream] --><\/p>\n<p>\u00c0 sa descente d\u2019h\u00e9licopt\u00e8re, ce lundi 27\u00a0avril 2026, en Andorre, un d\u00e9tail n\u2019a pas \u00e9chapp\u00e9 aux observateurs\u00a0: Emmanuel Macron appara\u00eet bri\u00e8vement par\u00e9 d\u2019un collier dor\u00e9, qu\u2019il ajuste rapidement avant d\u2019aller saluer le chef du gouvernement andorran. Loin d\u2019un accessoire ostentatoire, ce bijou protocolaire renvoie \u00e0 une fonction m\u00e9connue du chef de l\u2019\u00c9tat fran\u00e7ais\u00a0: celle de coprince d\u2019Andorre.<\/p>\n<p><!-- Pub DFP Position [article] --><\/p>\n<p>Ce titre, qu\u2019il partage avec l\u2019\u00e9v\u00eaque d\u2019Urgell, Josep-Llu\u00eds Serrano Pentinat, s\u2019inscrit dans une tradition s\u00e9culaire. Depuis 1278, la France exerce en effet une forme de &#8220;cosuzerainet\u00e9&#8221; sur la principaut\u00e9 pyr\u00e9n\u00e9enne. Ainsi, depuis son entr\u00e9e en fonction le 14\u00a0mai 2017, Emmanuel Macron est, ex officio, coprince d\u2019Andorre, au m\u00eame titre que son homologue \u00e9piscopal.<\/p>\n<div class=\"center-align\" rel=\"js-article-inline-img\" data-protec-aida=\"image\">\n<figure class=\"std-img\" data-src=\"https:\/\/images.ladepeche.fr\/api\/v1\/images\/view\/69ef7c205cd5f027d303ef14\/original\/image.png?v=1\">\n        <img decoding=\"async\" class=\"std-img__img responsive-img\" src=\"http:\/\/pressactu.com\/wp-content\/uploads\/2026\/04\/1777309546_810_image.png?v=1\" alt=\"Emmanuel Macron lors de sa visite officielle en Andorre ce lundi 27\u00a0avril 2026.\"\/><figcaption class=\"article-full__media-infos\">\n                <span class=\"article-full__media-legend\">Emmanuel Macron lors de sa visite officielle en Andorre ce lundi 27\u00a0avril 2026.<\/span><br \/>\n                                    <span class=\"article-full__media-author\">RTVA<\/span><br \/>\n                            <\/figcaption><\/figure>\n<\/div>\n<h2 class=\"txt-int\">Portrait officiel de coprince<\/h2>\n<p>Cette particularit\u00e9 institutionnelle se refl\u00e8te jusque dans la repr\u00e9sentation officielle du pr\u00e9sident fran\u00e7ais. Emmanuel Macron se distingue de ses pr\u00e9d\u00e9cesseurs en \u00e9tant le seul \u00e0 disposer d\u2019un portrait sp\u00e9cifique li\u00e9 \u00e0 cette fonction. Sur ce clich\u00e9, il pose aux c\u00f4t\u00e9s du drapeau andorran \u2014 bleu, jaune et rouge \u2014 arborant pr\u00e9cis\u00e9ment ce collier de coprince.<br \/>L\u2019histoire de cette double souverainet\u00e9 se lit \u00e9galement dans les armoiries de la principaut\u00e9.<\/p>\n<p>Le blason d\u2019Andorre est traditionnellement divis\u00e9 en quatre quartiers, chacun symbolisant les h\u00e9ritages des deux coprinces. On y retrouve notamment les insignes de l\u2019\u00e9piscopat \u2014 mitre et crosse sur fond rouge \u2014 associ\u00e9s \u00e0 La Seu d\u2019Urgell, mais aussi les armes de l\u2019ancien comt\u00e9 de Foix, aujourd\u2019hui en Ari\u00e8ge. S\u2019y ajoutent celles de la principaut\u00e9 de Catalogne et de l\u2019ancienne vicomt\u00e9 du B\u00e9arn, situ\u00e9e dans les Pyr\u00e9n\u00e9es-Atlantiques, reconnaissable \u00e0 ses deux vaches embl\u00e9matiques.<\/p>\n<h2 class=\"txt-int\">Une dotation de plus de 350\u00a0000\u00a0euros<\/h2>\n<p>Ce syst\u00e8me politique repose sur un compromis remontant au XIIIe\u00a0si\u00e8cle, perp\u00e9tu\u00e9 jusqu\u2019\u00e0 aujourd\u2019hui. La Constitution andorrane de 1993 pr\u00e9cise d\u2019ailleurs que les coprinces disposent d\u2019une dotation destin\u00e9e au fonctionnement de leurs services, le montant s\u2019\u00e9l\u00e8ve \u00e0 353\u00a0753,88\u00a0euros. Les visites pr\u00e9sidentielles fran\u00e7aises dans la principaut\u00e9 s\u2019inscrivent, elles aussi, dans cette continuit\u00e9 historique. C\u2019est Charles de Gaulle qui, en 1967, fut le premier chef de l\u2019\u00c9tat \u00e0 se rendre \u00e0 Andorre-la-Vieille.<\/p>\n<p>Depuis, tous ses successeurs, \u00e0 l\u2019exception de Georges Pompidou, ont perp\u00e9tu\u00e9 cette tradition, rappelant \u00e0 chaque visite le lien singulier qui unit la France \u00e0 la principaut\u00e9.<\/p>\n<\/p><\/div>\n<p><a href=\"https:\/\/www.ladepeche.fr\/2026\/04\/27\/visite-demmanuel-macron-en-andorre-quel-est-ce-collier-dore-porte-par-le-chef-de-letat-a-la-sortie-de-lhelicoptere-presidentiel-13346077.php\">source<\/a><\/p>\n","protected":false},"excerpt":{"rendered":"<p>l&#8217;essentiel Lors de sa visite en Andorre ce lundi 27\u00a0avril 2026, Emmanuel Macron est apparu avec un collier dor\u00e9. Loin d\u2019un symbole ostentatoire, cet insigne protocolaire rappelle son r\u00f4le de coprince de la principaut\u00e9, h\u00e9rit\u00e9 d\u2019une tradition politique remontant au XIIIe\u00a0si\u00e8cle. \u00c0 sa descente d\u2019h\u00e9licopt\u00e8re, ce lundi 27\u00a0avril 2026, en Andorre, un d\u00e9tail n\u2019a pas [&hellip;]<\/p>\n","protected":false},"author":1,"featured_media":129808,"comment_status":"open","ping_status":"open","sticky":false,"template":"","format":"standard","meta":{"_monsterinsights_skip_tracking":false,"_monsterinsights_sitenote_active":false,"_monsterinsights_sitenote_note":"","_monsterinsights_sitenote_category":0,"footnotes":""},"categories":[1],"tags":[],"coauthors":[77],"class_list":["post-129807","post","type-post","status-publish","format-standard","has-post-thumbnail","hentry","category-a-la-une"],"aioseo_notices":[],"_links":{"self":[{"href":"https:\/\/pressactu.com\/index.php?rest_route=\/wp\/v2\/posts\/129807","targetHints":{"allow":["GET"]}}],"collection":[{"href":"https:\/\/pressactu.com\/index.php?rest_route=\/wp\/v2\/posts"}],"about":[{"href":"https:\/\/pressactu.com\/index.php?rest_route=\/wp\/v2\/types\/post"}],"author":[{"embeddable":true,"href":"https:\/\/pressactu.com\/index.php?rest_route=\/wp\/v2\/users\/1"}],"replies":[{"embeddable":true,"href":"https:\/\/pressactu.com\/index.php?rest_route=%2Fwp%2Fv2%2Fcomments&post=129807"}],"version-history":[{"count":0,"href":"https:\/\/pressactu.com\/index.php?rest_route=\/wp\/v2\/posts\/129807\/revisions"}],"wp:featuredmedia":[{"embeddable":true,"href":"https:\/\/pressactu.com\/index.php?rest_route=\/wp\/v2\/media\/129808"}],"wp:attachment":[{"href":"https:\/\/pressactu.com\/index.php?rest_route=%2Fwp%2Fv2%2Fmedia&parent=129807"}],"wp:term":[{"taxonomy":"category","embeddable":true,"href":"https:\/\/pressactu.com\/index.php?rest_route=%2Fwp%2Fv2%2Fcategories&post=129807"},{"taxonomy":"post_tag","embeddable":true,"href":"https:\/\/pressactu.com\/index.php?rest_route=%2Fwp%2Fv2%2Ftags&post=129807"},{"taxonomy":"author","embeddable":true,"href":"https:\/\/pressactu.com\/index.php?rest_route=%2Fwp%2Fv2%2Fcoauthors&post=129807"}],"curies":[{"name":"wp","href":"https:\/\/api.w.org\/{rel}","templated":true}]}}